{"id":5816,"date":"2025-11-02T00:51:54","date_gmt":"2025-11-02T00:51:54","guid":{"rendered":"https:\/\/ledenonciateur224.com\/?p=5816"},"modified":"2025-11-02T00:54:38","modified_gmt":"2025-11-02T00:54:38","slug":"presidentielle-2025-la-jeunesse-presidentielle-mobilise-1-milliard-de-francs-guineens-pour-soutenir-la-candidature-du-general-mamadi-doumbouya","status":"publish","type":"post","link":"https:\/\/ledenonciateur224.com\/index.php\/presidentielle-2025-la-jeunesse-presidentielle-mobilise-1-milliard-de-francs-guineens-pour-soutenir-la-candidature-du-general-mamadi-doumbouya\/","title":{"rendered":"Pr\u00e9sidentielle 2025 : la Jeunesse Pr\u00e9sidentielle mobilise 1 milliard de francs guin\u00e9ens pour soutenir la candidature du G\u00e9n\u00e9ral Mamadi Doumbouya"},"content":{"rendered":"<p><strong>Promesse faite, promesse tenue.<\/strong><\/p>\n<p><b><br \/>\n<\/b>La\u00a0<strong>Jeunesse Pr\u00e9sidentielle de Guin\u00e9e (JPG)<\/strong>\u00a0a franchi une \u00e9tape symbolique dans son engagement politique en mobilisant la\u00a0<strong>caution de 1 milliard de francs guin\u00e9ens<\/strong>\u00a0pour la candidature du\u00a0<strong>G\u00e9n\u00e9ral Mamadi Doumbouya<\/strong>\u00a0\u00e0 l\u2019\u00e9lection pr\u00e9sidentielle du\u00a0<strong>28 d\u00e9cembre 2025<\/strong>.<\/p>\n<p>L\u2019annonce a \u00e9t\u00e9 faite ce\u00a0<strong>samedi 1er novembre 2025<\/strong>, \u00e0 Conakry, lors d\u2019un\u00a0<strong>d\u00eener-gala de lev\u00e9e de fonds<\/strong>\u00a0organis\u00e9 par la Jeunesse Pr\u00e9sidentielle.<br \/>\nDevant un public nombreux et enthousiaste, le pr\u00e9sident de la JPG,\u00a0<strong>Ahmed S\u00e9kou Bangoura<\/strong>, a proc\u00e9d\u00e9 \u00e0 la\u00a0<strong>remise officielle d\u2019un ch\u00e8que d\u2019un milliard de francs guin\u00e9ens<\/strong>\u00a0au\u00a0<strong>Premier ministre<\/strong>, repr\u00e9sent\u00e9 pour l\u2019occasion par son\u00a0<strong>ministre directeur de cabinet<\/strong>.<\/p>\n<p><img loading=\"lazy\" decoding=\"async\" class=\"alignnone size-full wp-image-5819\" src=\"https:\/\/ledenonciateur224.com\/wp-content\/uploads\/2025\/11\/20251101-220215-scaled.jpg\" alt=\"\" width=\"2560\" height=\"1152\" srcset=\"https:\/\/ledenonciateur224.com\/wp-content\/uploads\/2025\/11\/20251101-220215-scaled.jpg 2560w, https:\/\/ledenonciateur224.com\/wp-content\/uploads\/2025\/11\/20251101-220215-300x135.jpg 300w, https:\/\/ledenonciateur224.com\/wp-content\/uploads\/2025\/11\/20251101-220215-1024x461.jpg 1024w, https:\/\/ledenonciateur224.com\/wp-content\/uploads\/2025\/11\/20251101-220215-768x346.jpg 768w, https:\/\/ledenonciateur224.com\/wp-content\/uploads\/2025\/11\/20251101-220215-1536x691.jpg 1536w, https:\/\/ledenonciateur224.com\/wp-content\/uploads\/2025\/11\/20251101-220215-2048x922.jpg 2048w, https:\/\/ledenonciateur224.com\/wp-content\/uploads\/2025\/11\/20251101-220215-150x68.jpg 150w, https:\/\/ledenonciateur224.com\/wp-content\/uploads\/2025\/11\/20251101-220215-696x313.jpg 696w, https:\/\/ledenonciateur224.com\/wp-content\/uploads\/2025\/11\/20251101-220215-1068x481.jpg 1068w, https:\/\/ledenonciateur224.com\/wp-content\/uploads\/2025\/11\/20251101-220215-1920x864.jpg 1920w, https:\/\/ledenonciateur224.com\/wp-content\/uploads\/2025\/11\/20251101-220215-933x420.jpg 933w\" sizes=\"auto, (max-width: 2560px) 100vw, 2560px\" \/> <img loading=\"lazy\" decoding=\"async\" class=\"alignnone size-full wp-image-5821\" src=\"https:\/\/ledenonciateur224.com\/wp-content\/uploads\/2025\/11\/20251101-220018-scaled.jpg\" alt=\"\" width=\"2560\" height=\"1152\" srcset=\"https:\/\/ledenonciateur224.com\/wp-content\/uploads\/2025\/11\/20251101-220018-scaled.jpg 2560w, https:\/\/ledenonciateur224.com\/wp-content\/uploads\/2025\/11\/20251101-220018-300x135.jpg 300w, https:\/\/ledenonciateur224.com\/wp-content\/uploads\/2025\/11\/20251101-220018-1024x461.jpg 1024w, https:\/\/ledenonciateur224.com\/wp-content\/uploads\/2025\/11\/20251101-220018-768x346.jpg 768w, https:\/\/ledenonciateur224.com\/wp-content\/uploads\/2025\/11\/20251101-220018-1536x691.jpg 1536w, https:\/\/ledenonciateur224.com\/wp-content\/uploads\/2025\/11\/20251101-220018-2048x922.jpg 2048w, https:\/\/ledenonciateur224.com\/wp-content\/uploads\/2025\/11\/20251101-220018-150x68.jpg 150w, https:\/\/ledenonciateur224.com\/wp-content\/uploads\/2025\/11\/20251101-220018-696x313.jpg 696w, https:\/\/ledenonciateur224.com\/wp-content\/uploads\/2025\/11\/20251101-220018-1068x481.jpg 1068w, https:\/\/ledenonciateur224.com\/wp-content\/uploads\/2025\/11\/20251101-220018-1920x864.jpg 1920w, https:\/\/ledenonciateur224.com\/wp-content\/uploads\/2025\/11\/20251101-220018-933x420.jpg 933w\" sizes=\"auto, (max-width: 2560px) 100vw, 2560px\" \/><\/p>\n<p>L\u2019\u00e9v\u00e9nement, empreint de ferveur et de solennit\u00e9, s\u2019est d\u00e9roul\u00e9 dans une\u00a0<strong>ambiance festive<\/strong>, marqu\u00e9e par des\u00a0<strong>discours de remerciement, des prestations artistiques<\/strong>\u00a0et un\u00a0<strong>appel \u00e0 l\u2019unit\u00e9 nationale autour du G\u00e9n\u00e9ral Doumbouya<\/strong>.<\/p>\n<p>La c\u00e9r\u00e9monie a r\u00e9uni plusieurs\u00a0<strong>figures politiques et institutionnelles<\/strong>\u00a0de premier plan, notamment :<\/p>\n<ul>\n<li>le\u00a0<strong>ministre de la Culture et de l\u2019Artisanat<\/strong>, parrain de la Jeunesse Pr\u00e9sidentielle ;<\/li>\n<li>le\u00a0<strong>ministre de la Jeunesse<\/strong>, venu saluer l\u2019initiative ;<\/li>\n<li>et l\u2019<strong>ancien ministre des Mines, Ahmed Kant\u00e9 repr\u00e9sent\u00e9 \u00e9galement par un des cadres de son entreprise.\u00a0<\/strong><\/li>\n<\/ul>\n<p>Tous ont salu\u00e9 la\u00a0<strong>mobilisation exemplaire de la jeunesse guin\u00e9enne<\/strong>, pr\u00e9sent\u00e9e comme une\u00a0<strong>force motrice du changement et du patriotisme<\/strong>.<\/p>\n<h3>Pour\u00a0<strong>Ahmed S\u00e9kou Bangoura<\/strong>, cette contribution financi\u00e8re est avant tout\u00a0<strong>le reflet d\u2019une promesse tenue et d\u2019un engagement collectif<\/strong>\u00a0:<\/h3>\n<p><em>\u00ab Nous avons promis de soutenir la candidature du G\u00e9n\u00e9ral, et nous l\u2019avons fait. Ce milliard n\u2019est pas seulement une somme d\u2019argent, c\u2019est le symbole d\u2019une jeunesse responsable, reconnaissante et confiante en l\u2019avenir de notre pays. \u00bb<\/em><\/p>\n<p>Selon les organisateurs, cette lev\u00e9e de fonds illustre\u00a0<strong>la d\u00e9termination de la jeunesse guin\u00e9enne \u00e0 accompagner la continuit\u00e9 du projet de refondation nationale<\/strong>\u00a0initi\u00e9 sous le leadership du G\u00e9n\u00e9ral Mamadi Doumbouya.<\/p>\n<h3><\/h3>\n<p>En offrant cette caution, la Jeunesse Pr\u00e9sidentielle entend\u00a0<strong>envoyer un signal fort<\/strong>\u00a0: celui d\u2019une\u00a0<strong>mobilisation populaire en faveur de la stabilit\u00e9, du d\u00e9veloppement et de la souverainet\u00e9 nationale<\/strong>.<br \/>\nL\u2019\u00e9v\u00e9nement marque aussi le\u00a0<strong>lancement symbolique de la campagne de soutien au candidat du peuple<\/strong>, selon les termes employ\u00e9s par plusieurs intervenants.<\/p>\n<h3><strong>\u00a0<\/strong><\/h3>\n<h3><strong>Une jeunesse au c\u0153ur du processus \u00e9lectoral<\/strong><\/h3>\n<p>Dans un contexte politique o\u00f9 la sc\u00e8ne \u00e9lectorale s\u2019anime de jour en jour, cette initiative appara\u00eet comme\u00a0<strong>une d\u00e9monstration de force et d\u2019unit\u00e9<\/strong>.<br \/>\nLa Jeunesse Pr\u00e9sidentielle entend d\u00e9sormais\u00a0<strong>jouer un r\u00f4le central dans la mobilisation citoyenne<\/strong>\u00a0et dans la\u00a0<strong>promotion d\u2019une participation active des jeunes<\/strong>\u00a0\u00e0 la vie politique nationale.<\/p>\n<p>&nbsp;<\/p>\n<p>Aboubacar Moussa Camara<\/p>\n<p>611 70 39 84<\/p>\n","protected":false},"excerpt":{"rendered":"<p>Promesse faite, promesse tenue. La\u00a0Jeunesse Pr\u00e9sidentielle de Guin\u00e9e (JPG)\u00a0a franchi une \u00e9tape symbolique dans son engagement politique en mobilisant la\u00a0caution de 1 milliard de francs guin\u00e9ens\u00a0pour la candidature du\u00a0G\u00e9n\u00e9ral Mamadi Doumbouya\u00a0\u00e0 l\u2019\u00e9lection pr\u00e9sidentielle du\u00a028 d\u00e9cembre 2025. L\u2019annonce a \u00e9t\u00e9 faite ce\u00a0samedi 1er novembre 2025, \u00e0 Conakry, lors d\u2019un\u00a0d\u00eener-gala de lev\u00e9e de fonds\u00a0organis\u00e9 par la Jeunesse [&hellip;]<\/p>\n","protected":false},"author":2,"featured_media":5817,"comment_status":"closed","ping_status":"closed","sticky":false,"template":"","format":"standard","meta":{"_jetpack_memberships_contains_paid_content":false,"footnotes":"","jetpack_publicize_message":"","jetpack_publicize_feature_enabled":true,"jetpack_social_post_already_shared":true,"jetpack_social_options":{"image_generator_settings":{"template":"highway","default_image_id":0,"font":"","enabled":false},"version":2}},"categories":[24,27],"tags":[440],"class_list":{"0":"post-5816","1":"post","2":"type-post","3":"status-publish","4":"format-standard","5":"has-post-thumbnail","7":"category-news","8":"category-politique","9":"tag-jeunesse-guineenne"},"jetpack_publicize_connections":[],"jetpack_featured_media_url":"https:\/\/ledenonciateur224.com\/wp-content\/uploads\/2025\/11\/img-20251102-wa0000.jpg","jetpack_sharing_enabled":true,"_links":{"self":[{"href":"https:\/\/ledenonciateur224.com\/index.php\/wp-json\/wp\/v2\/posts\/5816","targetHints":{"allow":["GET"]}}],"collection":[{"href":"https:\/\/ledenonciateur224.com\/index.php\/wp-json\/wp\/v2\/posts"}],"about":[{"href":"https:\/\/ledenonciateur224.com\/index.php\/wp-json\/wp\/v2\/types\/post"}],"author":[{"embeddable":true,"href":"https:\/\/ledenonciateur224.com\/index.php\/wp-json\/wp\/v2\/users\/2"}],"replies":[{"embeddable":true,"href":"https:\/\/ledenonciateur224.com\/index.php\/wp-json\/wp\/v2\/comments?post=5816"}],"version-history":[{"count":0,"href":"https:\/\/ledenonciateur224.com\/index.php\/wp-json\/wp\/v2\/posts\/5816\/revisions"}],"wp:featuredmedia":[{"embeddable":true,"href":"https:\/\/ledenonciateur224.com\/index.php\/wp-json\/wp\/v2\/media\/5817"}],"wp:attachment":[{"href":"https:\/\/ledenonciateur224.com\/index.php\/wp-json\/wp\/v2\/media?parent=5816"}],"wp:term":[{"taxonomy":"category","embeddable":true,"href":"https:\/\/ledenonciateur224.com\/index.php\/wp-json\/wp\/v2\/categories?post=5816"},{"taxonomy":"post_tag","embeddable":true,"href":"https:\/\/ledenonciateur224.com\/index.php\/wp-json\/wp\/v2\/tags?post=5816"}],"curies":[{"name":"wp","href":"https:\/\/api.w.org\/{rel}","templated":true}]}}