{"id":5823,"date":"2025-11-02T09:38:56","date_gmt":"2025-11-02T09:38:56","guid":{"rendered":"https:\/\/ledenonciateur224.com\/?p=5823"},"modified":"2025-11-02T09:38:56","modified_gmt":"2025-11-02T09:38:56","slug":"justice-plusieurs-magistrats-nommes-par-le-chef-de-letat","status":"publish","type":"post","link":"https:\/\/ledenonciateur224.com\/index.php\/justice-plusieurs-magistrats-nommes-par-le-chef-de-letat\/","title":{"rendered":"Justice : plusieurs magistrats nomm\u00e9s par le chef de l&rsquo;\u00c9tat"},"content":{"rendered":"<div dir=\"auto\">\n<div>\n<article>\n<div>\n<div>\n<p>Un vaste remaniement a \u00e9t\u00e9 op\u00e9r\u00e9 par le pr\u00e9sident Mamadi Doumbouya au sein de l\u2019appareil judiciaire du pays. Les Cours d\u2019appel de Conakry et de Kankan ont connu d\u2019importants changements. Selon un d\u00e9cret lu ce samedi 1er novembre 2025, la nouvelle composition de la Cour d\u2019appel de Conakry se pr\u00e9sente comme suit :<\/p>\n<p>Si\u00e8ge :<\/p>\n<div><ins><\/p>\n<div><\/div>\n<p><\/ins><\/div>\n<p>Premier pr\u00e9sident :\u00a0M. Ibrahima Sory 2 Tounkara, pr\u00e9c\u00e9demment pr\u00e9sident du Tribunal de premi\u00e8re instance (TPI) de Dixinn.<\/p>\n<p>Pr\u00e9sident de la Premi\u00e8re Chambre de contr\u00f4le de l\u2019instruction :\u00a0M. Nfaly Sylla, pr\u00e9c\u00e9demment pr\u00e9sident du Tribunal pour enfants de Conakry.<\/p>\n<p>Pr\u00e9sident de la Deuxi\u00e8me Chambre de contr\u00f4le de l\u2019instruction\u00a0: M. Zaworo Konomou, pr\u00e9c\u00e9demment procureur de la R\u00e9publique pr\u00e8s le TPI de For\u00e9cariah.<\/p>\n<p>Pr\u00e9sident de la Premi\u00e8re Chambre civile, \u00e9conomique et administrative :\u00a0M. Cheikh Ahmed Tidiane Ndiaye, pr\u00e9c\u00e9demment pr\u00e9sident de la Troisi\u00e8me Chambre civile, \u00e9conomique et administrative de ladite Cour.<\/p>\n<p>Pr\u00e9sident de la Deuxi\u00e8me Chambre civile, \u00e9conomique et administrative :\u00a0M. Bakar Maferen Camara.<\/p>\n<p>Pr\u00e9sident de la Troisi\u00e8me Chambre civile, \u00e9conomique et administrative\u00a0: M. Oumar Diallo, pr\u00e9c\u00e9demment pr\u00e9sident de la Quatri\u00e8me Chambre de ladite Cour.<\/p>\n<p>Pr\u00e9sident de la Quatri\u00e8me Chambre civile, \u00e9conomique et administrative\u00a0: M. Alpha Sa\u00efdou Sylla, pr\u00e9c\u00e9demment pr\u00e9sident de section au TPI de Dixinn.<\/p>\n<p>Pr\u00e9sident de la Cinqui\u00e8me Chambre civile, \u00e9conomique et administrative\u00a0: M. Ibrahima Bayo, pr\u00e9c\u00e9demment pr\u00e9sident du TPI de Mandiana.<\/p>\n<p>Pr\u00e9sident de la Sixi\u00e8me Chambre civile, \u00e9conomique et administrative :\u00a0M. No\u00ebl Kolomou, pr\u00e9c\u00e9demment pr\u00e9sident de la Premi\u00e8re Chambre civile, \u00e9conomique et administrative de la Cour d\u2019appel de Kankan.<\/p>\n<p>Pr\u00e9sident de la Chambre criminelle :\u00a0M. S\u00e9kouba Cond\u00e9.<\/p>\n<p>Pr\u00e9sident de la Premi\u00e8re Chambre correctionnelle :\u00a0M. Boubacar Bah, pr\u00e9c\u00e9demment conseiller \u00e0 ladite Cour.<\/p>\n<p>Pr\u00e9sident de la Deuxi\u00e8me Chambre correctionnelle :\u00a0M. Amadou Sa\u00efkou Barry.<\/p>\n<p>Conseillers :<\/p>\n<p>Mme Adama Hawa Diallo, Mme Aissatou Kalissa, M. Mory Diallo, M. Jeannot, M. Kopolo Haba, M. Ousmane Bangoura, Mme Adama Hawa Bibi Diallo, Mme Catherine Tounkara, M. C\u00e9c\u00e9 Koli\u00e9, M. Abdoul Mazid Barry, pr\u00e9c\u00e9demment inspecteur g\u00e9n\u00e9ral adjoint des services judiciaires, Mme Juliette Mamy, pr\u00e9c\u00e9demment commissaire du gouvernement \u00e0 la Cour des comptes, M. Abdoulaye Morlaye Soumah, pr\u00e9c\u00e9demment pr\u00e9sident du TPI de Mamou, et Mme Mafila Ke\u00efta, pr\u00e9c\u00e9demment vice-pr\u00e9sidente du Tribunal du Travail de Conakry.<\/p>\n<p>Parquet g\u00e9n\u00e9ral :<\/p>\n<p>Procureur g\u00e9n\u00e9ral pr\u00e8s la Cour d\u2019appel de Conakry :\u00a0M. Fallou Doumbouya.<\/p>\n<p>Avocats g\u00e9n\u00e9raux :<\/p>\n<p>M. Abdoulaye Isra\u00ebl Pogomou, pr\u00e9c\u00e9demment avocat g\u00e9n\u00e9ral pr\u00e8s la Cour d\u2019appel de Kankan ; M. Daouda Diomand\u00e9 ; Mme Jos\u00e9phine Loli Tinkiano ; M. Ousmane Sankhon, pr\u00e9c\u00e9demment pr\u00e9sident du TPI de Pita ; M. Kabinet Ke\u00efta, pr\u00e9c\u00e9demment pr\u00e9sident du TPI de Gu\u00e9k\u00e9dou.<\/p>\n<p>Cour d\u2019appel de Kankan :\u00a0nouvelle composition<\/p>\n<p>Si\u00e8ge :<\/p>\n<p>Premier pr\u00e9sident :\u00a0M. Pierre Lamah, pr\u00e9c\u00e9demment pr\u00e9sident de chambre \u00e0 la Cour d\u2019appel de Conakry.<\/p>\n<p>Pr\u00e9sident de la Chambre de contr\u00f4le de l\u2019instruction :\u00a0M. Bakary Camara.<\/p>\n<p>Pr\u00e9sident de la Premi\u00e8re Chambre civile, \u00e9conomique et administrative\u00a0: M. Alfred Camara, pr\u00e9c\u00e9demment pr\u00e9sident du TPI de Kissidougou.<\/p>\n<p>Pr\u00e9sident de la Deuxi\u00e8me Chambre civile, \u00e9conomique et administrative\u00a0: M. Layeba Fofana, pr\u00e9c\u00e9demment pr\u00e9sident du TPI de Dubr\u00e9ka.<\/p>\n<p>Pr\u00e9sident de la Chambre correctionnelle\u00a0: M. S\u00e9kou Amadou Mansar\u00e9, confirm\u00e9 dans ses fonctions.<\/p>\n<p>Pr\u00e9sident de la Chambre criminelle :\u00a0M. Ibrahima Diallo, pr\u00e9c\u00e9demment conseiller \u00e0 ladite Cour.<\/p>\n<p>Conseillers :<\/p>\n<p>M. Alhassane Mabinty Camara, pr\u00e9c\u00e9demment pr\u00e9sident de la Chambre de contr\u00f4le de l\u2019instruction \u00e0 la CRIEF ; M. Oumar 2 Doumbouya, pr\u00e9c\u00e9demment conseiller \u00e0 la CRIEF ; M. Syba Nekoyamou, pr\u00e9c\u00e9demment juge de paix ; M. Abdoulaye Koma, pr\u00e9c\u00e9demment procureur de la R\u00e9publique pr\u00e8s le TPI de Nz\u00e9r\u00e9kor\u00e9 ; M. Ibrahima Kamara, pr\u00e9c\u00e9demment juge de paix de Dabola.<\/p>\n<p>Parquet g\u00e9n\u00e9ral :<\/p>\n<p>Procureur g\u00e9n\u00e9ral pr\u00e8s la Cour d\u2019appel de Kankan :\u00a0M. Algassimou Diallo, pr\u00e9c\u00e9demment procureur de la R\u00e9publique pr\u00e8s le TPI de Dixinn.<\/p>\n<p>Avocats g\u00e9n\u00e9raux :<\/p>\n<p>Commandant Andr\u00e9 Cond\u00e9 ; M. Ibrahima Sow.<\/p>\n<p>Substituts g\u00e9n\u00e9raux :\u00a0M. Kafumba Camara, pr\u00e9c\u00e9demment juge de paix de Koubia ; M. Ibrahima Sory Tour\u00e9, pr\u00e9c\u00e9demment procureur de la R\u00e9publique pr\u00e8s le TPI de Faranah.<\/p>\n<\/div>\n<\/div>\n<\/article>\n<\/div>\n<\/div>\n<div dir=\"auto\"><\/div>\n<div dir=\"auto\">Ledenonciateur224.com<\/div>\n","protected":false},"excerpt":{"rendered":"<p>Un vaste remaniement a \u00e9t\u00e9 op\u00e9r\u00e9 par le pr\u00e9sident Mamadi Doumbouya au sein de l\u2019appareil judiciaire du pays. Les Cours d\u2019appel de Conakry et de Kankan ont connu d\u2019importants changements. Selon un d\u00e9cret lu ce samedi 1er novembre 2025, la nouvelle composition de la Cour d\u2019appel de Conakry se pr\u00e9sente comme suit : Si\u00e8ge : [&hellip;]<\/p>\n","protected":false},"author":2,"featured_media":5824,"comment_status":"closed","ping_status":"closed","sticky":false,"template":"","format":"standard","meta":{"_jetpack_memberships_contains_paid_content":false,"footnotes":"","jetpack_publicize_message":"","jetpack_publicize_feature_enabled":true,"jetpack_social_post_already_shared":true,"jetpack_social_options":{"image_generator_settings":{"template":"highway","default_image_id":0,"font":"","enabled":false},"version":2}},"categories":[30,24],"tags":[579,857],"class_list":{"0":"post-5823","1":"post","2":"type-post","3":"status-publish","4":"format-standard","5":"has-post-thumbnail","7":"category-faits-divers","8":"category-news","9":"tag-decrets-du-chef-de-letat","10":"tag-magistrat-guineen"},"jetpack_publicize_connections":[],"jetpack_featured_media_url":"https:\/\/ledenonciateur224.com\/wp-content\/uploads\/2025\/11\/fb-img-1762076305488.jpg","jetpack_sharing_enabled":true,"_links":{"self":[{"href":"https:\/\/ledenonciateur224.com\/index.php\/wp-json\/wp\/v2\/posts\/5823","targetHints":{"allow":["GET"]}}],"collection":[{"href":"https:\/\/ledenonciateur224.com\/index.php\/wp-json\/wp\/v2\/posts"}],"about":[{"href":"https:\/\/ledenonciateur224.com\/index.php\/wp-json\/wp\/v2\/types\/post"}],"author":[{"embeddable":true,"href":"https:\/\/ledenonciateur224.com\/index.php\/wp-json\/wp\/v2\/users\/2"}],"replies":[{"embeddable":true,"href":"https:\/\/ledenonciateur224.com\/index.php\/wp-json\/wp\/v2\/comments?post=5823"}],"version-history":[{"count":0,"href":"https:\/\/ledenonciateur224.com\/index.php\/wp-json\/wp\/v2\/posts\/5823\/revisions"}],"wp:featuredmedia":[{"embeddable":true,"href":"https:\/\/ledenonciateur224.com\/index.php\/wp-json\/wp\/v2\/media\/5824"}],"wp:attachment":[{"href":"https:\/\/ledenonciateur224.com\/index.php\/wp-json\/wp\/v2\/media?parent=5823"}],"wp:term":[{"taxonomy":"category","embeddable":true,"href":"https:\/\/ledenonciateur224.com\/index.php\/wp-json\/wp\/v2\/categories?post=5823"},{"taxonomy":"post_tag","embeddable":true,"href":"https:\/\/ledenonciateur224.com\/index.php\/wp-json\/wp\/v2\/tags?post=5823"}],"curies":[{"name":"wp","href":"https:\/\/api.w.org\/{rel}","templated":true}]}}