{"id":5826,"date":"2025-11-02T11:08:12","date_gmt":"2025-11-02T11:08:12","guid":{"rendered":"https:\/\/ledenonciateur224.com\/?p=5826"},"modified":"2025-11-02T11:08:12","modified_gmt":"2025-11-02T11:08:12","slug":"la-jeunesse-presidentielle-mobilisee-pour-porter-mamadi-doumbouya-a-la-candidature","status":"publish","type":"post","link":"https:\/\/ledenonciateur224.com\/index.php\/la-jeunesse-presidentielle-mobilisee-pour-porter-mamadi-doumbouya-a-la-candidature\/","title":{"rendered":"La jeunesse pr\u00e9sidentielle mobilis\u00e9e pour porter Mamadi Doumbouya \u00e0 la candidature"},"content":{"rendered":"<h3>La Jeunesse Pr\u00e9sidentielle de Guin\u00e9e a tenu, le samedi 1er novembre, un d\u00eener gala de lev\u00e9e de fonds \u00e0 Conakry. L\u2019\u00e9v\u00e9nement, plac\u00e9 sous le haut patronage du Premier ministre, visait \u00e0 soutenir la candidature du g\u00e9n\u00e9ral <strong>Mamadi Doumbouya<\/strong>\u00a0\u00e0 l\u2019\u00e9lection pr\u00e9sidentielle du 28 d\u00e9cembre 2025.<br \/>\nObjectif affich\u00e9 :\u00a0<strong>rassembler les moyens financiers n\u00e9cessaires<\/strong>\u00a0pour le paiement de sa caution et le financement de sa future campagne, dans un esprit de patriotisme et de responsabilit\u00e9 citoyenne.<\/h3>\n<p>Dans son allocution d\u2019ouverture,\u00a0<strong>Alseny S\u00e9kou Bangoura<\/strong>, pr\u00e9sident de la Jeunesse Pr\u00e9sidentielle de Guin\u00e9e, a rappel\u00e9 la port\u00e9e symbolique de cette initiative :<\/p>\n<p><img loading=\"lazy\" decoding=\"async\" class=\"alignnone size-full wp-image-5827\" src=\"https:\/\/ledenonciateur224.com\/wp-content\/uploads\/2025\/11\/20251101-215256-scaled.jpg\" alt=\"\" width=\"2560\" height=\"1152\" srcset=\"https:\/\/ledenonciateur224.com\/wp-content\/uploads\/2025\/11\/20251101-215256-scaled.jpg 2560w, https:\/\/ledenonciateur224.com\/wp-content\/uploads\/2025\/11\/20251101-215256-300x135.jpg 300w, https:\/\/ledenonciateur224.com\/wp-content\/uploads\/2025\/11\/20251101-215256-1024x461.jpg 1024w, https:\/\/ledenonciateur224.com\/wp-content\/uploads\/2025\/11\/20251101-215256-768x346.jpg 768w, https:\/\/ledenonciateur224.com\/wp-content\/uploads\/2025\/11\/20251101-215256-1536x691.jpg 1536w, https:\/\/ledenonciateur224.com\/wp-content\/uploads\/2025\/11\/20251101-215256-2048x922.jpg 2048w, https:\/\/ledenonciateur224.com\/wp-content\/uploads\/2025\/11\/20251101-215256-150x68.jpg 150w, https:\/\/ledenonciateur224.com\/wp-content\/uploads\/2025\/11\/20251101-215256-696x313.jpg 696w, https:\/\/ledenonciateur224.com\/wp-content\/uploads\/2025\/11\/20251101-215256-1068x481.jpg 1068w, https:\/\/ledenonciateur224.com\/wp-content\/uploads\/2025\/11\/20251101-215256-1920x864.jpg 1920w, https:\/\/ledenonciateur224.com\/wp-content\/uploads\/2025\/11\/20251101-215256-933x420.jpg 933w\" sizes=\"auto, (max-width: 2560px) 100vw, 2560px\" \/><\/p>\n<p>\u00ab Ce d\u00eener gala n\u2019est pas un simple \u00e9v\u00e9nement mondain. Il est l\u2019expression vivante de notre engagement collectif pour la Guin\u00e9e, de notre attachement \u00e0 la stabilit\u00e9 et de notre foi en un avenir meilleur. \u00bb<\/p>\n<p>Il a annonc\u00e9 la cr\u00e9ation d\u2019une\u00a0<strong>commission financi\u00e8re nationale<\/strong>, compos\u00e9e de jeunes figures cr\u00e9dibles et de repr\u00e9sentants de la soci\u00e9t\u00e9 civile, charg\u00e9e de centraliser et de rendre publique la collecte :<\/p>\n<p>\u00ab L\u2019int\u00e9gralit\u00e9 des fonds mobilis\u00e9s sera ensuite remise par la voie officielle au pr\u00e9sident de la R\u00e9publique, signe de notre soutien loyal et ind\u00e9fectible \u00e0 sa vision pour la Guin\u00e9e. \u00bb<\/p>\n<p>M. Bangoura a \u00e9galement salu\u00e9 la confiance du Premier ministre et l\u2019appui constant des ministres pr\u00e9sents, notamment\u00a0<strong>Moussa Mo\u00efse Sylla<\/strong>,\u00a0<strong>Cellou Bald\u00e9<\/strong>\u00a0et\u00a0<strong>Ahmed Kant\u00e9<\/strong>, \u201cdont l\u2019engagement a rendu possible cet \u00e9v\u00e9nement si prometteur\u201d.<\/p>\n<h4><img loading=\"lazy\" decoding=\"async\" class=\"alignnone size-full wp-image-5819\" src=\"https:\/\/ledenonciateur224.com\/wp-content\/uploads\/2025\/11\/20251101-220215-scaled.jpg\" alt=\"\" width=\"2560\" height=\"1152\" srcset=\"https:\/\/ledenonciateur224.com\/wp-content\/uploads\/2025\/11\/20251101-220215-scaled.jpg 2560w, https:\/\/ledenonciateur224.com\/wp-content\/uploads\/2025\/11\/20251101-220215-300x135.jpg 300w, https:\/\/ledenonciateur224.com\/wp-content\/uploads\/2025\/11\/20251101-220215-1024x461.jpg 1024w, https:\/\/ledenonciateur224.com\/wp-content\/uploads\/2025\/11\/20251101-220215-768x346.jpg 768w, https:\/\/ledenonciateur224.com\/wp-content\/uploads\/2025\/11\/20251101-220215-1536x691.jpg 1536w, https:\/\/ledenonciateur224.com\/wp-content\/uploads\/2025\/11\/20251101-220215-2048x922.jpg 2048w, https:\/\/ledenonciateur224.com\/wp-content\/uploads\/2025\/11\/20251101-220215-150x68.jpg 150w, https:\/\/ledenonciateur224.com\/wp-content\/uploads\/2025\/11\/20251101-220215-696x313.jpg 696w, https:\/\/ledenonciateur224.com\/wp-content\/uploads\/2025\/11\/20251101-220215-1068x481.jpg 1068w, https:\/\/ledenonciateur224.com\/wp-content\/uploads\/2025\/11\/20251101-220215-1920x864.jpg 1920w, https:\/\/ledenonciateur224.com\/wp-content\/uploads\/2025\/11\/20251101-220215-933x420.jpg 933w\" sizes=\"auto, (max-width: 2560px) 100vw, 2560px\" \/><\/h4>\n<p>Prenant la parole,\u00a0<strong>Moussa Mo\u00efse Sylla<\/strong>, ministre de la Culture et de l\u2019Artisanat, a insist\u00e9 sur la dimension symbolique de ce rassemblement :<\/p>\n<p>\u00ab Nous ne sommes pas simplement r\u00e9unis autour d\u2019un d\u00eener de lev\u00e9e de fonds. Nous sommes rassembl\u00e9s autour d\u2019un id\u00e9al, d\u2019une conviction et d\u2019un homme qui, depuis le 5 septembre 2021, a su redonner \u00e0 la Guin\u00e9e sa fiert\u00e9, sa dignit\u00e9 et son esp\u00e9rance. \u00bb<\/p>\n<p>Il a salu\u00e9 une jeunesse \u201cconsciente, courageuse et engag\u00e9e\u201d qui choisit d\u2019agir et d\u2019\u00e9crire sa propre histoire :<\/p>\n<p>\u00ab Votre geste est plus qu\u2019un acte de soutien, c\u2019est un acte de foi \u2014 foi en la Guin\u00e9e, foi en son avenir, foi en celui qui incarne l\u2019autorit\u00e9 de l\u2019\u00c9tat et la stabilit\u00e9. \u00bb<\/p>\n<p>Pour le ministre, la contribution financi\u00e8re des participants repr\u00e9sente bien plus qu\u2019un appui mat\u00e9riel :<\/p>\n<p>\u00ab Ce que nous faisons ce soir, c\u2019est la mat\u00e9rialisation d\u2019une conviction : celle que le destin de notre pays se construit dans l\u2019unit\u00e9, la loyaut\u00e9 et la continuit\u00e9. Et cet espoir, Mesdames et Messieurs, a un visage : c\u2019est Mamadi Doumbouya. \u00bb<\/p>\n<h4><strong>\u201cLe g\u00e9n\u00e9ral Mamadi Doumbouya est une chance pour la Guin\u00e9e\u201d<\/strong><\/h4>\n<p>De son c\u00f4t\u00e9, le\u00a0<strong>ministre de la Jeunesse, Cellou Bald\u00e9<\/strong>, a salu\u00e9 une mobilisation \u201cnoble et historique\u201d port\u00e9e par une jeunesse responsable :<\/p>\n<p>\u00ab Ce d\u00eener de lev\u00e9e de fonds n\u2019est pas seulement un moment festif, c\u2019est un acte de conviction et un engagement citoyen pour la stabilit\u00e9 et la prosp\u00e9rit\u00e9 de notre nation. \u00bb<\/p>\n<p>Il a lanc\u00e9 un appel solennel au chef de l\u2019\u00c9tat :<\/p>\n<p>\u00ab Nous lui demandons d\u2019accepter la volont\u00e9 de la majorit\u00e9 du peuple guin\u00e9en d\u2019\u00eatre notre candidat \u00e0 l\u2019\u00e9lection du 28 d\u00e9cembre 2025. Le g\u00e9n\u00e9ral Mamadi Doumbouya est une chance pour la Guin\u00e9e. \u00bb<\/p>\n<p>M. Bald\u00e9 a rappel\u00e9 les ambitions de la vision pr\u00e9sidentielle, tourn\u00e9e vers la jeunesse, les femmes et les plus vuln\u00e9rables, en citant notamment le programme\u00a0<strong>Simandou 2040<\/strong>, symbole d\u2019une Guin\u00e9e souveraine et moderne.<\/p>\n<p>Repr\u00e9sentant le Premier ministre,\u00a0<strong>Mohamed Lamine Sy Savan\u00e9<\/strong>, ministre directeur de cabinet de la Primature, a cl\u00f4tur\u00e9 la soir\u00e9e sur un message d\u2019encouragement et de reconnaissance :<\/p>\n<p>\u00ab Aujourd\u2019hui, la R\u00e9publique vit par la qualit\u00e9 de sa jeunesse. Vous avez compris que le d\u00e9veloppement commence par vous. \u00bb<\/p>\n<p>Il a rappel\u00e9 les progr\u00e8s accomplis sous la gouvernance du g\u00e9n\u00e9ral Doumbouya :<\/p>\n<p>\u00ab \u00c0 travers la refondation, les bourses des \u00e9tudiants ont \u00e9t\u00e9 r\u00e9\u00e9valu\u00e9es, les investissements dans l\u2019enseignement sup\u00e9rieur ont tripl\u00e9, et plus de 20 000 jeunes ont \u00e9t\u00e9 recrut\u00e9s pour contribuer au d\u00e9veloppement du pays. \u00bb<\/p>\n<p>Avant de conclure, il a exprim\u00e9 la volont\u00e9 unanime du peuple :<\/p>\n<p>\u00ab Le choix de la jeunesse et du peuple de Guin\u00e9e, c\u2019est bel et bien vous, mon g\u00e9n\u00e9ral Mamadi Doumbouya. Nous voulons que vous d\u00e9posiez rapidement votre candidature et que vous soyez \u00e9lu d\u00e8s le premier tour. \u00bb<\/p>\n<p><img loading=\"lazy\" decoding=\"async\" class=\"alignnone size-full wp-image-5817\" src=\"https:\/\/ledenonciateur224.com\/wp-content\/uploads\/2025\/11\/img-20251102-wa0000.jpg\" alt=\"\" width=\"912\" height=\"420\" srcset=\"https:\/\/ledenonciateur224.com\/wp-content\/uploads\/2025\/11\/img-20251102-wa0000.jpg 912w, https:\/\/ledenonciateur224.com\/wp-content\/uploads\/2025\/11\/img-20251102-wa0000-300x138.jpg 300w, https:\/\/ledenonciateur224.com\/wp-content\/uploads\/2025\/11\/img-20251102-wa0000-768x354.jpg 768w, https:\/\/ledenonciateur224.com\/wp-content\/uploads\/2025\/11\/img-20251102-wa0000-150x69.jpg 150w, https:\/\/ledenonciateur224.com\/wp-content\/uploads\/2025\/11\/img-20251102-wa0000-696x321.jpg 696w\" sizes=\"auto, (max-width: 912px) 100vw, 912px\" \/><\/p>\n<p>Ce d\u00eener gala, ponctu\u00e9 de prestations artistiques et de discours vibrants, a confirm\u00e9 l\u2019unit\u00e9 de la jeunesse guin\u00e9enne derri\u00e8re le pr\u00e9sident Doumbouya.<br \/>\nEntre ferveur, patriotisme et engagement politique, la soir\u00e9e a illustr\u00e9 une dynamique nouvelle :\u00a0<strong>celle d\u2019une g\u00e9n\u00e9ration pr\u00eate \u00e0 b\u00e2tir la Guin\u00e9e du renouveau<\/strong>, fid\u00e8le \u00e0 la vision d\u2019un leader qu\u2019elle consid\u00e8re d\u00e9sormais comme\u00a0<strong>le symbole de la stabilit\u00e9 et du progr\u00e8s national<\/strong>.<\/p>\n<p>&nbsp;<\/p>\n<p>Aboubacar Moussa Camara<\/p>\n<p>611 70 39 84<\/p>\n","protected":false},"excerpt":{"rendered":"<p>La Jeunesse Pr\u00e9sidentielle de Guin\u00e9e a tenu, le samedi 1er novembre, un d\u00eener gala de lev\u00e9e de fonds \u00e0 Conakry. L\u2019\u00e9v\u00e9nement, plac\u00e9 sous le haut patronage du Premier ministre, visait \u00e0 soutenir la candidature du g\u00e9n\u00e9ral Mamadi Doumbouya\u00a0\u00e0 l\u2019\u00e9lection pr\u00e9sidentielle du 28 d\u00e9cembre 2025. Objectif affich\u00e9 :\u00a0rassembler les moyens financiers n\u00e9cessaires\u00a0pour le paiement de sa [&hellip;]<\/p>\n","protected":false},"author":2,"featured_media":5828,"comment_status":"closed","ping_status":"closed","sticky":false,"template":"","format":"standard","meta":{"_jetpack_memberships_contains_paid_content":false,"footnotes":"","jetpack_publicize_message":"","jetpack_publicize_feature_enabled":true,"jetpack_social_post_already_shared":true,"jetpack_social_options":{"image_generator_settings":{"template":"highway","default_image_id":0,"font":"","enabled":false},"version":2}},"categories":[24,27],"tags":[1237,49],"class_list":{"0":"post-5826","1":"post","2":"type-post","3":"status-publish","4":"format-standard","5":"has-post-thumbnail","7":"category-news","8":"category-politique","9":"tag-candidature","10":"tag-general-mamadi-doumbouya"},"jetpack_publicize_connections":[],"jetpack_featured_media_url":"https:\/\/ledenonciateur224.com\/wp-content\/uploads\/2025\/11\/20251101-220145-scaled.jpg","jetpack_sharing_enabled":true,"_links":{"self":[{"href":"https:\/\/ledenonciateur224.com\/index.php\/wp-json\/wp\/v2\/posts\/5826","targetHints":{"allow":["GET"]}}],"collection":[{"href":"https:\/\/ledenonciateur224.com\/index.php\/wp-json\/wp\/v2\/posts"}],"about":[{"href":"https:\/\/ledenonciateur224.com\/index.php\/wp-json\/wp\/v2\/types\/post"}],"author":[{"embeddable":true,"href":"https:\/\/ledenonciateur224.com\/index.php\/wp-json\/wp\/v2\/users\/2"}],"replies":[{"embeddable":true,"href":"https:\/\/ledenonciateur224.com\/index.php\/wp-json\/wp\/v2\/comments?post=5826"}],"version-history":[{"count":0,"href":"https:\/\/ledenonciateur224.com\/index.php\/wp-json\/wp\/v2\/posts\/5826\/revisions"}],"wp:featuredmedia":[{"embeddable":true,"href":"https:\/\/ledenonciateur224.com\/index.php\/wp-json\/wp\/v2\/media\/5828"}],"wp:attachment":[{"href":"https:\/\/ledenonciateur224.com\/index.php\/wp-json\/wp\/v2\/media?parent=5826"}],"wp:term":[{"taxonomy":"category","embeddable":true,"href":"https:\/\/ledenonciateur224.com\/index.php\/wp-json\/wp\/v2\/categories?post=5826"},{"taxonomy":"post_tag","embeddable":true,"href":"https:\/\/ledenonciateur224.com\/index.php\/wp-json\/wp\/v2\/tags?post=5826"}],"curies":[{"name":"wp","href":"https:\/\/api.w.org\/{rel}","templated":true}]}}