{"id":5834,"date":"2025-11-03T09:27:27","date_gmt":"2025-11-03T09:27:27","guid":{"rendered":"https:\/\/ledenonciateur224.com\/?p=5834"},"modified":"2025-11-03T09:27:27","modified_gmt":"2025-11-03T09:27:27","slug":"conakry-capitale-de-la-creativite-africaine-la-guinee-celebre-sa-premiere-biennale-bieguip-2025","status":"publish","type":"post","link":"https:\/\/ledenonciateur224.com\/index.php\/conakry-capitale-de-la-creativite-africaine-la-guinee-celebre-sa-premiere-biennale-bieguip-2025\/","title":{"rendered":"Conakry, capitale de la cr\u00e9ativit\u00e9 africaine : la Guin\u00e9e c\u00e9l\u00e8bre sa premi\u00e8re Biennale (BIEGUIP 2025)"},"content":{"rendered":"<p>Du\u00a0<strong>7 au 15 novembre prochain<\/strong>, Conakry se transformera en un v\u00e9ritable carrefour de la cr\u00e9ativit\u00e9 africaine \u00e0 l\u2019occasion de la\u00a0<strong>premi\u00e8re \u00e9dition de la Biennale de Guin\u00e9e (BIEGUIP)<\/strong>, plac\u00e9e sous le th\u00e8me \u00e9vocateur :\u00a0<em>\u00ab La Guin\u00e9e, notre paradis \u00bb<\/em>.<br \/>\nCon\u00e7ue comme une\u00a0<strong>plateforme inclusive<\/strong>\u00a0et un\u00a0<strong>espace d\u2019unit\u00e9<\/strong>, cette Biennale ambitionne de c\u00e9l\u00e9brer la\u00a0<strong>diversit\u00e9 culturelle<\/strong>\u00a0et les\u00a0<strong>richesses artistiques<\/strong>\u00a0du pays tout en favorisant le\u00a0<strong>dialogue<\/strong>, les\u00a0<strong>\u00e9changes<\/strong>\u00a0et\u00a0<strong>l\u2019ouverture<\/strong>\u00a0avec le reste du monde.<\/p>\n<h3>Une Biennale pluridisciplinaire et f\u00e9d\u00e9ratrice<\/h3>\n<p><img loading=\"lazy\" decoding=\"async\" class=\"alignnone size-full wp-image-5835\" src=\"https:\/\/ledenonciateur224.com\/wp-content\/uploads\/2025\/11\/24c733ea-fb8f-4552-ab12-1524343183e1-750x430-1.jpeg\" alt=\"\" width=\"750\" height=\"430\" srcset=\"https:\/\/ledenonciateur224.com\/wp-content\/uploads\/2025\/11\/24c733ea-fb8f-4552-ab12-1524343183e1-750x430-1.jpeg 750w, https:\/\/ledenonciateur224.com\/wp-content\/uploads\/2025\/11\/24c733ea-fb8f-4552-ab12-1524343183e1-750x430-1-300x172.jpeg 300w, https:\/\/ledenonciateur224.com\/wp-content\/uploads\/2025\/11\/24c733ea-fb8f-4552-ab12-1524343183e1-750x430-1-150x86.jpeg 150w, https:\/\/ledenonciateur224.com\/wp-content\/uploads\/2025\/11\/24c733ea-fb8f-4552-ab12-1524343183e1-750x430-1-696x399.jpeg 696w, https:\/\/ledenonciateur224.com\/wp-content\/uploads\/2025\/11\/24c733ea-fb8f-4552-ab12-1524343183e1-750x430-1-733x420.jpeg 733w\" sizes=\"auto, (max-width: 750px) 100vw, 750px\" \/><\/p>\n<p>Le BIEGUIP ne se limite pas aux arts traditionnels : il embrasse plusieurs domaines, de la\u00a0<strong>culture<\/strong>\u00a0\u00e0 la\u00a0<strong>technologie<\/strong>, en passant par le\u00a0<strong>tourisme<\/strong>,\u00a0<strong>l\u2019entrepreneuriat<\/strong>,\u00a0<strong>l\u2019\u00e9ducation<\/strong>\u00a0et le\u00a0<strong>bien-\u00eatre<\/strong>.<br \/>\nL\u2019\u00e9v\u00e9nement rassemblera plus de\u00a0<strong>100 artistes guin\u00e9ens et internationaux<\/strong>, ainsi que\u00a0<strong>200 d\u00e9cideurs, innovateurs et leaders d\u2019opinion<\/strong>. Ensemble, ils feront de Conakry une vitrine vivante de la\u00a0<strong>cr\u00e9ativit\u00e9 guin\u00e9enne<\/strong>\u00a0et de la\u00a0<strong>vitalit\u00e9 culturelle du continent africain<\/strong>.<\/p>\n<p>La Biennale proposera un\u00a0<strong>calendrier dynamique<\/strong>\u00a0m\u00ealant musique, arts visuels, d\u00e9bats et innovation. Parmi les temps forts :<\/p>\n<ul>\n<li><strong>Le grand carnaval de Conakry<\/strong>\u00a0\u2013 7 novembre<\/li>\n<li><strong>Le concert des l\u00e9gendes<\/strong>, avec notamment\u00a0<strong>S\u00e9kouba Bambino<\/strong>\u00a0\u2013 8 novembre<\/li>\n<li><strong>Le Forum de la Culture Africaine (FORCA)<\/strong>\u00a0\u2013 10 et 11 novembre<\/li>\n<li><strong>Une grande exposition pluridisciplinaire<\/strong>, rassemblant pr\u00e8s de\u00a0<strong>40 stands<\/strong>\u00a0\u2013 du 8 au 12 novembre<\/li>\n<\/ul>\n<h3>Un engagement institutionnel fort<\/h3>\n<p>Le\u00a0<strong>ministre de la Culture<\/strong>\u00a0a r\u00e9affirm\u00e9 le\u00a0<strong>soutien total du gouvernement<\/strong>\u00a0\u00e0 cette premi\u00e8re \u00e9dition, en coh\u00e9rence avec la\u00a0<strong>vision du Pr\u00e9sident Mamadi Doumbouya<\/strong>, qui fait de la culture le\u00a0<strong>deuxi\u00e8me pilier du Programme de d\u00e9veloppement Simandou 2040<\/strong>.<br \/>\nCette orientation traduit la volont\u00e9 de positionner la Guin\u00e9e comme un\u00a0<strong>acteur incontournable du rayonnement culturel africain<\/strong>.<\/p>\n<h3>Un rendez-vous appel\u00e9 \u00e0 durer<\/h3>\n<p>Pour\u00a0<strong>Abdoulaye M\u2019Baye<\/strong>, initiateur du projet, la Biennale de Guin\u00e9e n\u2019est pas qu\u2019un \u00e9v\u00e9nement ponctuel : elle se veut un\u00a0<strong>rendez-vous durable<\/strong>, inscrit dans le temps, \u00e0 la fois pour le\u00a0<strong>monde de la culture<\/strong>\u00a0et celui des\u00a0<strong>affaires<\/strong>.<br \/>\nSon ambition : faire du BIEGUIP un\u00a0<strong>\u00e9v\u00e9nement biennal de r\u00e9f\u00e9rence<\/strong>\u00a0sur le continent, capable de f\u00e9d\u00e9rer les talents et de renforcer l\u2019attractivit\u00e9 culturelle et \u00e9conomique de la Guin\u00e9e.<\/p>\n<p>&nbsp;<\/p>\n<p>&nbsp;<\/p>\n<p>AMC<\/p>\n","protected":false},"excerpt":{"rendered":"<p>Du\u00a07 au 15 novembre prochain, Conakry se transformera en un v\u00e9ritable carrefour de la cr\u00e9ativit\u00e9 africaine \u00e0 l\u2019occasion de la\u00a0premi\u00e8re \u00e9dition de la Biennale de Guin\u00e9e (BIEGUIP), plac\u00e9e sous le th\u00e8me \u00e9vocateur :\u00a0\u00ab La Guin\u00e9e, notre paradis \u00bb. Con\u00e7ue comme une\u00a0plateforme inclusive\u00a0et un\u00a0espace d\u2019unit\u00e9, cette Biennale ambitionne de c\u00e9l\u00e9brer la\u00a0diversit\u00e9 culturelle\u00a0et les\u00a0richesses artistiques\u00a0du pays tout [&hellip;]<\/p>\n","protected":false},"author":2,"featured_media":5836,"comment_status":"closed","ping_status":"closed","sticky":false,"template":"","format":"standard","meta":{"_jetpack_memberships_contains_paid_content":false,"footnotes":"","jetpack_publicize_message":"","jetpack_publicize_feature_enabled":true,"jetpack_social_post_already_shared":true,"jetpack_social_options":{"image_generator_settings":{"template":"highway","default_image_id":0,"font":"","enabled":false},"version":2}},"categories":[28,24],"tags":[1271,802],"class_list":{"0":"post-5834","1":"post","2":"type-post","3":"status-publish","4":"format-standard","5":"has-post-thumbnail","7":"category-culture","8":"category-news","9":"tag-biennale","10":"tag-culturel-guineenne"},"jetpack_publicize_connections":[],"jetpack_featured_media_url":"https:\/\/ledenonciateur224.com\/wp-content\/uploads\/2025\/11\/b2ec2542-53c8-4b19-ac64-8bf5eb6e1a2b-768x521-1.jpeg","jetpack_sharing_enabled":true,"_links":{"self":[{"href":"https:\/\/ledenonciateur224.com\/index.php\/wp-json\/wp\/v2\/posts\/5834","targetHints":{"allow":["GET"]}}],"collection":[{"href":"https:\/\/ledenonciateur224.com\/index.php\/wp-json\/wp\/v2\/posts"}],"about":[{"href":"https:\/\/ledenonciateur224.com\/index.php\/wp-json\/wp\/v2\/types\/post"}],"author":[{"embeddable":true,"href":"https:\/\/ledenonciateur224.com\/index.php\/wp-json\/wp\/v2\/users\/2"}],"replies":[{"embeddable":true,"href":"https:\/\/ledenonciateur224.com\/index.php\/wp-json\/wp\/v2\/comments?post=5834"}],"version-history":[{"count":0,"href":"https:\/\/ledenonciateur224.com\/index.php\/wp-json\/wp\/v2\/posts\/5834\/revisions"}],"wp:featuredmedia":[{"embeddable":true,"href":"https:\/\/ledenonciateur224.com\/index.php\/wp-json\/wp\/v2\/media\/5836"}],"wp:attachment":[{"href":"https:\/\/ledenonciateur224.com\/index.php\/wp-json\/wp\/v2\/media?parent=5834"}],"wp:term":[{"taxonomy":"category","embeddable":true,"href":"https:\/\/ledenonciateur224.com\/index.php\/wp-json\/wp\/v2\/categories?post=5834"},{"taxonomy":"post_tag","embeddable":true,"href":"https:\/\/ledenonciateur224.com\/index.php\/wp-json\/wp\/v2\/tags?post=5834"}],"curies":[{"name":"wp","href":"https:\/\/api.w.org\/{rel}","templated":true}]}}