{"id":5840,"date":"2025-11-03T19:39:07","date_gmt":"2025-11-03T19:39:07","guid":{"rendered":"https:\/\/ledenonciateur224.com\/?p=5840"},"modified":"2025-11-03T19:39:07","modified_gmt":"2025-11-03T19:39:07","slug":"presidentielle-2025-le-general-mamadi-doumbouya-entre-officiellement-en-lice","status":"publish","type":"post","link":"https:\/\/ledenonciateur224.com\/index.php\/presidentielle-2025-le-general-mamadi-doumbouya-entre-officiellement-en-lice\/","title":{"rendered":"Pr\u00e9sidentielle 2025 : le g\u00e9n\u00e9ral Mamadi Doumbouya entre officiellement en lice"},"content":{"rendered":"<p>Le <strong>g\u00e9n\u00e9ral Mamadi Doumbouya<\/strong> a mis fin au suspense. Le <strong>chef de l\u2019\u00c9tat guin\u00e9en<\/strong> est d\u00e9sormais <strong>candidat \u00e0 l\u2019\u00e9lection pr\u00e9sidentielle<\/strong> pr\u00e9vue le <strong>28 d\u00e9cembre 2025<\/strong>.<br \/>\nCe <strong>lundi 3 novembre<\/strong>, dans l\u2019apr\u00e8s-midi, il a <strong>d\u00e9pos\u00e9 son dossier de candidature \u00e0 la Cour supr\u00eame<\/strong>, situ\u00e9e au quartier <strong>Camayenne<\/strong>, dans la commune de <strong>Dixinn<\/strong>.<\/p>\n<p>Cette d\u00e9marche marque une \u00e9tape majeure du processus \u00e9lectoral et confirme les rumeurs persistantes de ces derni\u00e8res semaines. Apr\u00e8s plusieurs jours d\u2019attente, le pr\u00e9sident sortant a finalement lev\u00e9 le voile sur ses intentions politiques, choisissant de <strong>se pr\u00e9senter \u00e0 sa propre succession<\/strong>.<\/p>\n<h3>Une candidature tr\u00e8s attendue<\/h3>\n<p>L\u2019annonce \u00e9tait scrut\u00e9e tant par la classe politique que par la population.<br \/>\nEn entrant dans la bataille \u00e9lectorale, <strong>le g\u00e9n\u00e9ral Doumbouya<\/strong> rebat les cartes d\u2019une comp\u00e9tition o\u00f9 il devrait affronter <strong>une poign\u00e9e d\u2019adversaires<\/strong>.<br \/>\nSa candidature, officialis\u00e9e \u00e0 la derni\u00e8re minute, red\u00e9finit les rapports de force et donne un nouveau souffle \u00e0 une campagne d\u00e9j\u00e0 marqu\u00e9e par de fortes attentes citoyennes.<\/p>\n<h3>Une course \u00e0 cinq pour le fauteuil pr\u00e9sidentiel<\/h3>\n<p>\u00c0 ce jour, <strong>cinq candidatures<\/strong> ont \u00e9t\u00e9 enregistr\u00e9es par la Cour supr\u00eame, dont <strong>une seule femme<\/strong> :<\/p>\n<ul>\n<li><strong>Lansana Kouyat\u00e9<\/strong>, ancien Premier ministre et leader du <strong>PEDN<\/strong> ;<\/li>\n<li><strong>Ousmane Kaba<\/strong>, ancien ministre, ancien d\u00e9put\u00e9 et pr\u00e9sident du <strong>PADES<\/strong> ;<\/li>\n<li><strong>Makal\u00e9 Camara<\/strong>, pr\u00e9sidente du <strong>FAN<\/strong> et unique femme candidate ;<\/li>\n<li><strong>Faya Lansana Millimouno<\/strong>, pr\u00e9sident du <strong>Bloc Lib\u00e9ral<\/strong> ;<\/li>\n<li><strong>G\u00e9n\u00e9ral Mamadi Doumbouya<\/strong>, chef de l\u2019\u00c9tat depuis le <strong>5 septembre 2021<\/strong>.<\/li>\n<\/ul>\n<h3>Le cap vers le 28 d\u00e9cembre<\/h3>\n<p>Les <strong>dossiers de candidature<\/strong> seront examin\u00e9s par la <strong>Cour supr\u00eame<\/strong>, qui aura la responsabilit\u00e9 de <strong>valider les pr\u00e9tendants officiels<\/strong> \u00e0 la magistrature supr\u00eame.<br \/>\nLe prochain pr\u00e9sident de la R\u00e9publique de Guin\u00e9e sera \u00e9lu pour un <strong>mandat de sept ans<\/strong>, dans un scrutin qui s\u2019annonce <strong>d\u00e9cisif pour l\u2019avenir politique du pays<\/strong>.<\/p>\n<p>&nbsp;<\/p>\n<p>Ledenonciateur224.com<\/p>\n","protected":false},"excerpt":{"rendered":"<p>Le g\u00e9n\u00e9ral Mamadi Doumbouya a mis fin au suspense. Le chef de l\u2019\u00c9tat guin\u00e9en est d\u00e9sormais candidat \u00e0 l\u2019\u00e9lection pr\u00e9sidentielle pr\u00e9vue le 28 d\u00e9cembre 2025. Ce lundi 3 novembre, dans l\u2019apr\u00e8s-midi, il a d\u00e9pos\u00e9 son dossier de candidature \u00e0 la Cour supr\u00eame, situ\u00e9e au quartier Camayenne, dans la commune de Dixinn. Cette d\u00e9marche marque une [&hellip;]<\/p>\n","protected":false},"author":2,"featured_media":5841,"comment_status":"closed","ping_status":"closed","sticky":false,"template":"","format":"standard","meta":{"_jetpack_memberships_contains_paid_content":false,"footnotes":"","jetpack_publicize_message":"","jetpack_publicize_feature_enabled":true,"jetpack_social_post_already_shared":true,"jetpack_social_options":{"image_generator_settings":{"template":"highway","default_image_id":0,"font":"","enabled":false},"version":2}},"categories":[24,27],"tags":[1237,1272],"class_list":{"0":"post-5840","1":"post","2":"type-post","3":"status-publish","4":"format-standard","5":"has-post-thumbnail","7":"category-news","8":"category-politique","9":"tag-candidature","10":"tag-dossiers"},"jetpack_publicize_connections":[],"jetpack_featured_media_url":"https:\/\/ledenonciateur224.com\/wp-content\/uploads\/2025\/11\/general-mamadi-doumbouya.jpg","jetpack_sharing_enabled":true,"_links":{"self":[{"href":"https:\/\/ledenonciateur224.com\/index.php\/wp-json\/wp\/v2\/posts\/5840","targetHints":{"allow":["GET"]}}],"collection":[{"href":"https:\/\/ledenonciateur224.com\/index.php\/wp-json\/wp\/v2\/posts"}],"about":[{"href":"https:\/\/ledenonciateur224.com\/index.php\/wp-json\/wp\/v2\/types\/post"}],"author":[{"embeddable":true,"href":"https:\/\/ledenonciateur224.com\/index.php\/wp-json\/wp\/v2\/users\/2"}],"replies":[{"embeddable":true,"href":"https:\/\/ledenonciateur224.com\/index.php\/wp-json\/wp\/v2\/comments?post=5840"}],"version-history":[{"count":0,"href":"https:\/\/ledenonciateur224.com\/index.php\/wp-json\/wp\/v2\/posts\/5840\/revisions"}],"wp:featuredmedia":[{"embeddable":true,"href":"https:\/\/ledenonciateur224.com\/index.php\/wp-json\/wp\/v2\/media\/5841"}],"wp:attachment":[{"href":"https:\/\/ledenonciateur224.com\/index.php\/wp-json\/wp\/v2\/media?parent=5840"}],"wp:term":[{"taxonomy":"category","embeddable":true,"href":"https:\/\/ledenonciateur224.com\/index.php\/wp-json\/wp\/v2\/categories?post=5840"},{"taxonomy":"post_tag","embeddable":true,"href":"https:\/\/ledenonciateur224.com\/index.php\/wp-json\/wp\/v2\/tags?post=5840"}],"curies":[{"name":"wp","href":"https:\/\/api.w.org\/{rel}","templated":true}]}}