{"id":5843,"date":"2025-11-03T19:43:19","date_gmt":"2025-11-03T19:43:19","guid":{"rendered":"https:\/\/ledenonciateur224.com\/?p=5843"},"modified":"2025-11-03T19:43:19","modified_gmt":"2025-11-03T19:43:19","slug":"ousmane-dady-camara-le-general-mamadi-doumbouya-est-a-lecoute-du-peuple-et-repond-a-son-appel","status":"publish","type":"post","link":"https:\/\/ledenonciateur224.com\/index.php\/ousmane-dady-camara-le-general-mamadi-doumbouya-est-a-lecoute-du-peuple-et-repond-a-son-appel\/","title":{"rendered":"Ousmane Dady Camara : \u00ab Le g\u00e9n\u00e9ral Mamadi Doumbouya est \u00e0 l\u2019\u00e9coute du peuple et r\u00e9pond \u00e0 son appel \u00bb"},"content":{"rendered":"<p>Apr\u00e8s plusieurs jours de suspense, le\u00a0<strong>g\u00e9n\u00e9ral Mamadi Doumbouya<\/strong>\u00a0a officiellement annonc\u00e9, ce\u00a0<strong>lundi 3 novembre<\/strong>, sa\u00a0<strong>candidature \u00e0 l\u2019\u00e9lection pr\u00e9sidentielle<\/strong>\u00a0en d\u00e9posant ses dossiers \u00e0 la\u00a0<strong>Cour supr\u00eame<\/strong>.<br \/>\nUne d\u00e9cision qui suscite enthousiasme et fiert\u00e9 au sein de plusieurs mouvements citoyens, dont le\u00a0<strong>Forum Ensemble pour la Guin\u00e9e<\/strong>, coordonn\u00e9 par\u00a0<strong>Ousmane Dady Camara<\/strong>.<\/p>\n<h3>\u00ab Le chef de l\u2019\u00c9tat a r\u00e9pondu \u00e0 un honneur : celui de l\u2019appel du peuple \u00bb<\/h3>\n<p>Pour Ousmane Dady Camara, cette candidature est avant tout la r\u00e9ponse \u00e0 une attente nationale.<\/p>\n<p>\u00ab Le chef de l\u2019\u00c9tat a r\u00e9pondu \u00e0 un honneur : celui de l\u2019appel du peuple de Guin\u00e9e et de toutes ses composantes \u00bb, a-t-il d\u00e9clar\u00e9 avec conviction.<\/p>\n<p>Selon lui, cette nouvelle \u00e9tape ouvre la voie \u00e0 un\u00a0<strong>d\u00e9veloppement durable et inclusif<\/strong>\u00a0:<\/p>\n<p>\u00ab D\u00e9mocratiquement, notre pays va s\u2019imposer sur le plan du d\u00e9veloppement, sur le plan infrastructurel et sur le plan alimentaire. Le d\u00e9veloppement tant souhait\u00e9 devient une r\u00e9alit\u00e9 chez nous. Ce travail vise \u00e0 faire de la Guin\u00e9e un pays parmi les \u00c9tats tr\u00e8s \u00e9mergents. \u00bb<\/p>\n<p>Le coordinateur du Forum a tenu \u00e0\u00a0<strong>remercier le g\u00e9n\u00e9ral Mamadi Doumbouya<\/strong>\u00a0pour avoir entendu et accept\u00e9 la volont\u00e9 de son peuple.<\/p>\n<p>\u00ab Le rendez-vous est donn\u00e9 pour le\u00a0<strong>28 d\u00e9cembre 2025<\/strong>, dans les urnes, de fa\u00e7on d\u00e9mocratique et avec fiert\u00e9. La Guin\u00e9e se l\u00e8vera comme un seul homme pour choisir son fils, notre fils, notre fr\u00e8re, notre p\u00e8re, notre ami, un Guin\u00e9en. Le Forum a \u00e9t\u00e9 cr\u00e9\u00e9 pour promouvoir cette vision, et aujourd\u2019hui, Dieu merci, cela devient une r\u00e9alit\u00e9. \u00bb<\/p>\n<p>Ousmane Dady Camara a exprim\u00e9 l\u2019espoir que la\u00a0<strong>candidature du g\u00e9n\u00e9ral<\/strong>\u00a0soit valid\u00e9e, afin que le peuple guin\u00e9en puisse librement se d\u00e9terminer lors du scrutin.<\/p>\n<p>Dans son message de conclusion, le coordinateur du Forum Ensemble pour la Guin\u00e9e a lanc\u00e9 un appel vibrant \u00e0 la mobilisation de tous les \u00e9lecteurs :<\/p>\n<p>\u00ab Il est \u00e0 l\u2019\u00e9coute du peuple. C\u2019est son peuple qui l\u2019a appel\u00e9, et il a r\u00e9pondu. Pensez-vous que ce sera un probl\u00e8me de gagner ou de ne pas gagner ? Ce que nous attendons, c\u2019est le\u00a0<strong>taux de participation massif<\/strong>\u00a0et la\u00a0<strong>victoire \u00e9crasante<\/strong>\u00a0du g\u00e9n\u00e9ral Mamadi Doumbouya dans les prochains jours. Et vous serez t\u00e9moins de l\u2019histoire. \u00bb<\/p>\n<p>&nbsp;<\/p>\n<p>Balla Yombouno<\/p>\n","protected":false},"excerpt":{"rendered":"<p>Apr\u00e8s plusieurs jours de suspense, le\u00a0g\u00e9n\u00e9ral Mamadi Doumbouya\u00a0a officiellement annonc\u00e9, ce\u00a0lundi 3 novembre, sa\u00a0candidature \u00e0 l\u2019\u00e9lection pr\u00e9sidentielle\u00a0en d\u00e9posant ses dossiers \u00e0 la\u00a0Cour supr\u00eame. Une d\u00e9cision qui suscite enthousiasme et fiert\u00e9 au sein de plusieurs mouvements citoyens, dont le\u00a0Forum Ensemble pour la Guin\u00e9e, coordonn\u00e9 par\u00a0Ousmane Dady Camara. \u00ab Le chef de l\u2019\u00c9tat a r\u00e9pondu \u00e0 un [&hellip;]<\/p>\n","protected":false},"author":2,"featured_media":5844,"comment_status":"closed","ping_status":"closed","sticky":false,"template":"","format":"standard","meta":{"_jetpack_memberships_contains_paid_content":false,"footnotes":"","jetpack_publicize_message":"","jetpack_publicize_feature_enabled":true,"jetpack_social_post_already_shared":true,"jetpack_social_options":{"image_generator_settings":{"template":"highway","default_image_id":0,"font":"","enabled":false},"version":2}},"categories":[24,27],"tags":[1237,1273,522],"class_list":{"0":"post-5843","1":"post","2":"type-post","3":"status-publish","4":"format-standard","5":"has-post-thumbnail","7":"category-news","8":"category-politique","9":"tag-candidature","10":"tag-dady","11":"tag-mamadi-doumbouya"},"jetpack_publicize_connections":[],"jetpack_featured_media_url":"https:\/\/ledenonciateur224.com\/wp-content\/uploads\/2025\/11\/img-20251103-wa0078.jpg","jetpack_sharing_enabled":true,"_links":{"self":[{"href":"https:\/\/ledenonciateur224.com\/index.php\/wp-json\/wp\/v2\/posts\/5843","targetHints":{"allow":["GET"]}}],"collection":[{"href":"https:\/\/ledenonciateur224.com\/index.php\/wp-json\/wp\/v2\/posts"}],"about":[{"href":"https:\/\/ledenonciateur224.com\/index.php\/wp-json\/wp\/v2\/types\/post"}],"author":[{"embeddable":true,"href":"https:\/\/ledenonciateur224.com\/index.php\/wp-json\/wp\/v2\/users\/2"}],"replies":[{"embeddable":true,"href":"https:\/\/ledenonciateur224.com\/index.php\/wp-json\/wp\/v2\/comments?post=5843"}],"version-history":[{"count":0,"href":"https:\/\/ledenonciateur224.com\/index.php\/wp-json\/wp\/v2\/posts\/5843\/revisions"}],"wp:featuredmedia":[{"embeddable":true,"href":"https:\/\/ledenonciateur224.com\/index.php\/wp-json\/wp\/v2\/media\/5844"}],"wp:attachment":[{"href":"https:\/\/ledenonciateur224.com\/index.php\/wp-json\/wp\/v2\/media?parent=5843"}],"wp:term":[{"taxonomy":"category","embeddable":true,"href":"https:\/\/ledenonciateur224.com\/index.php\/wp-json\/wp\/v2\/categories?post=5843"},{"taxonomy":"post_tag","embeddable":true,"href":"https:\/\/ledenonciateur224.com\/index.php\/wp-json\/wp\/v2\/tags?post=5843"}],"curies":[{"name":"wp","href":"https:\/\/api.w.org\/{rel}","templated":true}]}}