{"id":5856,"date":"2025-11-05T18:59:14","date_gmt":"2025-11-05T18:59:14","guid":{"rendered":"https:\/\/ledenonciateur224.com\/?p=5856"},"modified":"2025-11-05T18:59:14","modified_gmt":"2025-11-05T18:59:14","slug":"guinee-lassociation-des-journalistes-debout-pour-allah-plaide-pour-la-paix-et-lunite-nationale","status":"publish","type":"post","link":"https:\/\/ledenonciateur224.com\/index.php\/guinee-lassociation-des-journalistes-debout-pour-allah-plaide-pour-la-paix-et-lunite-nationale\/","title":{"rendered":"Guin\u00e9e : L\u2019Association des Journalistes Debout pour Allah plaide pour la paix et l\u2019unit\u00e9 nationale"},"content":{"rendered":"<p>Sous le haut patronage d\u2019Elhadj Karamo Diawara, ministre secr\u00e9taire g\u00e9n\u00e9ral des Affaires religieuses, l\u2019Association des Journalistes Debout pour Allah a organis\u00e9, ce mercredi 5 novembre 2025, une importante conf\u00e9rence islamique au <strong>Centre islamique de Donka<\/strong>, \u00e0 Conakry.<br \/>\nPlac\u00e9e sous le th\u00e8me <strong>\u00ab La paix, l\u2019unit\u00e9 et le vivre-ensemble \u00bb<\/strong>, cette rencontre s\u2019inscrit dans la volont\u00e9 de promouvoir la coh\u00e9sion sociale et de renforcer les liens fraternels entre les fils et filles de Guin\u00e9e, \u00e0 un moment o\u00f9 le pays se pr\u00e9pare \u00e0 une nouvelle \u00e9ch\u00e9ance \u00e9lectorale.<\/p>\n<p>L\u2019\u00e9v\u00e9nement a rassembl\u00e9 plusieurs personnalit\u00e9s religieuses et administratives issues des treize communes de la capitale : des maires, des imams, des auditeurs, ainsi que de nombreux journalistes et acteurs des m\u00e9dias.<br \/>\nLe conf\u00e9rencier principal, <strong>Elhadj Mohamed Saliou Camara<\/strong>, premier imam de la grande mosqu\u00e9e Fay\u00e7al, a livr\u00e9 un message fort, ax\u00e9 sur l\u2019importance de la paix dans la construction d\u2019une nation stable et prosp\u00e8re.<\/p>\n<p><img loading=\"lazy\" decoding=\"async\" class=\"alignnone size-full wp-image-5857\" src=\"https:\/\/ledenonciateur224.com\/wp-content\/uploads\/2025\/11\/20251105-124241-scaled.jpg\" alt=\"\" width=\"2560\" height=\"1520\" srcset=\"https:\/\/ledenonciateur224.com\/wp-content\/uploads\/2025\/11\/20251105-124241-scaled.jpg 2560w, https:\/\/ledenonciateur224.com\/wp-content\/uploads\/2025\/11\/20251105-124241-300x178.jpg 300w, https:\/\/ledenonciateur224.com\/wp-content\/uploads\/2025\/11\/20251105-124241-1024x608.jpg 1024w, https:\/\/ledenonciateur224.com\/wp-content\/uploads\/2025\/11\/20251105-124241-768x456.jpg 768w, https:\/\/ledenonciateur224.com\/wp-content\/uploads\/2025\/11\/20251105-124241-1536x912.jpg 1536w, https:\/\/ledenonciateur224.com\/wp-content\/uploads\/2025\/11\/20251105-124241-2048x1216.jpg 2048w, https:\/\/ledenonciateur224.com\/wp-content\/uploads\/2025\/11\/20251105-124241-150x89.jpg 150w, https:\/\/ledenonciateur224.com\/wp-content\/uploads\/2025\/11\/20251105-124241-696x413.jpg 696w, https:\/\/ledenonciateur224.com\/wp-content\/uploads\/2025\/11\/20251105-124241-1068x634.jpg 1068w, https:\/\/ledenonciateur224.com\/wp-content\/uploads\/2025\/11\/20251105-124241-1920x1140.jpg 1920w, https:\/\/ledenonciateur224.com\/wp-content\/uploads\/2025\/11\/20251105-124241-707x420.jpg 707w\" sizes=\"auto, (max-width: 2560px) 100vw, 2560px\" \/><\/p>\n<p>\u00ab La paix est le socle de tout d\u00e9veloppement. Sans elle, il n\u2019y a ni s\u00e9curit\u00e9, ni progr\u00e8s, ni unit\u00e9 nationale \u00bb, a-t-il d\u00e9clar\u00e9, invitant les fid\u00e8les musulmans et les professionnels de la presse \u00e0 faire de la communication un instrument de coh\u00e9sion et non de division.<\/p>\n<h3><strong>Le ministre Karamo Diawara salue l\u2019initiative des journalistes croyants<\/strong><\/h3>\n<p>Prenant la parole \u00e0 son tour, <strong>Elhadj Karamo Diawara<\/strong> a f\u00e9licit\u00e9 les organisateurs pour cette initiative jug\u00e9e salutaire et a appel\u00e9 les communicateurs \u00e0 davantage de responsabilit\u00e9 dans le traitement de l\u2019information.<\/p>\n<p><img loading=\"lazy\" decoding=\"async\" class=\"alignnone size-full wp-image-5858\" src=\"https:\/\/ledenonciateur224.com\/wp-content\/uploads\/2025\/11\/20251105-133711-scaled.jpg\" alt=\"\" width=\"2560\" height=\"1152\" srcset=\"https:\/\/ledenonciateur224.com\/wp-content\/uploads\/2025\/11\/20251105-133711-scaled.jpg 2560w, https:\/\/ledenonciateur224.com\/wp-content\/uploads\/2025\/11\/20251105-133711-300x135.jpg 300w, https:\/\/ledenonciateur224.com\/wp-content\/uploads\/2025\/11\/20251105-133711-1024x461.jpg 1024w, https:\/\/ledenonciateur224.com\/wp-content\/uploads\/2025\/11\/20251105-133711-768x346.jpg 768w, https:\/\/ledenonciateur224.com\/wp-content\/uploads\/2025\/11\/20251105-133711-1536x691.jpg 1536w, https:\/\/ledenonciateur224.com\/wp-content\/uploads\/2025\/11\/20251105-133711-2048x922.jpg 2048w, https:\/\/ledenonciateur224.com\/wp-content\/uploads\/2025\/11\/20251105-133711-150x68.jpg 150w, https:\/\/ledenonciateur224.com\/wp-content\/uploads\/2025\/11\/20251105-133711-696x313.jpg 696w, https:\/\/ledenonciateur224.com\/wp-content\/uploads\/2025\/11\/20251105-133711-1068x481.jpg 1068w, https:\/\/ledenonciateur224.com\/wp-content\/uploads\/2025\/11\/20251105-133711-1920x864.jpg 1920w, https:\/\/ledenonciateur224.com\/wp-content\/uploads\/2025\/11\/20251105-133711-933x420.jpg 933w\" sizes=\"auto, (max-width: 2560px) 100vw, 2560px\" \/><\/p>\n<p>\u00ab Je voudrais remercier les conf\u00e9renciers pour cette brillante intervention et exprimer toute notre gratitude pour le choix de ces th\u00e8mes si pertinents.<\/p>\n<p>Ce n\u2019est pas \u00e0 travers les r\u00e9seaux sociaux qu\u2019il faut s\u2019adresser \u00e0 quelqu\u2019un pour dire une v\u00e9rit\u00e9 qui risque d\u2019enflammer le pays.<br \/>\nSi tous les communicateurs adoptaient la m\u00eame d\u00e9marche que vous, la Guin\u00e9e vivrait dans la paix jusqu\u2019\u00e0 la fin des temps.<br \/>\nEn tant que religieux, je suis convaincu de la justesse de votre message. Merci de le v\u00e9hiculer dans toutes les radios et \u00e0 travers les m\u00e9dias. Cela permettra d\u2019assurer des \u00e9lections apais\u00e9es et une stabilit\u00e9 durable \u00bb, a-t-il d\u00e9clar\u00e9.<\/p>\n<p>Le ministre a \u00e9galement r\u00e9affirm\u00e9 la disponibilit\u00e9 de son d\u00e9partement \u00e0 accompagner toute initiative \u0153uvrant pour la paix, la tol\u00e9rance et la coexistence pacifique entre les Guin\u00e9ens.<\/p>\n<p>Dans son intervention, Elhadj<strong> Daouda Youla <\/strong>pr\u00e9sident de l\u2019Association des Journalistes Debout pour Allah, a rappel\u00e9 la mission de son organisation et la responsabilit\u00e9 sociale qui incombe aux professionnels de l\u2019information.<\/p>\n<p><img loading=\"lazy\" decoding=\"async\" class=\"alignnone size-full wp-image-5859\" src=\"https:\/\/ledenonciateur224.com\/wp-content\/uploads\/2025\/11\/20251105-124236-scaled.jpg\" alt=\"\" width=\"2560\" height=\"1152\" srcset=\"https:\/\/ledenonciateur224.com\/wp-content\/uploads\/2025\/11\/20251105-124236-scaled.jpg 2560w, https:\/\/ledenonciateur224.com\/wp-content\/uploads\/2025\/11\/20251105-124236-300x135.jpg 300w, https:\/\/ledenonciateur224.com\/wp-content\/uploads\/2025\/11\/20251105-124236-1024x461.jpg 1024w, https:\/\/ledenonciateur224.com\/wp-content\/uploads\/2025\/11\/20251105-124236-768x346.jpg 768w, https:\/\/ledenonciateur224.com\/wp-content\/uploads\/2025\/11\/20251105-124236-1536x691.jpg 1536w, https:\/\/ledenonciateur224.com\/wp-content\/uploads\/2025\/11\/20251105-124236-2048x922.jpg 2048w, https:\/\/ledenonciateur224.com\/wp-content\/uploads\/2025\/11\/20251105-124236-150x68.jpg 150w, https:\/\/ledenonciateur224.com\/wp-content\/uploads\/2025\/11\/20251105-124236-696x313.jpg 696w, https:\/\/ledenonciateur224.com\/wp-content\/uploads\/2025\/11\/20251105-124236-1068x481.jpg 1068w, https:\/\/ledenonciateur224.com\/wp-content\/uploads\/2025\/11\/20251105-124236-1920x864.jpg 1920w, https:\/\/ledenonciateur224.com\/wp-content\/uploads\/2025\/11\/20251105-124236-933x420.jpg 933w\" sizes=\"auto, (max-width: 2560px) 100vw, 2560px\" \/><\/p>\n<p>\u00ab Nous sommes des journalistes, hommes et femmes de m\u00e9dias, anim\u00e9s par une m\u00eame conviction : la plume et la parole sont des armes puissantes. Elles peuvent d\u00e9truire, diviser, mais aussi rassembler.<\/p>\n<p>Notre mission est de promouvoir la paix, l\u2019unit\u00e9 et le vivre-ensemble \u00e0 travers une communication responsable.<br \/>\nCette association, n\u00e9e il y a deux ans, m\u00e8ne chaque ann\u00e9e des activit\u00e9s de sensibilisation. Cette conf\u00e9rence islamique, anim\u00e9e par le premier imam de la mosqu\u00e9e Fay\u00e7al, vise \u00e0 rappeler aux journalistes leur r\u00f4le dans la pr\u00e9servation de la coh\u00e9sion nationale \u00bb, a-t-il expliqu\u00e9.<\/p>\n<p>Elhadj Youla a \u00e9galement interpell\u00e9 les m\u00e9dias guin\u00e9ens \u00e0 adopter un ton apais\u00e9 et impartial, surtout en p\u00e9riode \u00e9lectorale, afin d\u2019\u00e9viter les discours haineux et les manipulations susceptibles de diviser les citoyens.<\/p>\n<p>\u00ab La Guin\u00e9e est notre seule patrie. Nous sommes n\u00e9s ici, nos parents et nos grands-parents aussi. Nous devons la pr\u00e9server, la prot\u00e9ger et la d\u00e9velopper ensemble \u00bb, a-t-il ajout\u00e9, avant d\u2019annoncer la poursuite d\u2019autres projets \u00e0 caract\u00e8re humanitaire pour l\u2019ann\u00e9e 2026.<\/p>\n<p>Cette conf\u00e9rence a \u00e9t\u00e9 unanimement salu\u00e9e par les participants, qui y ont vu une initiative porteuse d\u2019espoir dans un contexte sociopolitique parfois tendu.<br \/>\nPlusieurs intervenants ont exprim\u00e9 leur satisfaction quant \u00e0 la qualit\u00e9 des \u00e9changes et ont encourag\u00e9 l\u2019association \u00e0 multiplier ce genre d\u2019activit\u00e9s dans les r\u00e9gions de l\u2019int\u00e9rieur du pays.<\/p>\n<p><img loading=\"lazy\" decoding=\"async\" class=\"alignnone size-full wp-image-5860\" src=\"https:\/\/ledenonciateur224.com\/wp-content\/uploads\/2025\/11\/20251105-132125-scaled.jpg\" alt=\"\" width=\"2560\" height=\"1152\" srcset=\"https:\/\/ledenonciateur224.com\/wp-content\/uploads\/2025\/11\/20251105-132125-scaled.jpg 2560w, https:\/\/ledenonciateur224.com\/wp-content\/uploads\/2025\/11\/20251105-132125-300x135.jpg 300w, https:\/\/ledenonciateur224.com\/wp-content\/uploads\/2025\/11\/20251105-132125-1024x461.jpg 1024w, https:\/\/ledenonciateur224.com\/wp-content\/uploads\/2025\/11\/20251105-132125-768x346.jpg 768w, https:\/\/ledenonciateur224.com\/wp-content\/uploads\/2025\/11\/20251105-132125-1536x691.jpg 1536w, https:\/\/ledenonciateur224.com\/wp-content\/uploads\/2025\/11\/20251105-132125-2048x922.jpg 2048w, https:\/\/ledenonciateur224.com\/wp-content\/uploads\/2025\/11\/20251105-132125-150x68.jpg 150w, https:\/\/ledenonciateur224.com\/wp-content\/uploads\/2025\/11\/20251105-132125-696x313.jpg 696w, https:\/\/ledenonciateur224.com\/wp-content\/uploads\/2025\/11\/20251105-132125-1068x481.jpg 1068w, https:\/\/ledenonciateur224.com\/wp-content\/uploads\/2025\/11\/20251105-132125-1920x864.jpg 1920w, https:\/\/ledenonciateur224.com\/wp-content\/uploads\/2025\/11\/20251105-132125-933x420.jpg 933w\" sizes=\"auto, (max-width: 2560px) 100vw, 2560px\" \/><\/p>\n<p>L\u2019\u00e9v\u00e9nement s\u2019est cl\u00f4tur\u00e9 par la <strong>remise d\u2019un satisfecit au pr\u00e9sident de la R\u00e9publique, le G\u00e9n\u00e9ral Mamadi Doumbouya<\/strong>, en reconnaissance de ses efforts pour la stabilit\u00e9, la paix et la promotion de l\u2019unit\u00e9 nationale.<\/p>\n<p>Au-del\u00e0 de la dimension religieuse, cette conf\u00e9rence a mis en lumi\u00e8re le r\u00f4le crucial des m\u00e9dias dans la consolidation du tissu social guin\u00e9en.<br \/>\nDans une soci\u00e9t\u00e9 o\u00f9 l\u2019information circule \u00e0 grande vitesse, les journalistes sont appel\u00e9s \u00e0 \u00eatre non seulement des transmetteurs de faits, mais aussi des <strong>artisans de la paix<\/strong>.<\/p>\n<p>\u00c0 travers cette rencontre, l\u2019Association des Journalistes Debout pour Allah r\u00e9affirme sa volont\u00e9 de faire du journalisme un outil de dialogue, d\u2019\u00e9ducation civique et de fraternit\u00e9 nationale.<\/p>\n<p>&nbsp;<\/p>\n<p>Mohamed\u00a0 Camara<\/p>\n","protected":false},"excerpt":{"rendered":"<p>Sous le haut patronage d\u2019Elhadj Karamo Diawara, ministre secr\u00e9taire g\u00e9n\u00e9ral des Affaires religieuses, l\u2019Association des Journalistes Debout pour Allah a organis\u00e9, ce mercredi 5 novembre 2025, une importante conf\u00e9rence islamique au Centre islamique de Donka, \u00e0 Conakry. Plac\u00e9e sous le th\u00e8me \u00ab La paix, l\u2019unit\u00e9 et le vivre-ensemble \u00bb, cette rencontre s\u2019inscrit dans la volont\u00e9 [&hellip;]<\/p>\n","protected":false},"author":2,"featured_media":5857,"comment_status":"closed","ping_status":"closed","sticky":false,"template":"","format":"standard","meta":{"_jetpack_memberships_contains_paid_content":false,"footnotes":"","jetpack_publicize_message":"","jetpack_publicize_feature_enabled":true,"jetpack_social_post_already_shared":true,"jetpack_social_options":{"image_generator_settings":{"template":"highway","default_image_id":0,"font":"","enabled":false},"version":2}},"categories":[30,24],"tags":[514,346],"class_list":{"0":"post-5856","1":"post","2":"type-post","3":"status-publish","4":"format-standard","5":"has-post-thumbnail","7":"category-faits-divers","8":"category-news","9":"tag-paix-et-lunite-nationale","10":"tag-journalistes"},"jetpack_publicize_connections":[],"jetpack_featured_media_url":"https:\/\/ledenonciateur224.com\/wp-content\/uploads\/2025\/11\/20251105-124241-scaled.jpg","jetpack_sharing_enabled":true,"_links":{"self":[{"href":"https:\/\/ledenonciateur224.com\/index.php\/wp-json\/wp\/v2\/posts\/5856","targetHints":{"allow":["GET"]}}],"collection":[{"href":"https:\/\/ledenonciateur224.com\/index.php\/wp-json\/wp\/v2\/posts"}],"about":[{"href":"https:\/\/ledenonciateur224.com\/index.php\/wp-json\/wp\/v2\/types\/post"}],"author":[{"embeddable":true,"href":"https:\/\/ledenonciateur224.com\/index.php\/wp-json\/wp\/v2\/users\/2"}],"replies":[{"embeddable":true,"href":"https:\/\/ledenonciateur224.com\/index.php\/wp-json\/wp\/v2\/comments?post=5856"}],"version-history":[{"count":0,"href":"https:\/\/ledenonciateur224.com\/index.php\/wp-json\/wp\/v2\/posts\/5856\/revisions"}],"wp:featuredmedia":[{"embeddable":true,"href":"https:\/\/ledenonciateur224.com\/index.php\/wp-json\/wp\/v2\/media\/5857"}],"wp:attachment":[{"href":"https:\/\/ledenonciateur224.com\/index.php\/wp-json\/wp\/v2\/media?parent=5856"}],"wp:term":[{"taxonomy":"category","embeddable":true,"href":"https:\/\/ledenonciateur224.com\/index.php\/wp-json\/wp\/v2\/categories?post=5856"},{"taxonomy":"post_tag","embeddable":true,"href":"https:\/\/ledenonciateur224.com\/index.php\/wp-json\/wp\/v2\/tags?post=5856"}],"curies":[{"name":"wp","href":"https:\/\/api.w.org\/{rel}","templated":true}]}}