{"id":5863,"date":"2025-11-05T19:08:08","date_gmt":"2025-11-05T19:08:08","guid":{"rendered":"https:\/\/ledenonciateur224.com\/?p=5863"},"modified":"2025-11-05T19:08:08","modified_gmt":"2025-11-05T19:08:08","slug":"guinee-lintersyndicale-de-leducation-depose-un-preavis-de-greve-nationale","status":"publish","type":"post","link":"https:\/\/ledenonciateur224.com\/index.php\/guinee-lintersyndicale-de-leducation-depose-un-preavis-de-greve-nationale\/","title":{"rendered":"Guin\u00e9e : L\u2019intersyndicale de l\u2019\u00c9ducation d\u00e9pose un pr\u00e9avis de gr\u00e8ve nationale"},"content":{"rendered":"<p>L\u2019information vient tout juste de tomber! L\u2019intersyndicale de l\u2019\u00c9ducation a annonc\u00e9, ce mercredi 5 novembre 2025, avoir d\u00e9pos\u00e9 un <strong>pr\u00e9avis de gr\u00e8ve g\u00e9n\u00e9rale<\/strong> sur l\u2019ensemble du territoire national.<\/p>\n<p>Dans le document rendu public, les syndicats signataires affirment agir <strong>\u00ab conform\u00e9ment aux dispositions l\u00e9gales en vigueur en R\u00e9publique de Guin\u00e9e \u00bb<\/strong>, et pr\u00e9cisent que ce d\u00e9p\u00f4t intervient dans le cadre de la <strong>plateforme revendicative du 1er septembre 2025<\/strong>.<\/p>\n<p><em>\u00ab Conform\u00e9ment aux dispositions l\u00e9gales en vigueur en R\u00e9publique de Guin\u00e9e, l\u2019intersyndicale de l\u2019\u00c9ducation signataire de la plateforme revendicative du 1er septembre 2025, d\u00e9pose un pr\u00e9avis de gr\u00e8ve en ce jour 5 novembre 2025 sur toute l\u2019\u00e9tendue du territoire national \u00bb<\/em>, peut-on lire dans le communiqu\u00e9.<\/p>\n<h3><strong>Des accusations de blocage adress\u00e9es au Gouvernement<\/strong><\/h3>\n<p>Dans ce pr\u00e9avis, le bloc syndical \u2014 compos\u00e9 de la <strong>FSPE, du SLECG et du SNE<\/strong> \u2014 d\u00e9nonce le <strong>\u00ab refus cat\u00e9gorique \u00bb<\/strong> du Gouvernement d\u2019ouvrir des n\u00e9gociations avec les repr\u00e9sentants du secteur \u00e9ducatif.<br \/>\nLes syndicats pointent \u00e9galement du doigt le <strong>non-respect des engagements<\/strong> pris par les autorit\u00e9s \u00e0 l\u2019\u00e9gard des <strong>enseignants contractuels communaux non retenus<\/strong>, ainsi que ceux de la <strong>zone sp\u00e9ciale de Conakry<\/strong>, qui attendent toujours leur int\u00e9gration apr\u00e8s des ann\u00e9es de service.<\/p>\n<h3><strong>Les syndicats s\u2019appuient sur les conventions internationales<\/strong><\/h3>\n<p>Se r\u00e9f\u00e9rant aux <strong>conventions 87 et 98 de l\u2019Organisation internationale du Travail (OIT)<\/strong>, ratifi\u00e9es par la Guin\u00e9e depuis 1959, l\u2019intersyndicale rappelle le droit fondamental des travailleurs \u00e0 la libert\u00e9 syndicale et \u00e0 la n\u00e9gociation collective.<\/p>\n<p><em>\u00ab L\u2019Intersyndicale de l\u2019\u00c9ducation de Guin\u00e9e invite le Gouvernement \u00e0 ouvrir les n\u00e9gociations sans d\u00e9lai et \u00e0 satisfaire les points contenus dans la plateforme revendicative du 1er septembre 2025 \u00bb<\/em>, pr\u00e9cise le texte.<\/p>\n<p>Les syndicats laissent toutefois une porte ouverte au dialogue, tout en fixant un <strong>ultimatum de dix jours<\/strong> aux autorit\u00e9s.<\/p>\n<p><em>\u00ab Faute de r\u00e9ponse satisfaisante dans un d\u00e9lai de dix (10) jours \u00e0 compter de la r\u00e9ception du pr\u00e9sent avis, l\u2019intersyndicale de l\u2019\u00c9ducation se r\u00e9serve le droit de d\u00e9clencher une gr\u00e8ve g\u00e9n\u00e9rale et illimit\u00e9e sur toute l\u2019\u00e9tendue du territoire national \u00bb<\/em>, conclut le document, sign\u00e9 par <strong>Aboubacar Soumah, Kadiatou Bah, Michel P\u00e9p\u00e9 Balamou et Alghassimou Barry.<\/strong><\/p>\n<h3><strong>Un pr\u00e9avis qui intervient dans un contexte de tension sociale<\/strong><\/h3>\n<p>Cette nouvelle <strong>menace de gr\u00e8ve<\/strong> survient alors que le <strong>Premier ministre, Bah Oury<\/strong>, a rencontr\u00e9 hier, mardi 4 novembre, les principaux leaders syndicaux du secteur \u00e9ducatif.<br \/>\nSelon des sources proches de la Primature, cette rencontre visait \u00e0 <strong>trouver des voies et moyens pour d\u00e9samorcer la crise<\/strong> et parvenir \u00e0 un compromis autour des revendications des enseignants.<\/p>\n<p>Lors de cette r\u00e9union, le chef du Gouvernement aurait <strong>ordonn\u00e9 l\u2019ouverture sans d\u00e9lai des n\u00e9gociations<\/strong> entre le minist\u00e8re de l\u2019\u00c9ducation nationale et les syndicats, dans le but d\u2019\u00e9viter un nouvel arr\u00eat des cours \u00e0 l\u2019\u00e9chelle nationale.<\/p>\n<h3><strong>Un bras de fer qui pourrait paralyser le syst\u00e8me \u00e9ducatif<\/strong><\/h3>\n<p>Si aucune solution n\u2019est trouv\u00e9e d\u2019ici la fin du d\u00e9lai fix\u00e9, la Guin\u00e9e pourrait faire face \u00e0 une <strong>gr\u00e8ve g\u00e9n\u00e9rale dans le secteur \u00e9ducatif<\/strong>, avec des cons\u00e9quences importantes sur le calendrier scolaire d\u00e9j\u00e0 serr\u00e9.<br \/>\nLes enseignants, de leur c\u00f4t\u00e9, affirment qu\u2019ils ne r\u00e9clament que le <strong>respect des engagements pris<\/strong> et l\u2019<strong>am\u00e9lioration de leurs conditions de vie et de travail<\/strong>.<\/p>\n<p>En attendant la r\u00e9action officielle du Gouvernement, <strong>la tension monte \u00e0 nouveau dans le secteur de l\u2019\u00c9ducation<\/strong>, l\u2019un des plus sensibles du pays.<\/p>\n<p>&nbsp;<\/p>\n<p>Mohamed Camara<\/p>\n","protected":false},"excerpt":{"rendered":"<p>L\u2019information vient tout juste de tomber! L\u2019intersyndicale de l\u2019\u00c9ducation a annonc\u00e9, ce mercredi 5 novembre 2025, avoir d\u00e9pos\u00e9 un pr\u00e9avis de gr\u00e8ve g\u00e9n\u00e9rale sur l\u2019ensemble du territoire national. Dans le document rendu public, les syndicats signataires affirment agir \u00ab conform\u00e9ment aux dispositions l\u00e9gales en vigueur en R\u00e9publique de Guin\u00e9e \u00bb, et pr\u00e9cisent que ce d\u00e9p\u00f4t [&hellip;]<\/p>\n","protected":false},"author":2,"featured_media":5864,"comment_status":"closed","ping_status":"closed","sticky":false,"template":"","format":"standard","meta":{"_jetpack_memberships_contains_paid_content":false,"footnotes":"","jetpack_publicize_message":"","jetpack_publicize_feature_enabled":true,"jetpack_social_post_already_shared":true,"jetpack_social_options":{"image_generator_settings":{"template":"highway","default_image_id":0,"font":"","enabled":false},"version":2}},"categories":[30,24],"tags":[1126,96],"class_list":{"0":"post-5863","1":"post","2":"type-post","3":"status-publish","4":"format-standard","5":"has-post-thumbnail","7":"category-faits-divers","8":"category-news","9":"tag-education","10":"tag-greve"},"jetpack_publicize_connections":[],"jetpack_featured_media_url":"https:\/\/ledenonciateur224.com\/wp-content\/uploads\/2025\/11\/soumah-aboubacar-slecg-768x552-1.jpg","jetpack_sharing_enabled":true,"_links":{"self":[{"href":"https:\/\/ledenonciateur224.com\/index.php\/wp-json\/wp\/v2\/posts\/5863","targetHints":{"allow":["GET"]}}],"collection":[{"href":"https:\/\/ledenonciateur224.com\/index.php\/wp-json\/wp\/v2\/posts"}],"about":[{"href":"https:\/\/ledenonciateur224.com\/index.php\/wp-json\/wp\/v2\/types\/post"}],"author":[{"embeddable":true,"href":"https:\/\/ledenonciateur224.com\/index.php\/wp-json\/wp\/v2\/users\/2"}],"replies":[{"embeddable":true,"href":"https:\/\/ledenonciateur224.com\/index.php\/wp-json\/wp\/v2\/comments?post=5863"}],"version-history":[{"count":0,"href":"https:\/\/ledenonciateur224.com\/index.php\/wp-json\/wp\/v2\/posts\/5863\/revisions"}],"wp:featuredmedia":[{"embeddable":true,"href":"https:\/\/ledenonciateur224.com\/index.php\/wp-json\/wp\/v2\/media\/5864"}],"wp:attachment":[{"href":"https:\/\/ledenonciateur224.com\/index.php\/wp-json\/wp\/v2\/media?parent=5863"}],"wp:term":[{"taxonomy":"category","embeddable":true,"href":"https:\/\/ledenonciateur224.com\/index.php\/wp-json\/wp\/v2\/categories?post=5863"},{"taxonomy":"post_tag","embeddable":true,"href":"https:\/\/ledenonciateur224.com\/index.php\/wp-json\/wp\/v2\/tags?post=5863"}],"curies":[{"name":"wp","href":"https:\/\/api.w.org\/{rel}","templated":true}]}}