{"id":5870,"date":"2025-11-05T19:50:48","date_gmt":"2025-11-05T19:50:48","guid":{"rendered":"https:\/\/ledenonciateur224.com\/?p=5870"},"modified":"2025-11-05T19:50:48","modified_gmt":"2025-11-05T19:50:48","slug":"guinee-cellou-dalein-diallo-conteste-son-exclusion-electorale-devant-la-cedeao","status":"publish","type":"post","link":"https:\/\/ledenonciateur224.com\/index.php\/guinee-cellou-dalein-diallo-conteste-son-exclusion-electorale-devant-la-cedeao\/","title":{"rendered":"Guin\u00e9e : Cellou Dalein Diallo conteste son exclusion \u00e9lectorale devant la CEDEAO"},"content":{"rendered":"<p><span style=\"color: #111111;font-family: Roboto, sans-serif;font-size: 22px\">Le pr\u00e9sident de l\u2019Union des Forces D\u00e9mocratiques de Guin\u00e9e (<\/span><strong style=\"color: #111111;font-family: Roboto, sans-serif;font-size: 22px\">UFDG<\/strong><span style=\"color: #111111;font-family: Roboto, sans-serif;font-size: 22px\">), <\/span><strong style=\"color: #111111;font-family: Roboto, sans-serif;font-size: 22px\">Cellou Dalein Diallo<\/strong><span style=\"color: #111111;font-family: Roboto, sans-serif;font-size: 22px\">, a saisi la <\/span><strong style=\"color: #111111;font-family: Roboto, sans-serif;font-size: 22px\">Cour de justice de la CEDEAO<\/strong><span style=\"color: #111111;font-family: Roboto, sans-serif;font-size: 22px\"> pour <\/span><strong style=\"color: #111111;font-family: Roboto, sans-serif;font-size: 22px\">contester son exclusion du fichier \u00e9lectoral<\/strong><span style=\"color: #111111;font-family: Roboto, sans-serif;font-size: 22px\"> national. \u00c0 travers cette action, il entend <\/span><strong style=\"color: #111111;font-family: Roboto, sans-serif;font-size: 22px\">faire reconna\u00eetre et r\u00e9tablir ses droits civiques et politiques<\/strong><span style=\"color: #111111;font-family: Roboto, sans-serif;font-size: 22px\">, estimant qu\u2019ils ont \u00e9t\u00e9 injustement bafou\u00e9s.<\/span><\/p>\n<p>Dans un communiqu\u00e9 officiel, l\u2019UFDG pr\u00e9cise que cette d\u00e9marche <strong>n\u2019est pas li\u00e9e \u00e0 la \u201cmascarade \u00e9lectorale\u201d<\/strong> que le parti estime \u00eatre <strong>l\u2019\u00e9ch\u00e9ance du 28 d\u00e9cembre 2025<\/strong>, qualifi\u00e9e d\u2019<strong>\u00e9lection sans cr\u00e9dibilit\u00e9 ni transparence<\/strong>.<br \/>\nLe parti d\u2019opposition insiste sur le caract\u00e8re <strong>juridique et principiel<\/strong> de la requ\u00eate introduite aupr\u00e8s de la CEDEAO, qui vise \u00e0 <strong>d\u00e9fendre les droits fondamentaux<\/strong> de son leader et, plus largement, \u00e0 <strong>d\u00e9noncer l\u2019exclusion politique<\/strong> dont seraient victimes plusieurs acteurs de l\u2019opposition.<\/p>\n<p><img loading=\"lazy\" decoding=\"async\" class=\"alignnone size-full wp-image-5871\" src=\"https:\/\/ledenonciateur224.com\/wp-content\/uploads\/2025\/11\/com-ufdg.jpeg\" alt=\"\" width=\"700\" height=\"913\" srcset=\"https:\/\/ledenonciateur224.com\/wp-content\/uploads\/2025\/11\/com-ufdg.jpeg 700w, https:\/\/ledenonciateur224.com\/wp-content\/uploads\/2025\/11\/com-ufdg-230x300.jpeg 230w, https:\/\/ledenonciateur224.com\/wp-content\/uploads\/2025\/11\/com-ufdg-150x196.jpeg 150w, https:\/\/ledenonciateur224.com\/wp-content\/uploads\/2025\/11\/com-ufdg-300x391.jpeg 300w, https:\/\/ledenonciateur224.com\/wp-content\/uploads\/2025\/11\/com-ufdg-696x908.jpeg 696w, https:\/\/ledenonciateur224.com\/wp-content\/uploads\/2025\/11\/com-ufdg-322x420.jpeg 322w\" sizes=\"auto, (max-width: 700px) 100vw, 700px\" \/><\/p>\n<p>Cette initiative marque une <strong>nouvelle \u00e9tape dans le bras de fer politique<\/strong> entre l\u2019UFDG et les autorit\u00e9s de transition, dans un contexte o\u00f9 la question de la <strong>transparence du processus \u00e9lectoral<\/strong> reste au centre des d\u00e9bats politiques en Guin\u00e9e.<\/p>\n<p>&nbsp;<\/p>\n<p>Ledenonciateur224.com<\/p>\n","protected":false},"excerpt":{"rendered":"<p>Le pr\u00e9sident de l\u2019Union des Forces D\u00e9mocratiques de Guin\u00e9e (UFDG), Cellou Dalein Diallo, a saisi la Cour de justice de la CEDEAO pour contester son exclusion du fichier \u00e9lectoral national. \u00c0 travers cette action, il entend faire reconna\u00eetre et r\u00e9tablir ses droits civiques et politiques, estimant qu\u2019ils ont \u00e9t\u00e9 injustement bafou\u00e9s. Dans un communiqu\u00e9 officiel, [&hellip;]<\/p>\n","protected":false},"author":2,"featured_media":4361,"comment_status":"closed","ping_status":"closed","sticky":false,"template":"","format":"standard","meta":{"_jetpack_memberships_contains_paid_content":false,"footnotes":"","jetpack_publicize_message":"","jetpack_publicize_feature_enabled":true,"jetpack_social_post_already_shared":true,"jetpack_social_options":{"image_generator_settings":{"template":"highway","default_image_id":0,"font":"","enabled":false},"version":2}},"categories":[24,27],"tags":[589,1269,578],"class_list":{"0":"post-5870","1":"post","2":"type-post","3":"status-publish","4":"format-standard","5":"has-post-thumbnail","7":"category-news","8":"category-politique","9":"tag-cellou-dalein","10":"tag-exclusion","11":"tag-fichier-electoral"},"jetpack_publicize_connections":[],"jetpack_featured_media_url":"https:\/\/ledenonciateur224.com\/wp-content\/uploads\/2025\/08\/cellou-dalein-diallo-africaguineecom-1.jpeg","jetpack_sharing_enabled":true,"_links":{"self":[{"href":"https:\/\/ledenonciateur224.com\/index.php\/wp-json\/wp\/v2\/posts\/5870","targetHints":{"allow":["GET"]}}],"collection":[{"href":"https:\/\/ledenonciateur224.com\/index.php\/wp-json\/wp\/v2\/posts"}],"about":[{"href":"https:\/\/ledenonciateur224.com\/index.php\/wp-json\/wp\/v2\/types\/post"}],"author":[{"embeddable":true,"href":"https:\/\/ledenonciateur224.com\/index.php\/wp-json\/wp\/v2\/users\/2"}],"replies":[{"embeddable":true,"href":"https:\/\/ledenonciateur224.com\/index.php\/wp-json\/wp\/v2\/comments?post=5870"}],"version-history":[{"count":0,"href":"https:\/\/ledenonciateur224.com\/index.php\/wp-json\/wp\/v2\/posts\/5870\/revisions"}],"wp:featuredmedia":[{"embeddable":true,"href":"https:\/\/ledenonciateur224.com\/index.php\/wp-json\/wp\/v2\/media\/4361"}],"wp:attachment":[{"href":"https:\/\/ledenonciateur224.com\/index.php\/wp-json\/wp\/v2\/media?parent=5870"}],"wp:term":[{"taxonomy":"category","embeddable":true,"href":"https:\/\/ledenonciateur224.com\/index.php\/wp-json\/wp\/v2\/categories?post=5870"},{"taxonomy":"post_tag","embeddable":true,"href":"https:\/\/ledenonciateur224.com\/index.php\/wp-json\/wp\/v2\/tags?post=5870"}],"curies":[{"name":"wp","href":"https:\/\/api.w.org\/{rel}","templated":true}]}}