{"id":5874,"date":"2025-11-06T14:12:08","date_gmt":"2025-11-06T14:12:08","guid":{"rendered":"https:\/\/ledenonciateur224.com\/?p=5874"},"modified":"2025-11-06T14:17:11","modified_gmt":"2025-11-06T14:17:11","slug":"la-guinee-trace-la-voie-du-renouveau-economique-validation-technique-de-la-nouvelle-politique-nationale-de-promotion-du-secteur-prive","status":"publish","type":"post","link":"https:\/\/ledenonciateur224.com\/index.php\/la-guinee-trace-la-voie-du-renouveau-economique-validation-technique-de-la-nouvelle-politique-nationale-de-promotion-du-secteur-prive\/","title":{"rendered":"La Guin\u00e9e trace la voie du renouveau \u00e9conomique : validation technique de la nouvelle politique nationale de promotion du secteur priv\u00e9"},"content":{"rendered":"<p>Le minist\u00e8re de l\u2019Industrie, des Petites et Moyennes Entreprises, \u00e0 travers la Direction Nationale de la Promotion du Secteur Priv\u00e9 (DNPSP), a organis\u00e9 ce jeudi 6 novembre 2025 un\u00a0<strong>atelier consacr\u00e9 \u00e0 la validation technique de la Lettre de Politique Nationale de Promotion du Secteur Priv\u00e9<\/strong>.<br \/>\nLa rencontre, tenue dans un r\u00e9ceptif h\u00f4telier de Conakry, a \u00e9t\u00e9 pr\u00e9sid\u00e9e par\u00a0<strong>Madame la Ministre Dre Diaka Sidib\u00e9<\/strong>, en pr\u00e9sence de repr\u00e9sentants du secteur priv\u00e9, de la soci\u00e9t\u00e9 civile et des partenaires techniques et financiers.<\/p>\n<p><img loading=\"lazy\" decoding=\"async\" class=\"alignnone size-full wp-image-5875\" src=\"https:\/\/ledenonciateur224.com\/wp-content\/uploads\/2025\/11\/20251106-104625-scaled.jpg\" alt=\"\" width=\"2560\" height=\"1152\" srcset=\"https:\/\/ledenonciateur224.com\/wp-content\/uploads\/2025\/11\/20251106-104625-scaled.jpg 2560w, https:\/\/ledenonciateur224.com\/wp-content\/uploads\/2025\/11\/20251106-104625-300x135.jpg 300w, https:\/\/ledenonciateur224.com\/wp-content\/uploads\/2025\/11\/20251106-104625-1024x461.jpg 1024w, https:\/\/ledenonciateur224.com\/wp-content\/uploads\/2025\/11\/20251106-104625-768x346.jpg 768w, https:\/\/ledenonciateur224.com\/wp-content\/uploads\/2025\/11\/20251106-104625-1536x691.jpg 1536w, https:\/\/ledenonciateur224.com\/wp-content\/uploads\/2025\/11\/20251106-104625-2048x922.jpg 2048w, https:\/\/ledenonciateur224.com\/wp-content\/uploads\/2025\/11\/20251106-104625-150x68.jpg 150w, https:\/\/ledenonciateur224.com\/wp-content\/uploads\/2025\/11\/20251106-104625-696x313.jpg 696w, https:\/\/ledenonciateur224.com\/wp-content\/uploads\/2025\/11\/20251106-104625-1068x481.jpg 1068w, https:\/\/ledenonciateur224.com\/wp-content\/uploads\/2025\/11\/20251106-104625-1920x864.jpg 1920w, https:\/\/ledenonciateur224.com\/wp-content\/uploads\/2025\/11\/20251106-104625-933x420.jpg 933w\" sizes=\"auto, (max-width: 2560px) 100vw, 2560px\" \/><\/p>\n<p>En ouvrant les travaux,\u00a0<strong>Dre Karine Tad\u00e9 Diallo<\/strong>, directrice nationale de la promotion du secteur priv\u00e9, a rappel\u00e9 l\u2019importance de cette d\u00e9marche participative :<\/p>\n<p><img loading=\"lazy\" decoding=\"async\" class=\"alignnone size-full wp-image-5881\" src=\"https:\/\/ledenonciateur224.com\/wp-content\/uploads\/2025\/11\/20251106-111929-scaled.jpg\" alt=\"\" width=\"2560\" height=\"1152\" srcset=\"https:\/\/ledenonciateur224.com\/wp-content\/uploads\/2025\/11\/20251106-111929-scaled.jpg 2560w, https:\/\/ledenonciateur224.com\/wp-content\/uploads\/2025\/11\/20251106-111929-300x135.jpg 300w, https:\/\/ledenonciateur224.com\/wp-content\/uploads\/2025\/11\/20251106-111929-1024x461.jpg 1024w, https:\/\/ledenonciateur224.com\/wp-content\/uploads\/2025\/11\/20251106-111929-768x346.jpg 768w, https:\/\/ledenonciateur224.com\/wp-content\/uploads\/2025\/11\/20251106-111929-1536x691.jpg 1536w, https:\/\/ledenonciateur224.com\/wp-content\/uploads\/2025\/11\/20251106-111929-2048x922.jpg 2048w, https:\/\/ledenonciateur224.com\/wp-content\/uploads\/2025\/11\/20251106-111929-150x68.jpg 150w, https:\/\/ledenonciateur224.com\/wp-content\/uploads\/2025\/11\/20251106-111929-696x313.jpg 696w, https:\/\/ledenonciateur224.com\/wp-content\/uploads\/2025\/11\/20251106-111929-1068x481.jpg 1068w, https:\/\/ledenonciateur224.com\/wp-content\/uploads\/2025\/11\/20251106-111929-1920x864.jpg 1920w, https:\/\/ledenonciateur224.com\/wp-content\/uploads\/2025\/11\/20251106-111929-933x420.jpg 933w\" sizes=\"auto, (max-width: 2560px) 100vw, 2560px\" \/><\/p>\n<p>&nbsp;<\/p>\n<p>\u00ab Ce matin, nous sommes r\u00e9unis pour la validation technique de la politique nationale de promotion du secteur priv\u00e9. Pour nous, c\u2019est un v\u00e9ritable enjeu, car notre direction, \u00e0 caract\u00e8re transversal, \u0153uvre au d\u00e9veloppement du secteur priv\u00e9 guin\u00e9en. \u00bb<\/p>\n<p>Elle a soulign\u00e9 que\u00a0<strong>la premi\u00e8re lettre de politique<\/strong>, adopt\u00e9e en 2018, n\u00e9cessitait une actualisation pour tenir compte des\u00a0<strong>nouveaux d\u00e9fis \u00e9conomiques<\/strong>\u00a0et des\u00a0<strong>r\u00e9formes majeures<\/strong>\u00a0en cours :<\/p>\n<p>\u00ab Nous sommes aujourd\u2019hui face \u00e0 de nouveaux enjeux : le programme\u00a0<em>Simandou 2040<\/em>, la loi sur le contenu local, et la politique nationale de d\u00e9veloppement industriel. Tous ces \u00e9l\u00e9ments doivent \u00eatre int\u00e9gr\u00e9s \u00e0 notre r\u00e9flexion. \u00bb<\/p>\n<p>Depuis ao\u00fbt 2025, la DNPSP conduit un\u00a0<strong>processus inclusif<\/strong>\u00a0de r\u00e9vision du document, impliquant les chambres consulaires, le patronat, la soci\u00e9t\u00e9 civile et les minist\u00e8res sectoriels. L\u2019objectif :\u00a0<strong>produire un document consensuel et op\u00e9rationnel<\/strong>, reflet des aspirations de tous les acteurs \u00e9conomiques.<\/p>\n<p>\u00ab Nous voulons un secteur priv\u00e9 qui parle \u00e0 l\u2019agriculture, \u00e0 la promotion f\u00e9minine, \u00e0 la jeunesse, \u00e0 la comp\u00e9titivit\u00e9 et au commerce ext\u00e9rieur \u00bb, a-t-elle insist\u00e9.<\/p>\n<h3>Le secteur priv\u00e9, moteur de la mise en \u0153uvre<\/h3>\n<p><img loading=\"lazy\" decoding=\"async\" class=\"alignnone size-full wp-image-5877\" src=\"https:\/\/ledenonciateur224.com\/wp-content\/uploads\/2025\/11\/20251106-104632-scaled.jpg\" alt=\"\" width=\"2560\" height=\"1152\" srcset=\"https:\/\/ledenonciateur224.com\/wp-content\/uploads\/2025\/11\/20251106-104632-scaled.jpg 2560w, https:\/\/ledenonciateur224.com\/wp-content\/uploads\/2025\/11\/20251106-104632-300x135.jpg 300w, https:\/\/ledenonciateur224.com\/wp-content\/uploads\/2025\/11\/20251106-104632-1024x461.jpg 1024w, https:\/\/ledenonciateur224.com\/wp-content\/uploads\/2025\/11\/20251106-104632-768x346.jpg 768w, https:\/\/ledenonciateur224.com\/wp-content\/uploads\/2025\/11\/20251106-104632-1536x691.jpg 1536w, https:\/\/ledenonciateur224.com\/wp-content\/uploads\/2025\/11\/20251106-104632-2048x922.jpg 2048w, https:\/\/ledenonciateur224.com\/wp-content\/uploads\/2025\/11\/20251106-104632-150x68.jpg 150w, https:\/\/ledenonciateur224.com\/wp-content\/uploads\/2025\/11\/20251106-104632-696x313.jpg 696w, https:\/\/ledenonciateur224.com\/wp-content\/uploads\/2025\/11\/20251106-104632-1068x481.jpg 1068w, https:\/\/ledenonciateur224.com\/wp-content\/uploads\/2025\/11\/20251106-104632-1920x864.jpg 1920w, https:\/\/ledenonciateur224.com\/wp-content\/uploads\/2025\/11\/20251106-104632-933x420.jpg 933w\" sizes=\"auto, (max-width: 2560px) 100vw, 2560px\" \/><\/p>\n<p>Pour\u00a0<strong>\u00c9douard Laduyou<\/strong>, conseiller technique du pr\u00e9sident de la CGE-GUI, la nouvelle politique doit servir de r\u00e9f\u00e9rence pour une meilleure synergie entre l\u2019\u00c9tat et les acteurs \u00e9conomiques :<\/p>\n<p>\u00ab C\u2019est un document de r\u00e9f\u00e9rence sur lequel nous devons pouvoir nous appuyer pour demander un peu plus \u00e0 l\u2019\u00c9tat. Mettre en place des politiques est une chose, mais les mettre en \u0153uvre en est une autre. Nous serons attentifs \u00e0 cette \u00e9tape cruciale. \u00bb<\/p>\n<h3>Une vision claire : b\u00e2tir une Guin\u00e9e prosp\u00e8re et comp\u00e9titive<\/h3>\n<p>Dans son allocution,\u00a0<strong>Madame la Ministre Dre Diaka Sidib\u00e9<\/strong>\u00a0a salu\u00e9 la mobilisation des participants et r\u00e9affirm\u00e9 la vision du gouvernement pour un\u00a0<strong>secteur priv\u00e9 fort et comp\u00e9titif<\/strong>\u00a0:<\/p>\n<p><img loading=\"lazy\" decoding=\"async\" class=\"alignnone size-full wp-image-5878\" src=\"https:\/\/ledenonciateur224.com\/wp-content\/uploads\/2025\/11\/20251106-104740-scaled.jpg\" alt=\"\" width=\"2560\" height=\"1152\" srcset=\"https:\/\/ledenonciateur224.com\/wp-content\/uploads\/2025\/11\/20251106-104740-scaled.jpg 2560w, https:\/\/ledenonciateur224.com\/wp-content\/uploads\/2025\/11\/20251106-104740-300x135.jpg 300w, https:\/\/ledenonciateur224.com\/wp-content\/uploads\/2025\/11\/20251106-104740-1024x461.jpg 1024w, https:\/\/ledenonciateur224.com\/wp-content\/uploads\/2025\/11\/20251106-104740-768x346.jpg 768w, https:\/\/ledenonciateur224.com\/wp-content\/uploads\/2025\/11\/20251106-104740-1536x691.jpg 1536w, https:\/\/ledenonciateur224.com\/wp-content\/uploads\/2025\/11\/20251106-104740-2048x922.jpg 2048w, https:\/\/ledenonciateur224.com\/wp-content\/uploads\/2025\/11\/20251106-104740-150x68.jpg 150w, https:\/\/ledenonciateur224.com\/wp-content\/uploads\/2025\/11\/20251106-104740-696x313.jpg 696w, https:\/\/ledenonciateur224.com\/wp-content\/uploads\/2025\/11\/20251106-104740-1068x481.jpg 1068w, https:\/\/ledenonciateur224.com\/wp-content\/uploads\/2025\/11\/20251106-104740-1920x864.jpg 1920w, https:\/\/ledenonciateur224.com\/wp-content\/uploads\/2025\/11\/20251106-104740-933x420.jpg 933w\" sizes=\"auto, (max-width: 2560px) 100vw, 2560px\" \/><\/p>\n<p>\u00ab C\u2019est avec un grand honneur et un profond sentiment de responsabilit\u00e9 que je prends la parole \u00e0 l\u2019occasion de cet atelier consacr\u00e9 \u00e0 la validation technique de la Lettre de Politique Nationale de Promotion du Secteur Priv\u00e9 et de sa strat\u00e9gie op\u00e9rationnelle. \u00bb<\/p>\n<p>Elle a rendu hommage \u00e0\u00a0<strong>Son Excellence le Pr\u00e9sident Mamadi Doumbouya<\/strong>, dont la vision \u00ab\u00a0<em>Simandou 2040, un pont vers la prosp\u00e9rit\u00e9<\/em>\u00a0\u00bb inspire toutes les r\u00e9formes \u00e9conomiques du pays.<\/p>\n<p><img loading=\"lazy\" decoding=\"async\" class=\"alignnone size-full wp-image-5879\" src=\"https:\/\/ledenonciateur224.com\/wp-content\/uploads\/2025\/11\/20251106-103753-scaled.jpg\" alt=\"\" width=\"2560\" height=\"1152\" srcset=\"https:\/\/ledenonciateur224.com\/wp-content\/uploads\/2025\/11\/20251106-103753-scaled.jpg 2560w, https:\/\/ledenonciateur224.com\/wp-content\/uploads\/2025\/11\/20251106-103753-300x135.jpg 300w, https:\/\/ledenonciateur224.com\/wp-content\/uploads\/2025\/11\/20251106-103753-1024x461.jpg 1024w, https:\/\/ledenonciateur224.com\/wp-content\/uploads\/2025\/11\/20251106-103753-768x346.jpg 768w, https:\/\/ledenonciateur224.com\/wp-content\/uploads\/2025\/11\/20251106-103753-1536x691.jpg 1536w, https:\/\/ledenonciateur224.com\/wp-content\/uploads\/2025\/11\/20251106-103753-2048x922.jpg 2048w, https:\/\/ledenonciateur224.com\/wp-content\/uploads\/2025\/11\/20251106-103753-150x68.jpg 150w, https:\/\/ledenonciateur224.com\/wp-content\/uploads\/2025\/11\/20251106-103753-696x313.jpg 696w, https:\/\/ledenonciateur224.com\/wp-content\/uploads\/2025\/11\/20251106-103753-1068x481.jpg 1068w, https:\/\/ledenonciateur224.com\/wp-content\/uploads\/2025\/11\/20251106-103753-1920x864.jpg 1920w, https:\/\/ledenonciateur224.com\/wp-content\/uploads\/2025\/11\/20251106-103753-933x420.jpg 933w\" sizes=\"auto, (max-width: 2560px) 100vw, 2560px\" \/><\/p>\n<p>\u00ab Le d\u00e9veloppement du secteur priv\u00e9 constitue aujourd\u2019hui un levier essentiel de la croissance \u00e9conomique, de la cr\u00e9ation d\u2019emplois et de l\u2019innovation. Notre ambition est de renforcer son r\u00f4le comme catalyseur de la transformation structurelle de l\u2019\u00e9conomie guin\u00e9enne. \u00bb<\/p>\n<p>La nouvelle lettre de politique nationale vise \u00e0 :<\/p>\n<ul>\n<li><strong>Consolider l\u2019\u00e9cosyst\u00e8me entrepreneurial<\/strong>,<\/li>\n<li><strong>Am\u00e9liorer durablement le climat des affaires<\/strong>,<\/li>\n<li><strong>Faciliter l\u2019acc\u00e8s au financement<\/strong>,<\/li>\n<li>Et\u00a0<strong>accro\u00eetre la comp\u00e9titivit\u00e9 des entreprises<\/strong>, notamment des\u00a0<strong>PME et start-up<\/strong>, vecteurs d\u2019innovation et de dynamisme.<\/li>\n<li>\u00ab Notre objectif commun est clair : b\u00e2tir un secteur priv\u00e9 inclusif, performant et durable, moteur d\u2019une croissance \u00e9quitable et d\u2019une meilleure r\u00e9partition des richesses \u00bb, a conclu la ministre, invitant les participants \u00e0 une contribution active et constructive.<\/li>\n<\/ul>\n<h3>Un cap assum\u00e9 vers la prosp\u00e9rit\u00e9 partag\u00e9e<\/h3>\n<p>L\u2019atelier marque ainsi une\u00a0<strong>\u00e9tape d\u00e9cisive dans la refondation des politiques publiques en faveur du secteur priv\u00e9<\/strong>.<br \/>\nEn s\u2019appuyant sur une d\u00e9marche participative et sur une vision de long terme, la Guin\u00e9e affirme sa volont\u00e9 d\u2019\u00e9riger un tissu \u00e9conomique solide, comp\u00e9titif et r\u00e9silient \u2014 un\u00a0<strong>secteur priv\u00e9 v\u00e9ritablement au c\u0153ur du d\u00e9veloppement national<\/strong>.<\/p>\n<p>&nbsp;<\/p>\n<p>&nbsp;<\/p>\n<p>Aboubacar Moussa Camara<\/p>\n<p>611 70 39 84<\/p>\n","protected":false},"excerpt":{"rendered":"<p>Le minist\u00e8re de l\u2019Industrie, des Petites et Moyennes Entreprises, \u00e0 travers la Direction Nationale de la Promotion du Secteur Priv\u00e9 (DNPSP), a organis\u00e9 ce jeudi 6 novembre 2025 un\u00a0atelier consacr\u00e9 \u00e0 la validation technique de la Lettre de Politique Nationale de Promotion du Secteur Priv\u00e9. La rencontre, tenue dans un r\u00e9ceptif h\u00f4telier de Conakry, a [&hellip;]<\/p>\n","protected":false},"author":2,"featured_media":5877,"comment_status":"closed","ping_status":"closed","sticky":false,"template":"","format":"standard","meta":{"_jetpack_memberships_contains_paid_content":false,"footnotes":"","jetpack_publicize_message":"","jetpack_publicize_feature_enabled":true,"jetpack_social_post_already_shared":true,"jetpack_social_options":{"image_generator_settings":{"template":"highway","default_image_id":0,"font":"","enabled":false},"version":2}},"categories":[29,24],"tags":[630,556,1277,761],"class_list":{"0":"post-5874","1":"post","2":"type-post","3":"status-publish","4":"format-standard","5":"has-post-thumbnail","7":"category-economie","8":"category-news","9":"tag-dre-diaka-sidibe","10":"tag-industrie","11":"tag-pme","12":"tag-secteur-prive"},"jetpack_publicize_connections":[],"jetpack_featured_media_url":"https:\/\/ledenonciateur224.com\/wp-content\/uploads\/2025\/11\/20251106-104632-scaled.jpg","jetpack_sharing_enabled":true,"_links":{"self":[{"href":"https:\/\/ledenonciateur224.com\/index.php\/wp-json\/wp\/v2\/posts\/5874","targetHints":{"allow":["GET"]}}],"collection":[{"href":"https:\/\/ledenonciateur224.com\/index.php\/wp-json\/wp\/v2\/posts"}],"about":[{"href":"https:\/\/ledenonciateur224.com\/index.php\/wp-json\/wp\/v2\/types\/post"}],"author":[{"embeddable":true,"href":"https:\/\/ledenonciateur224.com\/index.php\/wp-json\/wp\/v2\/users\/2"}],"replies":[{"embeddable":true,"href":"https:\/\/ledenonciateur224.com\/index.php\/wp-json\/wp\/v2\/comments?post=5874"}],"version-history":[{"count":0,"href":"https:\/\/ledenonciateur224.com\/index.php\/wp-json\/wp\/v2\/posts\/5874\/revisions"}],"wp:featuredmedia":[{"embeddable":true,"href":"https:\/\/ledenonciateur224.com\/index.php\/wp-json\/wp\/v2\/media\/5877"}],"wp:attachment":[{"href":"https:\/\/ledenonciateur224.com\/index.php\/wp-json\/wp\/v2\/media?parent=5874"}],"wp:term":[{"taxonomy":"category","embeddable":true,"href":"https:\/\/ledenonciateur224.com\/index.php\/wp-json\/wp\/v2\/categories?post=5874"},{"taxonomy":"post_tag","embeddable":true,"href":"https:\/\/ledenonciateur224.com\/index.php\/wp-json\/wp\/v2\/tags?post=5874"}],"curies":[{"name":"wp","href":"https:\/\/api.w.org\/{rel}","templated":true}]}}