{"id":5889,"date":"2025-11-07T07:29:11","date_gmt":"2025-11-07T07:29:11","guid":{"rendered":"https:\/\/ledenonciateur224.com\/?p=5889"},"modified":"2025-11-07T07:29:11","modified_gmt":"2025-11-07T07:29:11","slug":"port-autonome-de-conakry-un-plan-durgence-pour-desengorger-et-moderniser-la-plaque-tournante-du-commerce-guineen","status":"publish","type":"post","link":"https:\/\/ledenonciateur224.com\/index.php\/port-autonome-de-conakry-un-plan-durgence-pour-desengorger-et-moderniser-la-plaque-tournante-du-commerce-guineen\/","title":{"rendered":"Port autonome de Conakry : un plan d\u2019urgence pour d\u00e9sengorger et moderniser la plaque tournante du commerce guin\u00e9en"},"content":{"rendered":"<p><strong>Conakry, 6 novembre 2025<\/strong>\u00a0\u2013 Face \u00e0 la congestion persistante du Port autonome de Conakry, les autorit\u00e9s portuaires intensifient leurs efforts pour redonner fluidit\u00e9 et efficacit\u00e9 \u00e0 ce poumon \u00e9conomique vital. Une nouvelle rencontre, tenue ce jeudi dans un r\u00e9ceptif h\u00f4telier de la capitale, a r\u00e9uni l\u2019ensemble des acteurs de la communaut\u00e9 portuaire autour du\u00a0<strong>plan d\u2019urgence de sortie de crise<\/strong>, mis en \u0153uvre depuis le\u00a0<strong>24 octobre dernier<\/strong>. Objectif : \u00e9valuer les premi\u00e8res retomb\u00e9es du plan, identifier les difficult\u00e9s et renforcer la coordination des actions sur le terrain.<\/p>\n<p>Au cours de la s\u00e9ance, le\u00a0<strong>directeur g\u00e9n\u00e9ral du Port autonome de Conakry<\/strong>,\u00a0<strong>Mamadou Biro Diallo<\/strong>, a pr\u00e9sent\u00e9 les grandes lignes de ce plan d\u2019urgence, tout en saluant la collaboration entre les diff\u00e9rents acteurs impliqu\u00e9s.<\/p>\n<p><img loading=\"lazy\" decoding=\"async\" class=\"alignnone size-full wp-image-5890\" src=\"https:\/\/ledenonciateur224.com\/wp-content\/uploads\/2025\/11\/20251106-114300-scaled.jpg\" alt=\"\" width=\"2560\" height=\"1152\" srcset=\"https:\/\/ledenonciateur224.com\/wp-content\/uploads\/2025\/11\/20251106-114300-scaled.jpg 2560w, https:\/\/ledenonciateur224.com\/wp-content\/uploads\/2025\/11\/20251106-114300-300x135.jpg 300w, https:\/\/ledenonciateur224.com\/wp-content\/uploads\/2025\/11\/20251106-114300-1024x461.jpg 1024w, https:\/\/ledenonciateur224.com\/wp-content\/uploads\/2025\/11\/20251106-114300-768x346.jpg 768w, https:\/\/ledenonciateur224.com\/wp-content\/uploads\/2025\/11\/20251106-114300-1536x691.jpg 1536w, https:\/\/ledenonciateur224.com\/wp-content\/uploads\/2025\/11\/20251106-114300-2048x922.jpg 2048w, https:\/\/ledenonciateur224.com\/wp-content\/uploads\/2025\/11\/20251106-114300-150x68.jpg 150w, https:\/\/ledenonciateur224.com\/wp-content\/uploads\/2025\/11\/20251106-114300-696x313.jpg 696w, https:\/\/ledenonciateur224.com\/wp-content\/uploads\/2025\/11\/20251106-114300-1068x481.jpg 1068w, https:\/\/ledenonciateur224.com\/wp-content\/uploads\/2025\/11\/20251106-114300-1920x864.jpg 1920w, https:\/\/ledenonciateur224.com\/wp-content\/uploads\/2025\/11\/20251106-114300-933x420.jpg 933w\" sizes=\"auto, (max-width: 2560px) 100vw, 2560px\" \/><\/p>\n<p>\u00ab Au cours de cette rencontre de la communaut\u00e9 portuaire, le plan d\u2019urgence de sortie de crise mis en \u0153uvre depuis le 24 octobre a \u00e9t\u00e9 pr\u00e9sent\u00e9 \u00e0 nos partenaires. Nous avons \u00e9galement \u00e9cout\u00e9 leurs observations pour identifier d\u2019autres aspects n\u00e9cessitant une attention particuli\u00e8re \u00bb, a expliqu\u00e9 M. Diallo, avant d\u2019ajouter :<\/p>\n<p>\u00ab Ce plan permettra de d\u00e9congestionner le port. Vous pouvez d\u00e9j\u00e0 constater des am\u00e9liorations significatives sur le terrain. Bien s\u00fbr, quelques difficult\u00e9s subsistent, car c\u2019est un circuit tr\u00e8s dense, avec de nombreux acteurs et partenaires. \u00bb<\/p>\n<p>Pour rendre le dispositif plus efficace et viser une\u00a0<strong>d\u00e9congestion p\u00e9renne<\/strong>, des efforts conjoints sont actuellement d\u00e9ploy\u00e9s :<\/p>\n<ul>\n<li>un\u00a0<strong>espace temporaire de stockage<\/strong>\u00a0a \u00e9t\u00e9 am\u00e9nag\u00e9 pour les conteneurs ;<\/li>\n<li>de\u00a0<strong>nouveaux \u00e9quipements logistiques<\/strong>\u00a0ont \u00e9t\u00e9 acquis gr\u00e2ce \u00e0 l\u2019appui de partenaires techniques ;<\/li>\n<li>et un\u00a0<strong>dispositif de coordination<\/strong>\u00a0entre les op\u00e9rateurs a \u00e9t\u00e9 renforc\u00e9.<\/li>\n<\/ul>\n<h3><\/h3>\n<p>Le directeur g\u00e9n\u00e9ral a \u00e9galement mis l\u2019accent sur la n\u00e9cessit\u00e9 de planifier les activit\u00e9s portuaires en tenant compte des r\u00e9alit\u00e9s climatiques :<\/p>\n<p>\u00ab Le d\u00e9fi \u00e0 venir, c\u2019est la saison des pluies. Nous devons d\u00e9sormais nous organiser pour \u00e9viter que des produits non d\u00e9chargeables sous la pluie ne s\u2019accumulent. L\u2019id\u00e9e est d\u2019encourager nos partenaires \u00e0 anticiper leurs op\u00e9rations avant cette p\u00e9riode critique \u00bb, a-t-il soulign\u00e9.<\/p>\n<h3><img loading=\"lazy\" decoding=\"async\" class=\"alignnone size-full wp-image-5891\" src=\"https:\/\/ledenonciateur224.com\/wp-content\/uploads\/2025\/11\/savane-dga-alport-1.jpeg\" alt=\"\" width=\"700\" height=\"336\" srcset=\"https:\/\/ledenonciateur224.com\/wp-content\/uploads\/2025\/11\/savane-dga-alport-1.jpeg 700w, https:\/\/ledenonciateur224.com\/wp-content\/uploads\/2025\/11\/savane-dga-alport-1-300x144.jpeg 300w, https:\/\/ledenonciateur224.com\/wp-content\/uploads\/2025\/11\/savane-dga-alport-1-150x72.jpeg 150w, https:\/\/ledenonciateur224.com\/wp-content\/uploads\/2025\/11\/savane-dga-alport-1-696x334.jpeg 696w\" sizes=\"auto, (max-width: 700px) 100vw, 700px\" \/><\/h3>\n<p>Pour\u00a0<strong>Emmanuel Masson<\/strong>, directeur de\u00a0<strong>Conakry Terminal<\/strong>, la congestion actuelle du port n\u2019est pas le fruit d\u2019un manque de moyens, mais plut\u00f4t la cons\u00e9quence directe d\u2019une\u00a0<strong>croissance exceptionnelle du trafic<\/strong>.<\/p>\n<p>\u00ab Depuis deux ans, le trafic au terminal \u00e0 conteneurs a connu une hausse spectaculaire. La politique \u00e9conomique actuelle porte ses fruits au-del\u00e0 de nos esp\u00e9rances. Gr\u00e2ce \u00e0 la r\u00e9habilitation du r\u00e9seau routier et \u00e0 la connexion des grandes villes au port de Conakry, ce dernier est d\u00e9sormais au service de tout le pays \u00bb, a-t-il expliqu\u00e9.<\/p>\n<p>Autrefois limit\u00e9 au\u00a0<strong>Grand Conakry<\/strong>\u00a0et \u00e0 la\u00a0<strong>zone bauxitique<\/strong>\u00a0de Boffa et Kamsar, le port dessert d\u00e9sormais\u00a0<strong>l\u2019ensemble du territoire guin\u00e9en<\/strong>, soit une population pass\u00e9e de\u00a0<strong>3 \u00e0 plus de 15 millions de b\u00e9n\u00e9ficiaires directs<\/strong>, g\u00e9n\u00e9rant ainsi un volume d\u2019activit\u00e9s sans pr\u00e9c\u00e9dent.<\/p>\n<p>Pour r\u00e9pondre \u00e0 cette explosion du trafic,\u00a0<strong>Conakry Terminal<\/strong>\u00a0a multipli\u00e9 les investissements et recrutements.<\/p>\n<p>\u00ab Nous avons fait venir un portique suppl\u00e9mentaire pour le quai 12, une grue pour le quai 10, de nouvelles machines et des camions. Nous avons aussi recrut\u00e9 des chauffeurs, des techniciens et du personnel additionnel. Cela a cr\u00e9\u00e9 de nombreux emplois \u00bb, a d\u00e9taill\u00e9 M. Masson, pr\u00e9cisant que l\u2019objectif est d\u00e9sormais de passer de\u00a0<strong>25 000 conteneurs trait\u00e9s<\/strong>\u00a0il y a deux ans \u00e0\u00a0<strong>40 000 conteneurs par mois<\/strong>.<\/p>\n<h3><strong>Un engagement collectif pour la performance du port<\/strong><\/h3>\n<p>De son c\u00f4t\u00e9,\u00a0<strong>Ousmane Savan\u00e9<\/strong>, directeur g\u00e9n\u00e9ral adjoint d\u2019<strong>Alport Conakry<\/strong>, a r\u00e9affirm\u00e9 l\u2019engagement de sa soci\u00e9t\u00e9 \u00e0 contribuer activement \u00e0 la r\u00e9ussite du plan.<\/p>\n<p><img loading=\"lazy\" decoding=\"async\" class=\"alignnone size-full wp-image-5891\" src=\"https:\/\/ledenonciateur224.com\/wp-content\/uploads\/2025\/11\/savane-dga-alport-1.jpeg\" alt=\"\" width=\"700\" height=\"336\" srcset=\"https:\/\/ledenonciateur224.com\/wp-content\/uploads\/2025\/11\/savane-dga-alport-1.jpeg 700w, https:\/\/ledenonciateur224.com\/wp-content\/uploads\/2025\/11\/savane-dga-alport-1-300x144.jpeg 300w, https:\/\/ledenonciateur224.com\/wp-content\/uploads\/2025\/11\/savane-dga-alport-1-150x72.jpeg 150w, https:\/\/ledenonciateur224.com\/wp-content\/uploads\/2025\/11\/savane-dga-alport-1-696x334.jpeg 696w\" sizes=\"auto, (max-width: 700px) 100vw, 700px\" \/><\/p>\n<p>\u00ab Chacun se met dans la dynamique de ce plan d\u2019urgence pour acc\u00e9l\u00e9rer la sortie de crise, avec le soutien de l\u2019autorit\u00e9 portuaire. Nous pensons que nous allons surmonter cette situation. La croissance que nous observons \u2013 plus de 35 % d\u2019augmentation d\u2019activit\u00e9 \u2013 n\u2019\u00e9tait pas pr\u00e9visible. C\u2019est un signe positif pour l\u2019\u00e9conomie nationale \u00bb, a-t-il indiqu\u00e9.<\/p>\n<h3><strong>Vers un port plus fluide, plus comp\u00e9titif et tourn\u00e9 vers l\u2019avenir<\/strong><\/h3>\n<p>Les \u00e9changes ont permis aux participants \u2013 op\u00e9rateurs \u00e9conomiques, transporteurs, soci\u00e9t\u00e9s partenaires \u2013 d\u2019exprimer leurs pr\u00e9occupations et suggestions dans un\u00a0<strong>climat constructif<\/strong>. Toutes ont \u00e9t\u00e9 prises en compte dans la mise \u00e0 jour du plan d\u2019action.<\/p>\n<p>L\u2019ensemble des parties prenantes s\u2019accorde sur une ambition commune : faire du\u00a0<strong>Port autonome de Conakry<\/strong>\u00a0un\u00a0<strong>mod\u00e8le de performance logistique et d\u2019efficacit\u00e9 r\u00e9gionale<\/strong>, capable de soutenir la croissance \u00e9conomique du pays et d\u2019accompagner sa modernisation.<\/p>\n<p><strong>En somme<\/strong>, la r\u00e9ussite de ce plan d\u2019urgence repose sur la continuit\u00e9 des efforts, la solidarit\u00e9 des acteurs et une vision partag\u00e9e : celle d\u2019un port plus fluide, plus moderne et r\u00e9solument tourn\u00e9 vers l\u2019avenir.<\/p>\n<p>&nbsp;<\/p>\n<p>Aboubacar Moussa Camara<\/p>\n<p>611 70 39 84<\/p>\n","protected":false},"excerpt":{"rendered":"<p>Conakry, 6 novembre 2025\u00a0\u2013 Face \u00e0 la congestion persistante du Port autonome de Conakry, les autorit\u00e9s portuaires intensifient leurs efforts pour redonner fluidit\u00e9 et efficacit\u00e9 \u00e0 ce poumon \u00e9conomique vital. Une nouvelle rencontre, tenue ce jeudi dans un r\u00e9ceptif h\u00f4telier de la capitale, a r\u00e9uni l\u2019ensemble des acteurs de la communaut\u00e9 portuaire autour du\u00a0plan d\u2019urgence [&hellip;]<\/p>\n","protected":false},"author":2,"featured_media":5892,"comment_status":"closed","ping_status":"closed","sticky":false,"template":"","format":"standard","meta":{"_jetpack_memberships_contains_paid_content":false,"footnotes":"","jetpack_publicize_message":"","jetpack_publicize_feature_enabled":true,"jetpack_social_post_already_shared":true,"jetpack_social_options":{"image_generator_settings":{"template":"highway","default_image_id":0,"font":"","enabled":false},"version":2}},"categories":[29,24],"tags":[1250],"class_list":{"0":"post-5889","1":"post","2":"type-post","3":"status-publish","4":"format-standard","5":"has-post-thumbnail","7":"category-economie","8":"category-news","9":"tag-port-autonome"},"jetpack_publicize_connections":[],"jetpack_featured_media_url":"https:\/\/ledenonciateur224.com\/wp-content\/uploads\/2025\/11\/presentation-plan-durgence-decongestion-pac-la-une.jpeg","jetpack_sharing_enabled":true,"_links":{"self":[{"href":"https:\/\/ledenonciateur224.com\/index.php\/wp-json\/wp\/v2\/posts\/5889","targetHints":{"allow":["GET"]}}],"collection":[{"href":"https:\/\/ledenonciateur224.com\/index.php\/wp-json\/wp\/v2\/posts"}],"about":[{"href":"https:\/\/ledenonciateur224.com\/index.php\/wp-json\/wp\/v2\/types\/post"}],"author":[{"embeddable":true,"href":"https:\/\/ledenonciateur224.com\/index.php\/wp-json\/wp\/v2\/users\/2"}],"replies":[{"embeddable":true,"href":"https:\/\/ledenonciateur224.com\/index.php\/wp-json\/wp\/v2\/comments?post=5889"}],"version-history":[{"count":0,"href":"https:\/\/ledenonciateur224.com\/index.php\/wp-json\/wp\/v2\/posts\/5889\/revisions"}],"wp:featuredmedia":[{"embeddable":true,"href":"https:\/\/ledenonciateur224.com\/index.php\/wp-json\/wp\/v2\/media\/5892"}],"wp:attachment":[{"href":"https:\/\/ledenonciateur224.com\/index.php\/wp-json\/wp\/v2\/media?parent=5889"}],"wp:term":[{"taxonomy":"category","embeddable":true,"href":"https:\/\/ledenonciateur224.com\/index.php\/wp-json\/wp\/v2\/categories?post=5889"},{"taxonomy":"post_tag","embeddable":true,"href":"https:\/\/ledenonciateur224.com\/index.php\/wp-json\/wp\/v2\/tags?post=5889"}],"curies":[{"name":"wp","href":"https:\/\/api.w.org\/{rel}","templated":true}]}}