{"id":5895,"date":"2025-11-07T22:35:56","date_gmt":"2025-11-07T22:35:56","guid":{"rendered":"https:\/\/ledenonciateur224.com\/?p=5895"},"modified":"2025-11-07T22:35:56","modified_gmt":"2025-11-07T22:35:56","slug":"industries-et-pme-au-coeur-du-developpement-validation-du-cadre-de-partenariats-pays-pcp-guinee","status":"publish","type":"post","link":"https:\/\/ledenonciateur224.com\/index.php\/industries-et-pme-au-coeur-du-developpement-validation-du-cadre-de-partenariats-pays-pcp-guinee\/","title":{"rendered":"Industries et PME au c\u0153ur du d\u00e9veloppement : Validation du Cadre de Partenariats Pays PCP-Guin\u00e9e"},"content":{"rendered":"<div dir=\"auto\">\n<p>Dans le cadre de la mise en \u0153uvre de la vision nationale de transformation \u00e9conomique et sociale par l\u2019industrialisation, le Minist\u00e8re de l\u2019Industrie et des Petites et Moyennes Entreprises, en collaboration avec l\u2019Organisation des Nations Unies pour le D\u00e9veloppement Industriel (ONUDI), a organis\u00e9 ce vendredi 7 novembre 2025, \u00e0 Conakry, l\u2019atelier de validation du Programme Cadre de Partenariat Pays (PCP-Guin\u00e9e).<\/p>\n<\/div>\n<div dir=\"auto\">\n<p>La c\u00e9r\u00e9monie a \u00e9t\u00e9 pr\u00e9sid\u00e9e par le Ministre du Plan et de la Coop\u00e9ration Internationale, M. Isma\u00ebl Nab\u00e9, en pr\u00e9sence de plusieurs membres du gouvernement, des repr\u00e9sentants du secteur priv\u00e9 et des partenaires techniques et financiers. L\u2019objectif principal de cet atelier \u00e9tait de garantir l\u2019alignement, la coh\u00e9rence et l\u2019appropriation du PCP-Guin\u00e9e avec les priorit\u00e9s de d\u00e9veloppement \u00e9conomique et industriel du pays.<\/p>\n<p><img loading=\"lazy\" decoding=\"async\" class=\"alignnone size-full wp-image-5898\" src=\"https:\/\/ledenonciateur224.com\/wp-content\/uploads\/2025\/11\/fb-img-1762554275969-1.jpg\" alt=\"\" width=\"2048\" height=\"1364\" srcset=\"https:\/\/ledenonciateur224.com\/wp-content\/uploads\/2025\/11\/fb-img-1762554275969-1.jpg 2048w, https:\/\/ledenonciateur224.com\/wp-content\/uploads\/2025\/11\/fb-img-1762554275969-1-300x200.jpg 300w, https:\/\/ledenonciateur224.com\/wp-content\/uploads\/2025\/11\/fb-img-1762554275969-1-1024x682.jpg 1024w, https:\/\/ledenonciateur224.com\/wp-content\/uploads\/2025\/11\/fb-img-1762554275969-1-768x512.jpg 768w, https:\/\/ledenonciateur224.com\/wp-content\/uploads\/2025\/11\/fb-img-1762554275969-1-1536x1023.jpg 1536w, https:\/\/ledenonciateur224.com\/wp-content\/uploads\/2025\/11\/fb-img-1762554275969-1-150x100.jpg 150w, https:\/\/ledenonciateur224.com\/wp-content\/uploads\/2025\/11\/fb-img-1762554275969-1-696x464.jpg 696w, https:\/\/ledenonciateur224.com\/wp-content\/uploads\/2025\/11\/fb-img-1762554275969-1-1068x711.jpg 1068w, https:\/\/ledenonciateur224.com\/wp-content\/uploads\/2025\/11\/fb-img-1762554275969-1-1920x1279.jpg 1920w, https:\/\/ledenonciateur224.com\/wp-content\/uploads\/2025\/11\/fb-img-1762554275969-1-631x420.jpg 631w\" sizes=\"auto, (max-width: 2048px) 100vw, 2048px\" \/><\/p>\n<p>Repr\u00e9sentant la Ministre de l\u2019Industrie et des PME, Dre Diaka Sidib\u00e9, la Secr\u00e9taire g\u00e9n\u00e9rale du d\u00e9partement, Mme Bintou Douno, a soulign\u00e9 que ce programme constitue un instrument strat\u00e9gique de coh\u00e9rence gouvernementale et d\u2019efficacit\u00e9 de l\u2019action publique, conform\u00e9ment \u00e0 la vision du Pr\u00e9sident de la R\u00e9publique, le G\u00e9n\u00e9ral Mamadi Doumbouya, qui fait de la transformation locale et de la souverainet\u00e9 \u00e9conomique des piliers majeurs de la politique nationale.<\/p>\n<p>Mme Douno a \u00e9galement rappel\u00e9 que cette d\u00e9marche s\u2019inscrit dans la dynamique du Programme Simandou 2040, qui ambitionne de b\u00e2tir une \u00e9conomie industrielle forte, int\u00e9gr\u00e9e et durable, \u00e0 travers des actions concr\u00e8tes telles que :<\/p>\n<ul>\n<li>La modernisation des outils de r\u00e9gulation industrielle,<\/li>\n<li>La cr\u00e9ation et l\u2019am\u00e9nagement de zones industrielles permanentes,<\/li>\n<li>La promotion du label \u00ab Made in Guinea \u00bb et de l\u2019investissement productif,<\/li>\n<li>Le renforcement des synergies entre l\u2019\u00c9tat, le secteur priv\u00e9 et les partenaires techniques et financiers.<\/li>\n<\/ul>\n<p>La mise en \u0153uvre du PCP-Guin\u00e9e est ainsi appel\u00e9e \u00e0 jouer un r\u00f4le de levier de coordination des politiques industrielles, de catalyseur de r\u00e9formes et d\u2019acc\u00e9l\u00e9rateur de projets structurants, en parfaite ad\u00e9quation avec les ambitions du gouvernement pour une Guin\u00e9e \u00e9mergente et comp\u00e9titive.<\/p>\n<p>Enfin, cet atelier marque l\u2019aboutissement d\u2019un processus national de concertation et d\u2019appropriation, fruit d\u2019un dialogue constructif entre les institutions publiques, le secteur priv\u00e9 et les partenaires au d\u00e9veloppement, confirmant la volont\u00e9 de la Guin\u00e9e de faire de l\u2019industrialisation un moteur durable de croissance et d\u2019emploi.<\/p>\n<p>&nbsp;<\/p>\n<\/div>\n<p>Cellule de communication<\/p>\n","protected":false},"excerpt":{"rendered":"<p>Dans le cadre de la mise en \u0153uvre de la vision nationale de transformation \u00e9conomique et sociale par l\u2019industrialisation, le Minist\u00e8re de l\u2019Industrie et des Petites et Moyennes Entreprises, en collaboration avec l\u2019Organisation des Nations Unies pour le D\u00e9veloppement Industriel (ONUDI), a organis\u00e9 ce vendredi 7 novembre 2025, \u00e0 Conakry, l\u2019atelier de validation du Programme [&hellip;]<\/p>\n","protected":false},"author":2,"featured_media":5896,"comment_status":"closed","ping_status":"closed","sticky":false,"template":"","format":"standard","meta":{"_jetpack_memberships_contains_paid_content":false,"footnotes":"","jetpack_publicize_message":"","jetpack_publicize_feature_enabled":true,"jetpack_social_post_already_shared":true,"jetpack_social_options":{"image_generator_settings":{"template":"highway","default_image_id":0,"font":"","enabled":false},"version":2}},"categories":[29,24],"tags":[556,1277],"class_list":{"0":"post-5895","1":"post","2":"type-post","3":"status-publish","4":"format-standard","5":"has-post-thumbnail","7":"category-economie","8":"category-news","9":"tag-industrie","10":"tag-pme"},"jetpack_publicize_connections":[],"jetpack_featured_media_url":"https:\/\/ledenonciateur224.com\/wp-content\/uploads\/2025\/11\/fb-img-1762554292402.jpg","jetpack_sharing_enabled":true,"_links":{"self":[{"href":"https:\/\/ledenonciateur224.com\/index.php\/wp-json\/wp\/v2\/posts\/5895","targetHints":{"allow":["GET"]}}],"collection":[{"href":"https:\/\/ledenonciateur224.com\/index.php\/wp-json\/wp\/v2\/posts"}],"about":[{"href":"https:\/\/ledenonciateur224.com\/index.php\/wp-json\/wp\/v2\/types\/post"}],"author":[{"embeddable":true,"href":"https:\/\/ledenonciateur224.com\/index.php\/wp-json\/wp\/v2\/users\/2"}],"replies":[{"embeddable":true,"href":"https:\/\/ledenonciateur224.com\/index.php\/wp-json\/wp\/v2\/comments?post=5895"}],"version-history":[{"count":0,"href":"https:\/\/ledenonciateur224.com\/index.php\/wp-json\/wp\/v2\/posts\/5895\/revisions"}],"wp:featuredmedia":[{"embeddable":true,"href":"https:\/\/ledenonciateur224.com\/index.php\/wp-json\/wp\/v2\/media\/5896"}],"wp:attachment":[{"href":"https:\/\/ledenonciateur224.com\/index.php\/wp-json\/wp\/v2\/media?parent=5895"}],"wp:term":[{"taxonomy":"category","embeddable":true,"href":"https:\/\/ledenonciateur224.com\/index.php\/wp-json\/wp\/v2\/categories?post=5895"},{"taxonomy":"post_tag","embeddable":true,"href":"https:\/\/ledenonciateur224.com\/index.php\/wp-json\/wp\/v2\/tags?post=5895"}],"curies":[{"name":"wp","href":"https:\/\/api.w.org\/{rel}","templated":true}]}}