{"id":5900,"date":"2025-11-07T23:06:24","date_gmt":"2025-11-07T23:06:24","guid":{"rendered":"https:\/\/ledenonciateur224.com\/?p=5900"},"modified":"2025-11-07T23:06:24","modified_gmt":"2025-11-07T23:06:24","slug":"la-fin-dune-ere-musicale-sekou-diamond-fingers-bembeya-range-sa-guitare-legendaire","status":"publish","type":"post","link":"https:\/\/ledenonciateur224.com\/index.php\/la-fin-dune-ere-musicale-sekou-diamond-fingers-bembeya-range-sa-guitare-legendaire\/","title":{"rendered":"La fin d\u2019une \u00e8re musicale : S\u00e9kou \u201cDiamond Fingers\u201d Bembeya range sa guitare l\u00e9gendaire"},"content":{"rendered":"<p>Ce\u00a0<strong>vendredi 7 novembre 2025<\/strong>\u00a0restera \u00e0 jamais grav\u00e9 dans la m\u00e9moire culturelle de la Guin\u00e9e et du continent africain. \u00c0\u00a0<strong>81 ans<\/strong>,\u00a0<strong>S\u00e9kou \u201cDiamond Fingers\u201d Bembeya Diabat\u00e9<\/strong>, le mythique guitariste du\u00a0<strong>Bembeya Jazz National<\/strong>, a officiellement\u00a0<strong>pos\u00e9 sa guitare<\/strong>, tournant la page d\u2019une carri\u00e8re exceptionnelle qui aura travers\u00e9 plus de six d\u00e9cennies.<\/p>\n<p>Sur la sc\u00e8ne de la\u00a0<strong>Maison des Jeunes de Donka<\/strong>, l\u2019\u00e9motion \u00e9tait palpable. Artistes, journalistes, anciens compagnons de route et jeunes musiciens s\u2019\u00e9taient rassembl\u00e9s pour rendre hommage \u00e0 celui que beaucoup consid\u00e8rent comme\u00a0<strong>le p\u00e8re de la guitare moderne ouest-africaine<\/strong>. Le maestro, visiblement \u00e9mu, a laiss\u00e9 couler quelques larmes \u2014 un instant suspendu, charg\u00e9 d\u2019histoire et de gratitude.<\/p>\n<p>\u201cChaque chose a son temps. J\u2019ai d\u00e9j\u00e0 tout donn\u00e9\u201d, a-t-il d\u00e9clar\u00e9 simplement, d\u2019une voix tremblante mais apais\u00e9e.<\/p>\n<h3>Un style qui a red\u00e9fini la guitare africaine<\/h3>\n<p>Depuis la cr\u00e9ation du\u00a0<strong>Bembeya Jazz National<\/strong>\u00a0en\u00a0<strong>1961<\/strong>, S\u00e9kou Bembeya a r\u00e9volutionn\u00e9 le son mandingue. Son jeu, m\u00ealant\u00a0<strong>afro-blues<\/strong>,\u00a0<strong>jazz<\/strong>,\u00a0<strong>rythmes afro-cubains<\/strong>\u00a0et\u00a0<strong>m\u00e9lodies traditionnelles<\/strong>, a su faire dialoguer la guitare avec le\u00a0<strong>balafon<\/strong>\u00a0et la\u00a0<strong>kora<\/strong>, instruments phares du patrimoine mandingue.<br \/>\nDe Conakry \u00e0 Lagos, de Paris \u00e0 La Havane, ses riffs cristallins et ses harmonies chaudes ont fait rayonner la\u00a0<strong>musique guin\u00e9enne<\/strong>\u00a0\u00e0 travers le monde.<\/p>\n<p>Surnomm\u00e9\u00a0<strong>\u201cDiamond Fingers\u201d<\/strong>\u00a0apr\u00e8s son triomphe au\u00a0<strong>Festac de Lagos en 1977<\/strong>, S\u00e9kou Bembeya est devenu une l\u00e9gende vivante. Sa virtuosit\u00e9 et sa cr\u00e9ativit\u00e9 ont influenc\u00e9 des g\u00e9n\u00e9rations de musiciens africains, des orchestres modernes aux jeunes artistes afro-jazz d\u2019aujourd\u2019hui.<\/p>\n<h3>Deux albums d\u2019adieu pour une l\u00e9gende \u00e9ternelle<\/h3>\n<p>Avant de se retirer d\u00e9finitivement, l\u2019artiste offre \u00e0 son public\u00a0<strong>deux albums d\u2019adieu<\/strong>, v\u00e9ritables testaments musicaux, dont le lancement est pr\u00e9vu en\u00a0<strong>janvier 2026<\/strong>\u00a0au\u00a0<strong>Palais du Peuple de Conakry<\/strong>.<\/p>\n<ul>\n<li><strong>\u00ab Mangu\u00e8 \u00bb<\/strong>, premier opus, rend hommage au pr\u00e9sident\u00a0<strong>Ahmed S\u00e9kou Tour\u00e9<\/strong>, figure tut\u00e9laire de la Guin\u00e9e ind\u00e9pendante. Compos\u00e9 de\u00a0<strong>12 titres<\/strong>, l\u2019album revisite l\u2019esprit du Bembeya Jazz avec des sonorit\u00e9s profondes, nostalgiques et une production \u00e0 la hauteur de son h\u00e9ritage.<\/li>\n<li><strong>\u00ab Merci mon G\u00e9n\u00e9ral \u00bb<\/strong>, second album, enti\u00e8rement\u00a0<strong>acoustique<\/strong>, est d\u00e9di\u00e9 au pr\u00e9sident\u00a0<strong>Mamadi Doumbouya<\/strong>. Intime, d\u00e9pouill\u00e9 et sinc\u00e8re, il r\u00e9v\u00e8le le c\u00f4t\u00e9 m\u00e9ditatif et spirituel du maestro, comme un dernier dialogue entre l\u2019homme et sa guitare.<\/li>\n<li><\/li>\n<li>Un h\u00e9ritage qui transcende les fronti\u00e8res<\/li>\n<\/ul>\n<p>De ses d\u00e9buts \u00e0 Beyla \u00e0 ses tourn\u00e9es internationales, S\u00e9kou Bembeya Diabat\u00e9 a b\u00e2ti un\u00a0<strong>pont entre les traditions africaines et les musiques du monde<\/strong>. Ses albums solos (<em>Diamond Fingers<\/em>, 1995 ;\u00a0<em>Guitar F\u00f6<\/em>, 2004) ont confirm\u00e9 son g\u00e9nie universel, tandis que ses collaborations avec des artistes comme\u00a0<strong>Salif Ke\u00efta, Mory Kant\u00e9, et Youssou N\u2019Dour<\/strong>\u00a0ont consolid\u00e9 sa stature de\u00a0<strong>pionnier continental<\/strong>.<\/p>\n<p>Aujourd\u2019hui, son influence d\u00e9passe la musique : il incarne la\u00a0<strong>m\u00e9moire vivante de la Guin\u00e9e ind\u00e9pendante<\/strong>, un t\u00e9moin privil\u00e9gi\u00e9 de l\u2019\u00e9poque o\u00f9 les orchestres nationaux \u00e9taient les ambassadeurs culturels d\u2019un continent en pleine renaissance.<\/p>\n<p>La guitare se tait, mais la l\u00e9gende r\u00e9sonne<\/p>\n<p>\u00c0 travers ses doigts d\u2019or, S\u00e9kou Bembeya Diabat\u00e9 a fait vibrer non seulement des cordes, mais aussi des c\u0153urs. Son d\u00e9part de la sc\u00e8ne n\u2019est pas une fin, mais une\u00a0<strong>renaissance symbolique<\/strong>\u00a0: celle d\u2019un patrimoine que les g\u00e9n\u00e9rations futures continueront de chanter, de jouer et d\u2019aimer.<\/p>\n<p><strong>S\u00e9kou Bembeya ne jouera peut-\u00eatre plus, mais ses accords continueront de r\u00e9sonner dans l\u2019\u00e2me de l\u2019Afrique.<\/strong><\/p>\n<p>&nbsp;<\/p>\n<p>Mohamed AC<\/p>\n","protected":false},"excerpt":{"rendered":"<p>Ce\u00a0vendredi 7 novembre 2025\u00a0restera \u00e0 jamais grav\u00e9 dans la m\u00e9moire culturelle de la Guin\u00e9e et du continent africain. \u00c0\u00a081 ans,\u00a0S\u00e9kou \u201cDiamond Fingers\u201d Bembeya Diabat\u00e9, le mythique guitariste du\u00a0Bembeya Jazz National, a officiellement\u00a0pos\u00e9 sa guitare, tournant la page d\u2019une carri\u00e8re exceptionnelle qui aura travers\u00e9 plus de six d\u00e9cennies. Sur la sc\u00e8ne de la\u00a0Maison des Jeunes de [&hellip;]<\/p>\n","protected":false},"author":2,"featured_media":5901,"comment_status":"closed","ping_status":"closed","sticky":false,"template":"","format":"standard","meta":{"_jetpack_memberships_contains_paid_content":false,"footnotes":"","jetpack_publicize_message":"","jetpack_publicize_feature_enabled":true,"jetpack_social_post_already_shared":true,"jetpack_social_options":{"image_generator_settings":{"template":"highway","default_image_id":0,"font":"","enabled":false},"version":2}},"categories":[28,24],"tags":[1280,1281],"class_list":{"0":"post-5900","1":"post","2":"type-post","3":"status-publish","4":"format-standard","5":"has-post-thumbnail","7":"category-culture","8":"category-news","9":"tag-bembeya-jazz","10":"tag-sekou-bembeya"},"jetpack_publicize_connections":[],"jetpack_featured_media_url":"https:\/\/ledenonciateur224.com\/wp-content\/uploads\/2025\/11\/fb-img-1762556028732.jpg","jetpack_sharing_enabled":true,"_links":{"self":[{"href":"https:\/\/ledenonciateur224.com\/index.php\/wp-json\/wp\/v2\/posts\/5900","targetHints":{"allow":["GET"]}}],"collection":[{"href":"https:\/\/ledenonciateur224.com\/index.php\/wp-json\/wp\/v2\/posts"}],"about":[{"href":"https:\/\/ledenonciateur224.com\/index.php\/wp-json\/wp\/v2\/types\/post"}],"author":[{"embeddable":true,"href":"https:\/\/ledenonciateur224.com\/index.php\/wp-json\/wp\/v2\/users\/2"}],"replies":[{"embeddable":true,"href":"https:\/\/ledenonciateur224.com\/index.php\/wp-json\/wp\/v2\/comments?post=5900"}],"version-history":[{"count":0,"href":"https:\/\/ledenonciateur224.com\/index.php\/wp-json\/wp\/v2\/posts\/5900\/revisions"}],"wp:featuredmedia":[{"embeddable":true,"href":"https:\/\/ledenonciateur224.com\/index.php\/wp-json\/wp\/v2\/media\/5901"}],"wp:attachment":[{"href":"https:\/\/ledenonciateur224.com\/index.php\/wp-json\/wp\/v2\/media?parent=5900"}],"wp:term":[{"taxonomy":"category","embeddable":true,"href":"https:\/\/ledenonciateur224.com\/index.php\/wp-json\/wp\/v2\/categories?post=5900"},{"taxonomy":"post_tag","embeddable":true,"href":"https:\/\/ledenonciateur224.com\/index.php\/wp-json\/wp\/v2\/tags?post=5900"}],"curies":[{"name":"wp","href":"https:\/\/api.w.org\/{rel}","templated":true}]}}