{"id":5914,"date":"2025-11-08T14:05:00","date_gmt":"2025-11-08T14:05:00","guid":{"rendered":"https:\/\/ledenonciateur224.com\/?p=5914"},"modified":"2025-11-08T14:05:00","modified_gmt":"2025-11-08T14:05:00","slug":"aissatou-sacko-une-magistrate-dexcellence-a-la-tete-du-tribunal-de-kaloum","status":"publish","type":"post","link":"https:\/\/ledenonciateur224.com\/index.php\/aissatou-sacko-une-magistrate-dexcellence-a-la-tete-du-tribunal-de-kaloum\/","title":{"rendered":"A\u00efssatou Sacko : une magistrate d\u2019excellence \u00e0 la t\u00eate du Tribunal de Kaloum"},"content":{"rendered":"<p>La magistrate A\u00efssatou Sacko, ancienne Directrice G\u00e9n\u00e9rale Adjointe du Fonds d\u2019Aide Juridictionnelle (FAJ), a officiellement pris ses fonctions ce vendredi en tant que Pr\u00e9sidente du Tribunal de Premi\u00e8re Instance (TPI) de Kaloum, succ\u00e9dant \u00e0 M. Ousmane Sylla.<br \/>\nLa c\u00e9r\u00e9monie d\u2019installation, pr\u00e9sid\u00e9e par l\u2019Inspecteur G\u00e9n\u00e9ral des Services Judiciaires et P\u00e9nitentiaires, s\u2019est tenue en pr\u00e9sence du chef de cabinet repr\u00e9sentant le Garde des Sceaux, ministre de la Justice et des Droits de l\u2019Homme, ainsi que de nombreux responsables judiciaires et invit\u00e9s de marque.<br \/>\nDans son allocution, Aissatou Sacko a exprim\u00e9 sa profonde gratitude aux autorit\u00e9s judiciaires pour la confiance renouvel\u00e9e en sa personne. Elle a \u00e9galement rendu un hommage appuy\u00e9 \u00e0 Mme Ir\u00e8ne Marie Hadjamalis, Secr\u00e9taire G\u00e9n\u00e9rale du minist\u00e8re, qu\u2019elle a qualifi\u00e9e de \u00ab mod\u00e8le et source d\u2019inspiration pour les femmes magistrates \u00bb. Un geste salu\u00e9 par l\u2019assistance, traduisant son engagement en faveur du leadership f\u00e9minin au sein de la magistrature guin\u00e9enne.<\/p>\n<p>Issue de la 3e promotion du Centre de Formation Judiciaire (CFJ), baptis\u00e9e Cheick Sakho en 2012, A\u00efssatou Sacko s\u2019est forg\u00e9 un parcours exemplaire. Elle d\u00e9bute sa carri\u00e8re comme juge d\u2019instruction au TPI de Dixinn (2015-2018), o\u00f9 elle s\u2019illustre par la gestion de dossiers sensibles tels que l\u2019affaire du kidnapping d\u2019Elhadj Doura ou encore des enqu\u00eates de blanchiment d\u2019argent impliquant de hauts fonctionnaires.<br \/>\nDe novembre 2018 \u00e0 d\u00e9cembre 2021, elle exerce au Tribunal pour enfants de Conakry, avant d\u2019int\u00e9grer la Chambre de l\u2019instruction de la CRIEF, o\u00f9 ses d\u00e9cisions dans des affaires de d\u00e9tournement de deniers publics et de blanchiment de capitaux renforcent sa r\u00e9putation de magistrate rigoureuse et impartiale.<br \/>\nNomm\u00e9e Directrice G\u00e9n\u00e9rale Adjointe du FAJ en janvier 2024, elle s\u2019y distingue par son professionnalisme et son sens du devoir. Elle participe notamment \u00e0 la d\u00e9l\u00e9gation guin\u00e9enne lors de l\u2019Examen P\u00e9riodique Universel (EPU) \u00e0 Gen\u00e8ve, illustrant son ouverture aux enjeux internationaux de la justice.<br \/>\nSa r\u00e9cente promotion \u00e0 la t\u00eate du TPI de Kaloum est per\u00e7ue comme une reconnaissance m\u00e9rit\u00e9e d\u2019un parcours marqu\u00e9 par la comp\u00e9tence, l\u2019int\u00e9grit\u00e9 et le d\u00e9vouement au service public.<br \/>\nEn acc\u00e9dant \u00e0 cette fonction strat\u00e9gique, Mme A\u00efssatou Sacko incarne la nouvelle g\u00e9n\u00e9ration de magistrats guin\u00e9ens engag\u00e9s pour une justice plus cr\u00e9dible, \u00e9quitable et proche des citoyens. Son exp\u00e9rience et sa rigueur laissent entrevoir une gouvernance judiciaire fond\u00e9e sur la continuit\u00e9, la transparence et l\u2019efficacit\u00e9.<\/p>\n<p>&nbsp;<\/p>\n<p>Par Rahamane Moise<\/p>\n","protected":false},"excerpt":{"rendered":"<p>La magistrate A\u00efssatou Sacko, ancienne Directrice G\u00e9n\u00e9rale Adjointe du Fonds d\u2019Aide Juridictionnelle (FAJ), a officiellement pris ses fonctions ce vendredi en tant que Pr\u00e9sidente du Tribunal de Premi\u00e8re Instance (TPI) de Kaloum, succ\u00e9dant \u00e0 M. Ousmane Sylla. La c\u00e9r\u00e9monie d\u2019installation, pr\u00e9sid\u00e9e par l\u2019Inspecteur G\u00e9n\u00e9ral des Services Judiciaires et P\u00e9nitentiaires, s\u2019est tenue en pr\u00e9sence du chef [&hellip;]<\/p>\n","protected":false},"author":2,"featured_media":5915,"comment_status":"closed","ping_status":"closed","sticky":false,"template":"","format":"standard","meta":{"_jetpack_memberships_contains_paid_content":false,"footnotes":"","jetpack_publicize_message":"","jetpack_publicize_feature_enabled":true,"jetpack_social_post_already_shared":true,"jetpack_social_options":{"image_generator_settings":{"template":"highway","default_image_id":0,"font":"","enabled":false},"version":2}},"categories":[30,24],"tags":[857],"class_list":{"0":"post-5914","1":"post","2":"type-post","3":"status-publish","4":"format-standard","5":"has-post-thumbnail","7":"category-faits-divers","8":"category-news","9":"tag-magistrat-guineen"},"jetpack_publicize_connections":[],"jetpack_featured_media_url":"https:\/\/ledenonciateur224.com\/wp-content\/uploads\/2025\/11\/img-20251108-wa0018.jpg","jetpack_sharing_enabled":true,"_links":{"self":[{"href":"https:\/\/ledenonciateur224.com\/index.php\/wp-json\/wp\/v2\/posts\/5914","targetHints":{"allow":["GET"]}}],"collection":[{"href":"https:\/\/ledenonciateur224.com\/index.php\/wp-json\/wp\/v2\/posts"}],"about":[{"href":"https:\/\/ledenonciateur224.com\/index.php\/wp-json\/wp\/v2\/types\/post"}],"author":[{"embeddable":true,"href":"https:\/\/ledenonciateur224.com\/index.php\/wp-json\/wp\/v2\/users\/2"}],"replies":[{"embeddable":true,"href":"https:\/\/ledenonciateur224.com\/index.php\/wp-json\/wp\/v2\/comments?post=5914"}],"version-history":[{"count":0,"href":"https:\/\/ledenonciateur224.com\/index.php\/wp-json\/wp\/v2\/posts\/5914\/revisions"}],"wp:featuredmedia":[{"embeddable":true,"href":"https:\/\/ledenonciateur224.com\/index.php\/wp-json\/wp\/v2\/media\/5915"}],"wp:attachment":[{"href":"https:\/\/ledenonciateur224.com\/index.php\/wp-json\/wp\/v2\/media?parent=5914"}],"wp:term":[{"taxonomy":"category","embeddable":true,"href":"https:\/\/ledenonciateur224.com\/index.php\/wp-json\/wp\/v2\/categories?post=5914"},{"taxonomy":"post_tag","embeddable":true,"href":"https:\/\/ledenonciateur224.com\/index.php\/wp-json\/wp\/v2\/tags?post=5914"}],"curies":[{"name":"wp","href":"https:\/\/api.w.org\/{rel}","templated":true}]}}