{"id":5917,"date":"2025-11-08T20:35:25","date_gmt":"2025-11-08T20:35:25","guid":{"rendered":"https:\/\/ledenonciateur224.com\/?p=5917"},"modified":"2025-11-08T20:35:25","modified_gmt":"2025-11-08T20:35:25","slug":"le-mardi-11-novembre-declare-ferie-pour-le-lancement-officiel-du-projet-simandou","status":"publish","type":"post","link":"https:\/\/ledenonciateur224.com\/index.php\/le-mardi-11-novembre-declare-ferie-pour-le-lancement-officiel-du-projet-simandou\/","title":{"rendered":"Le mardi 11 novembre d\u00e9clar\u00e9 f\u00e9ri\u00e9 pour le lancement officiel du projet Simandou"},"content":{"rendered":"<p>Le gouvernement guin\u00e9en a d\u00e9cr\u00e9t\u00e9 une journ\u00e9e de repos exceptionnelle \u00e0 l\u2019occasion du lancement officiel du m\u00e9gaprojet minier Simandou. Le mardi 11 novembre 2025 sera ainsi <strong>f\u00e9ri\u00e9, ch\u00f4m\u00e9 et pay\u00e9<\/strong> sur toute l\u2019\u00e9tendue du territoire national.<\/p>\n<p>Dans un communiqu\u00e9 publi\u00e9 ce samedi, le ministre du Travail et de la Fonction publique, <strong>Faya Fran\u00e7ois Bourouno<\/strong>, a pr\u00e9cis\u00e9 que cette mesure concerne <strong>tous les travailleurs et agents des secteurs public, priv\u00e9 et mixte<\/strong>.<\/p>\n<p>Le ministre a salu\u00e9, avec \u00ab enthousiasme \u00bb et \u00ab fiert\u00e9 \u00bb, la <strong>port\u00e9e historique et strat\u00e9gique<\/strong> de ce projet, pr\u00e9sent\u00e9 comme l\u2019un des plus ambitieux partenariats \u00e9conomiques de l\u2019histoire r\u00e9cente du pays.<\/p>\n<p>&nbsp;<\/p>\n<p>Mohamed AC<\/p>\n","protected":false},"excerpt":{"rendered":"<p>Le gouvernement guin\u00e9en a d\u00e9cr\u00e9t\u00e9 une journ\u00e9e de repos exceptionnelle \u00e0 l\u2019occasion du lancement officiel du m\u00e9gaprojet minier Simandou. Le mardi 11 novembre 2025 sera ainsi f\u00e9ri\u00e9, ch\u00f4m\u00e9 et pay\u00e9 sur toute l\u2019\u00e9tendue du territoire national. Dans un communiqu\u00e9 publi\u00e9 ce samedi, le ministre du Travail et de la Fonction publique, Faya Fran\u00e7ois Bourouno, a [&hellip;]<\/p>\n","protected":false},"author":2,"featured_media":5918,"comment_status":"closed","ping_status":"closed","sticky":false,"template":"","format":"standard","meta":{"_jetpack_memberships_contains_paid_content":false,"footnotes":"","jetpack_publicize_message":"","jetpack_publicize_feature_enabled":true,"jetpack_social_post_already_shared":true,"jetpack_social_options":{"image_generator_settings":{"template":"highway","default_image_id":0,"font":"","enabled":false},"version":2}},"categories":[29,24],"tags":[],"class_list":{"0":"post-5917","1":"post","2":"type-post","3":"status-publish","4":"format-standard","5":"has-post-thumbnail","7":"category-economie","8":"category-news"},"jetpack_publicize_connections":[],"jetpack_featured_media_url":"https:\/\/ledenonciateur224.com\/wp-content\/uploads\/2025\/11\/img-20251108-wa0066.jpg","jetpack_sharing_enabled":true,"_links":{"self":[{"href":"https:\/\/ledenonciateur224.com\/index.php\/wp-json\/wp\/v2\/posts\/5917","targetHints":{"allow":["GET"]}}],"collection":[{"href":"https:\/\/ledenonciateur224.com\/index.php\/wp-json\/wp\/v2\/posts"}],"about":[{"href":"https:\/\/ledenonciateur224.com\/index.php\/wp-json\/wp\/v2\/types\/post"}],"author":[{"embeddable":true,"href":"https:\/\/ledenonciateur224.com\/index.php\/wp-json\/wp\/v2\/users\/2"}],"replies":[{"embeddable":true,"href":"https:\/\/ledenonciateur224.com\/index.php\/wp-json\/wp\/v2\/comments?post=5917"}],"version-history":[{"count":0,"href":"https:\/\/ledenonciateur224.com\/index.php\/wp-json\/wp\/v2\/posts\/5917\/revisions"}],"wp:featuredmedia":[{"embeddable":true,"href":"https:\/\/ledenonciateur224.com\/index.php\/wp-json\/wp\/v2\/media\/5918"}],"wp:attachment":[{"href":"https:\/\/ledenonciateur224.com\/index.php\/wp-json\/wp\/v2\/media?parent=5917"}],"wp:term":[{"taxonomy":"category","embeddable":true,"href":"https:\/\/ledenonciateur224.com\/index.php\/wp-json\/wp\/v2\/categories?post=5917"},{"taxonomy":"post_tag","embeddable":true,"href":"https:\/\/ledenonciateur224.com\/index.php\/wp-json\/wp\/v2\/tags?post=5917"}],"curies":[{"name":"wp","href":"https:\/\/api.w.org\/{rel}","templated":true}]}}