{"id":5920,"date":"2025-11-08T20:41:16","date_gmt":"2025-11-08T20:41:16","guid":{"rendered":"https:\/\/ledenonciateur224.com\/?p=5920"},"modified":"2025-11-08T20:41:16","modified_gmt":"2025-11-08T20:41:16","slug":"presidentielle-de-decembre-2025-le-general-mamadi-doumbouya-reussit-sa-visite-medicale","status":"publish","type":"post","link":"https:\/\/ledenonciateur224.com\/index.php\/presidentielle-de-decembre-2025-le-general-mamadi-doumbouya-reussit-sa-visite-medicale\/","title":{"rendered":"Pr\u00e9sidentielle de d\u00e9cembre 2025 : le g\u00e9n\u00e9ral Mamadi Doumbouya r\u00e9ussit sa visite m\u00e9dicale"},"content":{"rendered":"<p>\u00c0 la veille de la publication de la liste provisoire des candidats \u00e0 l\u2019\u00e9lection pr\u00e9sidentielle du <strong>28 d\u00e9cembre 2025<\/strong>, le pr\u00e9sident de la Transition, <strong>g\u00e9n\u00e9ral Mamadi Doumbouya<\/strong>, a rempli l\u2019une des conditions exig\u00e9es par la loi \u00e9lectorale.<\/p>\n<p>Selon des sources officielles, le chef de l\u2019\u00c9tat a <strong>effectu\u00e9 avec succ\u00e8s sa visite m\u00e9dicale<\/strong> ce <strong>samedi 8 novembre 2025<\/strong>, une \u00e9tape obligatoire pour tout candidat \u00e0 la magistrature supr\u00eame.<\/p>\n<p>D\u00e9clar\u00e9 candidat depuis le <strong>3 novembre dernier<\/strong>, le g\u00e9n\u00e9ral Doumbouya, au m\u00eame titre que les autres postulants, attend d\u00e9sormais la <strong>d\u00e9cision de la Cour supr\u00eame<\/strong>, qui doit se prononcer dans les prochaines heures sur la <strong>validit\u00e9 des dossiers de candidature<\/strong>.<\/p>\n<p><strong>\u00c0 suivre\u2026<\/strong><\/p>\n<p>&nbsp;<\/p>\n<p>Ledenonciateur224.com<\/p>\n","protected":false},"excerpt":{"rendered":"<p>\u00c0 la veille de la publication de la liste provisoire des candidats \u00e0 l\u2019\u00e9lection pr\u00e9sidentielle du 28 d\u00e9cembre 2025, le pr\u00e9sident de la Transition, g\u00e9n\u00e9ral Mamadi Doumbouya, a rempli l\u2019une des conditions exig\u00e9es par la loi \u00e9lectorale. Selon des sources officielles, le chef de l\u2019\u00c9tat a effectu\u00e9 avec succ\u00e8s sa visite m\u00e9dicale ce samedi 8 [&hellip;]<\/p>\n","protected":false},"author":2,"featured_media":5921,"comment_status":"closed","ping_status":"closed","sticky":false,"template":"","format":"standard","meta":{"_jetpack_memberships_contains_paid_content":false,"footnotes":"","jetpack_publicize_message":"","jetpack_publicize_feature_enabled":true,"jetpack_social_post_already_shared":true,"jetpack_social_options":{"image_generator_settings":{"template":"highway","default_image_id":0,"font":"","enabled":false},"version":2}},"categories":[24,27],"tags":[966,1284],"class_list":{"0":"post-5920","1":"post","2":"type-post","3":"status-publish","4":"format-standard","5":"has-post-thumbnail","7":"category-news","8":"category-politique","9":"tag-presidentielle","10":"tag-visite-medicale"},"jetpack_publicize_connections":[],"jetpack_featured_media_url":"https:\/\/ledenonciateur224.com\/wp-content\/uploads\/2025\/11\/img-20251108-wa0068.jpg","jetpack_sharing_enabled":true,"_links":{"self":[{"href":"https:\/\/ledenonciateur224.com\/index.php\/wp-json\/wp\/v2\/posts\/5920","targetHints":{"allow":["GET"]}}],"collection":[{"href":"https:\/\/ledenonciateur224.com\/index.php\/wp-json\/wp\/v2\/posts"}],"about":[{"href":"https:\/\/ledenonciateur224.com\/index.php\/wp-json\/wp\/v2\/types\/post"}],"author":[{"embeddable":true,"href":"https:\/\/ledenonciateur224.com\/index.php\/wp-json\/wp\/v2\/users\/2"}],"replies":[{"embeddable":true,"href":"https:\/\/ledenonciateur224.com\/index.php\/wp-json\/wp\/v2\/comments?post=5920"}],"version-history":[{"count":0,"href":"https:\/\/ledenonciateur224.com\/index.php\/wp-json\/wp\/v2\/posts\/5920\/revisions"}],"wp:featuredmedia":[{"embeddable":true,"href":"https:\/\/ledenonciateur224.com\/index.php\/wp-json\/wp\/v2\/media\/5921"}],"wp:attachment":[{"href":"https:\/\/ledenonciateur224.com\/index.php\/wp-json\/wp\/v2\/media?parent=5920"}],"wp:term":[{"taxonomy":"category","embeddable":true,"href":"https:\/\/ledenonciateur224.com\/index.php\/wp-json\/wp\/v2\/categories?post=5920"},{"taxonomy":"post_tag","embeddable":true,"href":"https:\/\/ledenonciateur224.com\/index.php\/wp-json\/wp\/v2\/tags?post=5920"}],"curies":[{"name":"wp","href":"https:\/\/api.w.org\/{rel}","templated":true}]}}