{"id":5932,"date":"2025-11-09T11:08:25","date_gmt":"2025-11-09T11:08:25","guid":{"rendered":"https:\/\/ledenonciateur224.com\/?p=5932"},"modified":"2025-11-09T11:08:25","modified_gmt":"2025-11-09T11:08:25","slug":"irrecevabilite-de-sa-candidature-je-ne-peux-pas-comprendre-la-difference-entre-la-carte-didentite-biometrique-et-le-passeport-ansoumane-fofana","status":"publish","type":"post","link":"https:\/\/ledenonciateur224.com\/index.php\/irrecevabilite-de-sa-candidature-je-ne-peux-pas-comprendre-la-difference-entre-la-carte-didentite-biometrique-et-le-passeport-ansoumane-fofana\/","title":{"rendered":"Irrecevabilit\u00e9 de sa candidature : \u00ab Je ne peux pas comprendre la diff\u00e9rence entre la carte d\u2019identit\u00e9 biom\u00e9trique et le passeport \u00bb (Ansoumane Fofana)"},"content":{"rendered":"<p>La publication provisoire de la liste des candidats \u00e0 l\u2019\u00e9lection pr\u00e9sidentielle du 28 d\u00e9cembre 2025 continue de susciter des r\u00e9actions dans la classe politique guin\u00e9enne. Parmi les personnalit\u00e9s concern\u00e9es figure Ansoumane Fofana, pr\u00e9sident du Rassemblement des Guin\u00e9ens pour l\u2019Alternance (RGA), dont la candidature a \u00e9t\u00e9 d\u00e9clar\u00e9e irrecevable par la Cour supr\u00eame.<br \/>\nDans une d\u00e9claration rendue publique ce samedi, M. Fofana a tenu \u00e0 pr\u00e9ciser les raisons administratives qui auraient conduit \u00e0 cette d\u00e9cision :<br \/>\n\u00ab Ma candidature a \u00e9t\u00e9 d\u00e9clar\u00e9e irrecevable uniquement pour une question administrative : j\u2019ai d\u00e9pos\u00e9 la copie de mon passeport \u00e0 la place de la carte d\u2019identit\u00e9 nationale, alors m\u00eame que la fiche officielle de candidature mentionne la \u201cfiche d\u2019identification\u201d comme pi\u00e8ce exig\u00e9e \u00bb, a-t-il affirm\u00e9.<br \/>\nLe candidat du RGA a exprim\u00e9 son incompr\u00e9hension face \u00e0 ce qu\u2019il consid\u00e8re comme une d\u00e9cision injustifi\u00e9e.<br \/>\n\u00ab Je rejette totalement cette d\u00e9cision, car je ne peux pas comprendre la diff\u00e9rence entre la carte d\u2019identit\u00e9 biom\u00e9trique et le passeport, tous deux \u00e9tant biom\u00e9triques et comportant les m\u00eames num\u00e9ros d\u2019identification officiels \u00bb, a-t-il insist\u00e9.<br \/>\nD\u00e9termin\u00e9 \u00e0 faire valoir ses droits, Ansoumane Fofana a annonc\u00e9 qu\u2019il saisira la Cour supr\u00eame afin de contester la d\u00e9cision de la CENI. Il dit garder \u00ab pleine confiance en la justice \u00bb guin\u00e9enne, convaincu que \u00ab la v\u00e9rit\u00e9 administrative et le bon droit triompheront \u00bb.<br \/>\nS\u2019adressant \u00e0 ses partisans, le pr\u00e9sident du RGA a tenu \u00e0 saluer l\u2019engagement et la discipline de ses militants :<br \/>\n\u00ab Je demande \u00e0 toutes les militantes et militants du RGA d\u2019\u00eatre fiers d\u2019eux-m\u00eames, pour leur courage, leur audace et leur engagement d\u00e9mocratique au service du peuple de Guin\u00e9e \u00bb, a-t-il d\u00e9clar\u00e9, avant d\u2019ajouter que son parti \u00ab sort grandi de cette \u00e9tape \u00bb, se f\u00e9licitant d\u2019avoir prouv\u00e9 qu\u2019il est \u00ab un parti organis\u00e9, s\u00e9rieux et profond\u00e9ment r\u00e9publicain \u00bb.<\/p>\n<p>La d\u00e9cision du leader du parti RGA pourrait bien relancer le d\u00e9bat sur la transparence et la rigueur administrative entourant la validation des candidatures en Guin\u00e9e.<\/p>\n<p>&nbsp;<\/p>\n<p>Par Rahamane Mo<\/p>\n","protected":false},"excerpt":{"rendered":"<p>La publication provisoire de la liste des candidats \u00e0 l\u2019\u00e9lection pr\u00e9sidentielle du 28 d\u00e9cembre 2025 continue de susciter des r\u00e9actions dans la classe politique guin\u00e9enne. Parmi les personnalit\u00e9s concern\u00e9es figure Ansoumane Fofana, pr\u00e9sident du Rassemblement des Guin\u00e9ens pour l\u2019Alternance (RGA), dont la candidature a \u00e9t\u00e9 d\u00e9clar\u00e9e irrecevable par la Cour supr\u00eame. Dans une d\u00e9claration rendue [&hellip;]<\/p>\n","protected":false},"author":2,"featured_media":5933,"comment_status":"closed","ping_status":"closed","sticky":false,"template":"","format":"standard","meta":{"_jetpack_memberships_contains_paid_content":false,"footnotes":"","jetpack_publicize_message":"","jetpack_publicize_feature_enabled":true,"jetpack_social_post_already_shared":true,"jetpack_social_options":{"image_generator_settings":{"template":"highway","default_image_id":0,"font":"","enabled":false},"version":2}},"categories":[24,27],"tags":[1286],"class_list":{"0":"post-5932","1":"post","2":"type-post","3":"status-publish","4":"format-standard","5":"has-post-thumbnail","7":"category-news","8":"category-politique","9":"tag-candidats-recales"},"jetpack_publicize_connections":[],"jetpack_featured_media_url":"https:\/\/ledenonciateur224.com\/wp-content\/uploads\/2025\/11\/img-20251109-wa0007.jpg","jetpack_sharing_enabled":true,"_links":{"self":[{"href":"https:\/\/ledenonciateur224.com\/index.php\/wp-json\/wp\/v2\/posts\/5932","targetHints":{"allow":["GET"]}}],"collection":[{"href":"https:\/\/ledenonciateur224.com\/index.php\/wp-json\/wp\/v2\/posts"}],"about":[{"href":"https:\/\/ledenonciateur224.com\/index.php\/wp-json\/wp\/v2\/types\/post"}],"author":[{"embeddable":true,"href":"https:\/\/ledenonciateur224.com\/index.php\/wp-json\/wp\/v2\/users\/2"}],"replies":[{"embeddable":true,"href":"https:\/\/ledenonciateur224.com\/index.php\/wp-json\/wp\/v2\/comments?post=5932"}],"version-history":[{"count":0,"href":"https:\/\/ledenonciateur224.com\/index.php\/wp-json\/wp\/v2\/posts\/5932\/revisions"}],"wp:featuredmedia":[{"embeddable":true,"href":"https:\/\/ledenonciateur224.com\/index.php\/wp-json\/wp\/v2\/media\/5933"}],"wp:attachment":[{"href":"https:\/\/ledenonciateur224.com\/index.php\/wp-json\/wp\/v2\/media?parent=5932"}],"wp:term":[{"taxonomy":"category","embeddable":true,"href":"https:\/\/ledenonciateur224.com\/index.php\/wp-json\/wp\/v2\/categories?post=5932"},{"taxonomy":"post_tag","embeddable":true,"href":"https:\/\/ledenonciateur224.com\/index.php\/wp-json\/wp\/v2\/tags?post=5932"}],"curies":[{"name":"wp","href":"https:\/\/api.w.org\/{rel}","templated":true}]}}