{"id":595,"date":"2024-12-22T21:32:43","date_gmt":"2024-12-22T21:32:43","guid":{"rendered":"https:\/\/ledenonciateur224.com\/?p=595"},"modified":"2024-12-22T21:32:43","modified_gmt":"2024-12-22T21:32:43","slug":"commandant-aly-camara-au-general-doumbouya-il-faut-desormais-savoir-que-vous-avez-des-elements-a-kamsar-prets-a-vous-accompagner","status":"publish","type":"post","link":"https:\/\/ledenonciateur224.com\/index.php\/commandant-aly-camara-au-general-doumbouya-il-faut-desormais-savoir-que-vous-avez-des-elements-a-kamsar-prets-a-vous-accompagner\/","title":{"rendered":"Commandant Aly Camara au G\u00e9n\u00e9ral Doumbouya\u00a0\u00ab\u00a0Il faut d\u00e9sormais savoir que vous avez des \u00e9l\u00e9ments \u00e0 Kamsar, pr\u00eats \u00e0 vous accompagner..\u00a0\u00bb"},"content":{"rendered":"<p>&nbsp;<\/p>\n<p><span style=\"color: #212529;font-family: georgia, lucida grande, lucida sans unicode, arial, verdana, sans-serif\">L&rsquo;ex-chef des op\u00e9rations des forces sp\u00e9ciales exprime sa reconnaissance et fait une promesse au Pr\u00e9sident Mamadi Doumbouya.<\/span><\/p>\n<p><span style=\"color: #212529;font-family: georgia, lucida grande, lucida sans unicode, arial, verdana, sans-serif\">Lors de son installation au Camp d&rsquo;Infanterie de Kamsar, le commandant Aly Camara a prononc\u00e9 un discours empreint de motivation et de d\u00e9termination, soulignant son engagement envers sa patrie et son soutien ind\u00e9fectible au Pr\u00e9sident de la Transition, le G\u00e9n\u00e9ral Mamadi Doumbouya.<\/span><\/p>\n<p><span style=\"color: #212529;font-family: georgia, lucida grande, lucida sans unicode, arial, verdana, sans-serif\">Ancien chef des op\u00e9rations des forces sp\u00e9ciales, le commandant Camara a saisi l\u2019occasion pour exprimer sa profonde gratitude envers le Pr\u00e9sident Doumbouya, soulignant le r\u00f4le essentiel de ce dernier dans la transformation du pays. Il a \u00e9galement fait une promesse solennelle au Chef de l&rsquo;\u00c9tat, r\u00e9affirmant son d\u00e9vouement \u00e0 contribuer activement \u00e0 la stabilit\u00e9 et au d\u00e9veloppement de la Guin\u00e9e.<\/span><\/p>\n<p><span style=\"color: #212529;font-family: georgia, lucida grande, lucida sans unicode, arial, verdana, sans-serif\">Dans son discours, le commandant Camara a mis en avant sa vision d&rsquo;une arm\u00e9e forte, unie et pr\u00eate \u00e0 d\u00e9fendre les valeurs r\u00e9publicaines, tout en se pla\u00e7ant sous l&rsquo;autorit\u00e9 du Pr\u00e9sident Doumbouya pour accomplir les missions qui lui sont confi\u00e9es.<\/span><\/p>\n<p><em>\u201c Je tiens \u00e0 exprimer mon sentiment de gratitude pour la confiance que le pr\u00e9sident de la R\u00e9publique, le g\u00e9n\u00e9ral d\u2019arm\u00e9e Mamadi Doumbouya, le ministre de la d\u00e9fense et le chef d\u2019\u00e9tat-major g\u00e9n\u00e9ral des arm\u00e9es ont bien voulu accorder \u00e0 ma modeste personne. Et je suis pleinement conscient de la responsabilit\u00e9 qui m\u2019incombe<\/em>\u201d, a-t-il d\u00e9clar\u00e9.<\/p>\n<p>Commandant Aly Camara a particuli\u00e8rement remerci\u00e9 et rassur\u00e9 son \u00ab\u00a0patron\u00a0\u00bb, le pr\u00e9sident Doumbouya. \u201c<em>Il faut d\u00e9sormais savoir que vous avez des \u00e9l\u00e9ments \u00e0 Kamsar, pr\u00eats \u00e0 vous accompagner dans vos \u0153uvres de renforcement de capacit\u00e9 op\u00e9rationnelle des forces de d\u00e9fense et de s\u00e9curit\u00e9<\/em>\u201d, a-t-il promis.<\/p>\n<p>Et de poursuivre\u00a0: \u00ab\u00a0<em>Notre mission est claire : d\u00e9fendre les valeurs de notre nation, servir avec int\u00e9grit\u00e9 et excellence, et assurer la s\u00e9curit\u00e9 de nos concitoyens<\/em>\u00a0\u00bb.<\/p>\n<p>L\u2019ex num\u00e9ro 2 du groupement des forces sp\u00e9ciales, unit\u00e9 d\u2019\u00e9lite dont il est membre, s\u2019engage \u00e0 poursuivre ces objectifs avec ardeur, en s\u2019appuyant sur la discipline, la coh\u00e9sion et le professionnalisme.<\/p>\n<p>Commandant Aly Camara se dit \u00ab\u00a0conscient\u00a0\u00bb des enjeux s\u00e9curitaires du moment. Il esp\u00e8re qu\u2019avec la d\u00e9termination, le d\u00e9fi sera relev\u00e9.<\/p>\n<p>\u201c<em>Dans les mois \u00e0 venir, nous serons confront\u00e9s \u00e0 des d\u00e9fis complexes, mais aussi convaincu que gr\u00e2ce \u00e0 notre d\u00e9termination commune et \u00e0 notre esprit d\u2019\u00e9quipe, nous surmonterons toute difficult\u00e9 qui se dressera sur notre chemin<\/em>\u201d, a indiqu\u00e9 commandant Aly Camara.<\/p>\n<p>Il a par ailleurs invit\u00e9 ses \u00e9l\u00e9ments \u00e0 continuer \u00e0 porter haut les couleurs de \u201c<em>notre drapeau et \u00e0 b\u00e2tir un avenir dont nous pourrons tous \u00eatre fiers<\/em><\/p>\n<p>&nbsp;<\/p>\n<p>&nbsp;<\/p>\n<p>Ledenonciateur224.com<\/p>\n","protected":false},"excerpt":{"rendered":"<p>&nbsp; L&rsquo;ex-chef des op\u00e9rations des forces sp\u00e9ciales exprime sa reconnaissance et fait une promesse au Pr\u00e9sident Mamadi Doumbouya. Lors de son installation au Camp d&rsquo;Infanterie de Kamsar, le commandant Aly Camara a prononc\u00e9 un discours empreint de motivation et de d\u00e9termination, soulignant son engagement envers sa patrie et son soutien ind\u00e9fectible au Pr\u00e9sident de la [&hellip;]<\/p>\n","protected":false},"author":2,"featured_media":596,"comment_status":"open","ping_status":"open","sticky":false,"template":"","format":"standard","meta":{"_jetpack_memberships_contains_paid_content":false,"footnotes":"","jetpack_publicize_message":"","jetpack_publicize_feature_enabled":true,"jetpack_social_post_already_shared":false,"jetpack_social_options":{"image_generator_settings":{"template":"highway","default_image_id":0,"font":"","enabled":false},"version":2}},"categories":[30,24],"tags":[59,58],"class_list":{"0":"post-595","1":"post","2":"type-post","3":"status-publish","4":"format-standard","5":"has-post-thumbnail","7":"category-faits-divers","8":"category-news","9":"tag-armee-guineenne","10":"tag-commandant-aly-camara"},"jetpack_publicize_connections":[],"jetpack_featured_media_url":"https:\/\/ledenonciateur224.com\/wp-content\/uploads\/2024\/12\/20241222-105326-768x512-1.jpg","jetpack_sharing_enabled":true,"_links":{"self":[{"href":"https:\/\/ledenonciateur224.com\/index.php\/wp-json\/wp\/v2\/posts\/595","targetHints":{"allow":["GET"]}}],"collection":[{"href":"https:\/\/ledenonciateur224.com\/index.php\/wp-json\/wp\/v2\/posts"}],"about":[{"href":"https:\/\/ledenonciateur224.com\/index.php\/wp-json\/wp\/v2\/types\/post"}],"author":[{"embeddable":true,"href":"https:\/\/ledenonciateur224.com\/index.php\/wp-json\/wp\/v2\/users\/2"}],"replies":[{"embeddable":true,"href":"https:\/\/ledenonciateur224.com\/index.php\/wp-json\/wp\/v2\/comments?post=595"}],"version-history":[{"count":0,"href":"https:\/\/ledenonciateur224.com\/index.php\/wp-json\/wp\/v2\/posts\/595\/revisions"}],"wp:featuredmedia":[{"embeddable":true,"href":"https:\/\/ledenonciateur224.com\/index.php\/wp-json\/wp\/v2\/media\/596"}],"wp:attachment":[{"href":"https:\/\/ledenonciateur224.com\/index.php\/wp-json\/wp\/v2\/media?parent=595"}],"wp:term":[{"taxonomy":"category","embeddable":true,"href":"https:\/\/ledenonciateur224.com\/index.php\/wp-json\/wp\/v2\/categories?post=595"},{"taxonomy":"post_tag","embeddable":true,"href":"https:\/\/ledenonciateur224.com\/index.php\/wp-json\/wp\/v2\/tags?post=595"}],"curies":[{"name":"wp","href":"https:\/\/api.w.org\/{rel}","templated":true}]}}