{"id":598,"date":"2024-12-23T17:11:59","date_gmt":"2024-12-23T17:11:59","guid":{"rendered":"https:\/\/ledenonciateur224.com\/?p=598"},"modified":"2024-12-23T17:11:59","modified_gmt":"2024-12-23T17:11:59","slug":"transition-en-guinee-lufdg-denonce-les-retards-et-exige-un-consensus-avant-le-31-decembre-2024","status":"publish","type":"post","link":"https:\/\/ledenonciateur224.com\/index.php\/transition-en-guinee-lufdg-denonce-les-retards-et-exige-un-consensus-avant-le-31-decembre-2024\/","title":{"rendered":"Transition en Guin\u00e9e : L&rsquo;UFDG d\u00e9nonce les retards et exige un consensus avant le 31 d\u00e9cembre 2024"},"content":{"rendered":"<p>&nbsp;<\/p>\n<p><em><strong>Kal\u00e9modou Yansan\u00e9 critique l&rsquo;inefficacit\u00e9 du chronogramme de la transition et appelle \u00e0 un dialogue national pour garantir le retour \u00e0 l&rsquo;ordre constitutionnel dans les d\u00e9lais impartis.<\/strong><\/em><\/p>\n<p>Le non-respect du d\u00e9lai de la transition, tel que d\u00e9fini par la CEDEAO, est l&rsquo;un des sujets les plus d\u00e9battus au sein des grands partis politiques de Guin\u00e9e, notamment au sein de l&rsquo;Union des Forces D\u00e9mocratiques de Guin\u00e9e (UFDG). Ce retard, qui semble se prolonger sans fin, fait \u00e9merger des tensions croissantes au sein de la classe politique et au-del\u00e0.<\/p>\n<p><span style=\"color: #333333\">Pour de nombreux acteurs politiques, comme Kal\u00e9modou Yansan\u00e9, le retour \u00e0 l&rsquo;ordre constitutionnel devait absolument avoir lieu d&rsquo;ici le 31 d\u00e9cembre 2024. Cependant, avec un profond regret, il souligne que cet objectif semble de plus en plus lointain, comme il l\u2019a exprim\u00e9 lors d\u2019une interview le 21 d\u00e9cembre 2024.<\/span><\/p>\n<p><em><strong><span style=\"color: #333333\">Un Chronogramme Ignor\u00e9<\/span><\/strong><\/em><\/p>\n<p><span style=\"color: #333333\">Kal\u00e9modou Yansan\u00e9 revient sur le chronogramme de la transition \u00e9tabli en septembre 2021, dans lequel il \u00e9tait pr\u00e9vu que les \u00e9lections se tiennent dans un d\u00e9lai de 15 mois maximum, si une volont\u00e9 politique forte existait. Pourtant, \u00e0 ce jour, trois ans et trois mois se sont \u00e9coul\u00e9s, soit 1200 jours de transition, sans que les promesses de r\u00e9formes ne se concr\u00e9tisent. Yansan\u00e9 questionne le bilan des actions men\u00e9es et se demande sinc\u00e8rement : \u00ab\u00a0Parmi les dix activit\u00e9s inscrites au programme de la transition, quelle est celle qui a v\u00e9ritablement abouti ? Mis \u00e0 part cette histoire de constitution, qui semble engloutir des milliards de deniers publics, je ne vois rien de tangible qui ait \u00e9t\u00e9 accompli.\u00a0\u00bb<\/span><\/p>\n<p><span style=\"color: #333333\">Pour lui, l&rsquo;engagement pris par le CNRD de r\u00e9aliser la transition en deux ans ne doit pas \u00eatre vu comme une simple n\u00e9gociation. Il insiste sur le fait que cet engagement a \u00e9t\u00e9 formellement n\u00e9goci\u00e9 par le Comit\u00e9 National du Rassemblement pour le D\u00e9veloppement (CNRD) avec la CEDEAO, et non pas impos\u00e9 par d\u2019autres parties prenantes. Il rappelle aussi que, face \u00e0 cette situation, l&rsquo;ex\u00e9cutif a l&rsquo;obligation de respecter les engagements pris, ou de justifier d\u2019un nouveau cadre consensuel.<\/span><\/p>\n<p><em><strong><span style=\"color: #333333\">Un Consensus N\u00e9cessaire<\/span><\/strong><\/em><\/p>\n<p><span style=\"color: #333333\">Pour mettre fin au d\u00e9saccord existant entre le CNRD et les autres acteurs politiques, en particulier ceux de l&rsquo;opposition, Kal\u00e9modou Yansan\u00e9 estime qu&rsquo;il est primordial de privil\u00e9gier le dialogue et la concertation nationale. Il d\u00e9clare : \u00ab\u00a0Apr\u00e8s avoir b\u00e9n\u00e9fici\u00e9 d\u2019un an de bonus, nous nous retrouvons \u00e0 la fin du d\u00e9lai consensuel. Si la transition n&rsquo;est pas achev\u00e9e \u00e0 la date pr\u00e9vue, des solutions doivent imp\u00e9rativement \u00eatre trouv\u00e9es, mais cela ne peut se faire que par un consensus national.\u00a0\u00bb<\/span><\/p>\n<p><span style=\"color: #333333\">\u00c0 ses yeux, il est crucial que toutes les forces vives de la nation se mettent autour de la table pour discuter de l&rsquo;avenir politique et \u00e9conomique du pays apr\u00e8s cette transition de trois ans, qu\u2019il consid\u00e8re comme largement perdue. \u00ab\u00a0Si l\u2019objectif de refondation n\u2019a pas \u00e9t\u00e9 atteint, il devient urgent de r\u00e9ajuster le cap. Chaque jour, nous constatons des d\u00e9tournements de fonds \u00e0 la douane ou des dysfonctionnements dans les institutions publiques comme l&rsquo;OGP\u00a0\u00bb, ajoute-t-il, d\u00e9plorant les \u00e9checs successifs de l\u2019ex\u00e9cutif \u00e0 amorcer les r\u00e9formes n\u00e9cessaires.<\/span><\/p>\n<p><strong><span style=\"color: #333333\">L&rsquo;Appel \u00e0 un Dialogue Inclusif<\/span><\/strong><\/p>\n<p><span style=\"color: #333333\">En conclusion, Yansan\u00e9 met en avant que l\u2019heure est d\u00e9sormais \u00e0 l\u2019unit\u00e9 et au dialogue, quel que soit le nom qu\u2019on lui donne. Que ce soit sous forme de concertation, de n\u00e9gociation ou de dialogue formel, l\u2019essentiel est que les Guin\u00e9ens se retrouvent pour tracer une voie claire et consensuelle pour la fin de la transition et la restauration de l&rsquo;ordre constitutionnel. Sans cela, il craint que le pays n\u2019entre dans une p\u00e9riode d\u2019instabilit\u00e9 encore plus profonde.<\/span><\/p>\n<p>&nbsp;<\/p>\n<p>&nbsp;<\/p>\n<p>Ledenonciateur224.com<\/p>\n","protected":false},"excerpt":{"rendered":"<p>&nbsp; Kal\u00e9modou Yansan\u00e9 critique l&rsquo;inefficacit\u00e9 du chronogramme de la transition et appelle \u00e0 un dialogue national pour garantir le retour \u00e0 l&rsquo;ordre constitutionnel dans les d\u00e9lais impartis. Le non-respect du d\u00e9lai de la transition, tel que d\u00e9fini par la CEDEAO, est l&rsquo;un des sujets les plus d\u00e9battus au sein des grands partis politiques de Guin\u00e9e, [&hellip;]<\/p>\n","protected":false},"author":2,"featured_media":599,"comment_status":"open","ping_status":"open","sticky":false,"template":"","format":"standard","meta":{"_jetpack_memberships_contains_paid_content":false,"footnotes":"","jetpack_publicize_message":"","jetpack_publicize_feature_enabled":true,"jetpack_social_post_already_shared":false,"jetpack_social_options":{"image_generator_settings":{"template":"highway","default_image_id":0,"font":"","enabled":false},"version":2}},"categories":[24,27],"tags":[99,44,66,65],"class_list":{"0":"post-598","1":"post","2":"type-post","3":"status-publish","4":"format-standard","5":"has-post-thumbnail","7":"category-news","8":"category-politique","9":"tag-assemblee-generale-des-partis-politiques","10":"tag-cnrd","11":"tag-transition","12":"tag-ufdg"},"jetpack_publicize_connections":[],"jetpack_featured_media_url":"https:\/\/ledenonciateur224.com\/wp-content\/uploads\/2024\/12\/kalemodou-yansane-jpg.webp","jetpack_sharing_enabled":true,"_links":{"self":[{"href":"https:\/\/ledenonciateur224.com\/index.php\/wp-json\/wp\/v2\/posts\/598","targetHints":{"allow":["GET"]}}],"collection":[{"href":"https:\/\/ledenonciateur224.com\/index.php\/wp-json\/wp\/v2\/posts"}],"about":[{"href":"https:\/\/ledenonciateur224.com\/index.php\/wp-json\/wp\/v2\/types\/post"}],"author":[{"embeddable":true,"href":"https:\/\/ledenonciateur224.com\/index.php\/wp-json\/wp\/v2\/users\/2"}],"replies":[{"embeddable":true,"href":"https:\/\/ledenonciateur224.com\/index.php\/wp-json\/wp\/v2\/comments?post=598"}],"version-history":[{"count":0,"href":"https:\/\/ledenonciateur224.com\/index.php\/wp-json\/wp\/v2\/posts\/598\/revisions"}],"wp:featuredmedia":[{"embeddable":true,"href":"https:\/\/ledenonciateur224.com\/index.php\/wp-json\/wp\/v2\/media\/599"}],"wp:attachment":[{"href":"https:\/\/ledenonciateur224.com\/index.php\/wp-json\/wp\/v2\/media?parent=598"}],"wp:term":[{"taxonomy":"category","embeddable":true,"href":"https:\/\/ledenonciateur224.com\/index.php\/wp-json\/wp\/v2\/categories?post=598"},{"taxonomy":"post_tag","embeddable":true,"href":"https:\/\/ledenonciateur224.com\/index.php\/wp-json\/wp\/v2\/tags?post=598"}],"curies":[{"name":"wp","href":"https:\/\/api.w.org\/{rel}","templated":true}]}}