{"id":5983,"date":"2025-11-13T11:59:10","date_gmt":"2025-11-13T11:59:10","guid":{"rendered":"https:\/\/ledenonciateur224.com\/?p=5983"},"modified":"2025-11-13T11:59:10","modified_gmt":"2025-11-13T11:59:10","slug":"tribunal-pour-enfants-de-conakry-des-mineurs-oublies-dune-justice-en-detresse","status":"publish","type":"post","link":"https:\/\/ledenonciateur224.com\/index.php\/tribunal-pour-enfants-de-conakry-des-mineurs-oublies-dune-justice-en-detresse\/","title":{"rendered":"Tribunal pour enfants de Conakry : des mineurs oubli\u00e9s d\u2019une justice en d\u00e9tresse"},"content":{"rendered":"<p>Le Tribunal pour Enfants de Conakry appara\u00eet aujourd\u2019hui comme le parent pauvre du Minist\u00e8re de la Justice et des Droits de l\u2019Homme. Log\u00e9e provisoirement dans les locaux ayant abrit\u00e9 le proc\u00e8s du massacre du 28 septembre, cette juridiction sp\u00e9cialis\u00e9e fonctionne sans v\u00e9ritables moyens : <strong>ni bureaux, ni salle d\u2019audience, ni conditions dignes pour traiter les dossiers des mineurs en conflit avec la loi<\/strong>.<br \/>\n\u00c0 cette pr\u00e9carit\u00e9 mat\u00e9rielle s\u2019ajoutent les <strong>d\u00e9tentions pr\u00e9ventives prolong\u00e9es<\/strong> de nombreux enfants, en violation flagrante de la proc\u00e9dure p\u00e9nale.<\/p>\n<p>Pour en parler, <strong>Me Abou Camara<\/strong>, avocat \u00e0 la Cour et d\u00e9fenseur de plusieurs enfants d\u00e9tenus, a accept\u00e9 de se confier \u00e0 <em>Guineematin.com<\/em>. L\u2019homme de droit tire la sonnette d\u2019alarme sur une situation qu\u2019il juge \u00ab dramatique et injuste \u00bb.<\/p>\n<h3>\u00ab En Guin\u00e9e, nous avons pris malheureusement l\u2019habitude de traiter les enfants comme tout autre justiciable \u00bb<\/h3>\n<p>D\u00e8s l\u2019entame, Me Camara pointe le non-respect des principes fondamentaux de la proc\u00e9dure.<br \/>\n\u00ab En Guin\u00e9e, nous avons pris malheureusement l\u2019habitude de traiter les enfants comme tout autre justiciable. \u00c0 l\u2019article pr\u00e9liminaire du code de proc\u00e9dure p\u00e9nale, il est pr\u00e9vu que la d\u00e9tention est une exception. (\u2026) Mais dans la pratique, c\u2019est un peu le contraire que nous vivons. Nous avons tendance \u00e0 comprendre que la d\u00e9tention est le principe, et la libert\u00e9 l\u2019exception. (\u2026) Tr\u00e8s malheureusement, vous voyez des enfants qui sont en prison pendant 2 ans sans \u00eatre situ\u00e9s sur leur sort. \u00bb<\/p>\n<p>Selon lui, <strong>le manque de respect des proc\u00e9dures sp\u00e9cifiques aux mineurs<\/strong> est devenu une pratique syst\u00e9mique. Les dossiers cens\u00e9s \u00eatre g\u00e9r\u00e9s par le juge des enfants sont parfois retenus par d\u2019autres magistrats, ce qui conduit \u00e0 des d\u00e9tentions arbitraires.<br \/>\n\u00ab Ce qui fait que tr\u00e8s souvent, bon nombre d\u2019enfants sont \u00e9crou\u00e9s, ils sont en d\u00e9tention arbitraire pendant deux ans voire cinq ans, sans \u00eatre situ\u00e9s sur leur sort. \u00c7a, c\u2019est un premier manquement aux droits de l\u2019enfant \u00bb, d\u00e9plore-t-il.<\/p>\n<h3>\u00ab Les parents ont d\u00e9missionn\u00e9, l\u2019\u00c9tat aussi \u00bb<\/h3>\n<p>L\u2019avocat s\u2019inqui\u00e8te aussi de <strong>l\u2019absence de soutien familial et institutionnel<\/strong> autour des enfants d\u00e9f\u00e9r\u00e9s.<br \/>\n\u00ab Le plus grand nombre d\u2019enfants qu\u2019on pr\u00e9sente devant ce tribunal, leurs parents ne se pr\u00e9sentent pas. Ces enfants sont sans parents. (\u2026) Les parents ont d\u00e9missionn\u00e9. Le quartier a d\u00e9missionn\u00e9. La soci\u00e9t\u00e9 a d\u00e9missionn\u00e9. L\u2019\u00c9tat ne joue plus son r\u00f4le \u00bb, mart\u00e8le Me Camara.<\/p>\n<p>Face \u00e0 cette d\u00e9faillance collective, le juge se retrouve sans solution.<br \/>\n\u00ab La derni\u00e8re solution, c\u2019est de confier l\u2019enfant \u00e0 un centre de surveillance et de r\u00e9\u00e9ducation. Et en Guin\u00e9e, ces centres n\u2019existent presque pas. L\u2019\u00c9tat n\u2019en a pas. Ce sont les priv\u00e9s qui en ont. Et ces centres-l\u00e0 ne sont pas ferm\u00e9s. \u00bb<br \/>\nUne situation qui laisse de nombreux enfants livr\u00e9s \u00e0 eux-m\u00eames, sans v\u00e9ritable accompagnement ni r\u00e9insertion possible.<\/p>\n<h3>Des magistrats sans bureaux, un tribunal sans salle d\u2019audience<\/h3>\n<p>Au-del\u00e0 du manque de moyens humains, <strong>les conditions de travail du Tribunal pour Enfants frisent l\u2019ind\u00e9cence<\/strong>.<br \/>\n\u00ab Pour un d\u00e9part, le Tribunal pour Enfants \u00e9tait annex\u00e9 au tribunal de Kaloum\u2026 Des locaux ont \u00e9t\u00e9 trouv\u00e9s \u00e0 un moment donn\u00e9 (\u2026) L\u00e0 aussi, le tribunal pour enfants a \u00e9t\u00e9 d\u00e9guerpi, sans m\u00e9nagement, pour se retrouver encore au tribunal ad hoc. Et \u00e7a aussi, c\u2019est pour combien de temps ? \u00bb s\u2019interroge Me Camara.<\/p>\n<p>Aujourd\u2019hui, cette juridiction ne dispose \u00ab ni de bureaux, ni de salle d\u2019audience \u00bb.<br \/>\n\u00ab Le tribunal pour enfants n\u2019existe que de nom. Voyez alors les conditions dans lesquelles ces magistrats travaillent. Voyez alors comment ces enfants-l\u00e0 vont \u00eatre jug\u00e9s. (\u2026) Pour un rien, pour un vol de poulet, les enfants se retrouvent en prison pour des mois. Les enfants souffrent. Et cela est s\u00e9rieux. C\u2019est inadmissible. L\u2019\u00c9tat doit y penser \u00bb, plaide-t-il.<\/p>\n<h3>\u00c0 travers ce cri du c\u0153ur, Me Abou Camara interpelle directement les autorit\u00e9s. Il r\u00e9clame <strong>une r\u00e9forme urgente du syst\u00e8me judiciaire pour enfants<\/strong>, ainsi qu\u2019un <strong>engagement concret de l\u2019\u00c9tat<\/strong> dans la protection et la r\u00e9insertion des mineurs.<br \/>\nCar, rappelle-t-il, <strong>\u00ab la justice des enfants est le miroir du respect des droits humains dans un pays \u00bb<\/strong> \u2014 un miroir que la Guin\u00e9e, aujourd\u2019hui, peine \u00e0 regarder.<\/h3>\n<p>&nbsp;<\/p>\n<p>Aboubacar Moussa Camara<\/p>\n","protected":false},"excerpt":{"rendered":"<p>Le Tribunal pour Enfants de Conakry appara\u00eet aujourd\u2019hui comme le parent pauvre du Minist\u00e8re de la Justice et des Droits de l\u2019Homme. Log\u00e9e provisoirement dans les locaux ayant abrit\u00e9 le proc\u00e8s du massacre du 28 septembre, cette juridiction sp\u00e9cialis\u00e9e fonctionne sans v\u00e9ritables moyens : ni bureaux, ni salle d\u2019audience, ni conditions dignes pour traiter les [&hellip;]<\/p>\n","protected":false},"author":2,"featured_media":5984,"comment_status":"closed","ping_status":"closed","sticky":false,"template":"","format":"standard","meta":{"_jetpack_memberships_contains_paid_content":false,"footnotes":"","jetpack_publicize_message":"","jetpack_publicize_feature_enabled":true,"jetpack_social_post_already_shared":true,"jetpack_social_options":{"image_generator_settings":{"template":"highway","default_image_id":0,"font":"","enabled":false},"version":2}},"categories":[30,24],"tags":[1245,269],"class_list":{"0":"post-5983","1":"post","2":"type-post","3":"status-publish","4":"format-standard","5":"has-post-thumbnail","7":"category-faits-divers","8":"category-news","9":"tag-tribunal","10":"tag-enfants"},"jetpack_publicize_connections":[],"jetpack_featured_media_url":"https:\/\/ledenonciateur224.com\/wp-content\/uploads\/2025\/11\/me-abou-camara-avocat-a-la-cour-729x420-1.jpg","jetpack_sharing_enabled":true,"_links":{"self":[{"href":"https:\/\/ledenonciateur224.com\/index.php\/wp-json\/wp\/v2\/posts\/5983","targetHints":{"allow":["GET"]}}],"collection":[{"href":"https:\/\/ledenonciateur224.com\/index.php\/wp-json\/wp\/v2\/posts"}],"about":[{"href":"https:\/\/ledenonciateur224.com\/index.php\/wp-json\/wp\/v2\/types\/post"}],"author":[{"embeddable":true,"href":"https:\/\/ledenonciateur224.com\/index.php\/wp-json\/wp\/v2\/users\/2"}],"replies":[{"embeddable":true,"href":"https:\/\/ledenonciateur224.com\/index.php\/wp-json\/wp\/v2\/comments?post=5983"}],"version-history":[{"count":0,"href":"https:\/\/ledenonciateur224.com\/index.php\/wp-json\/wp\/v2\/posts\/5983\/revisions"}],"wp:featuredmedia":[{"embeddable":true,"href":"https:\/\/ledenonciateur224.com\/index.php\/wp-json\/wp\/v2\/media\/5984"}],"wp:attachment":[{"href":"https:\/\/ledenonciateur224.com\/index.php\/wp-json\/wp\/v2\/media?parent=5983"}],"wp:term":[{"taxonomy":"category","embeddable":true,"href":"https:\/\/ledenonciateur224.com\/index.php\/wp-json\/wp\/v2\/categories?post=5983"},{"taxonomy":"post_tag","embeddable":true,"href":"https:\/\/ledenonciateur224.com\/index.php\/wp-json\/wp\/v2\/tags?post=5983"}],"curies":[{"name":"wp","href":"https:\/\/api.w.org\/{rel}","templated":true}]}}