{"id":5995,"date":"2025-11-14T13:35:06","date_gmt":"2025-11-14T13:35:06","guid":{"rendered":"https:\/\/ledenonciateur224.com\/?p=5995"},"modified":"2025-11-14T13:35:06","modified_gmt":"2025-11-14T13:35:06","slug":"le-centre-culturel-franco-guineen-risque-gros-le-tribunal-du-travail-pourrait-saisir-ses-avoirs","status":"publish","type":"post","link":"https:\/\/ledenonciateur224.com\/index.php\/le-centre-culturel-franco-guineen-risque-gros-le-tribunal-du-travail-pourrait-saisir-ses-avoirs\/","title":{"rendered":"Le Centre Culturel Franco-Guin\u00e9en risque gros : le Tribunal du Travail pourrait saisir ses avoirs"},"content":{"rendered":"<p>Le Centre Culturel Franco-Guin\u00e9en (CCFG) fait face \u00e0 une proc\u00e9dure judiciaire qui pourrait avoir de lourdes cons\u00e9quences financi\u00e8res. Sambou Sylla, ancien responsable administratif et financier du centre, r\u00e9clame en effet plus de\u00a0<strong>200 millions de francs guin\u00e9ens<\/strong>\u00a0\u00e0 son ex-employeur au titre de la rupture de son contrat.<\/p>\n<p>Ce vendredi 14 novembre, l\u2019affaire \u00e9tait inscrite au r\u00f4le du Tribunal du Travail de Kaloum. En raison de l\u2019absence de la partie d\u00e9fenderesse, le tribunal a d\u00e9cid\u00e9 de\u00a0<strong>renvoyer l\u2019audience au vendredi 21 novembre prochain<\/strong>.<\/p>\n<p>\u00c0 la sortie de la salle, Sambou Sylla s\u2019est exprim\u00e9 devant la presse. Il a averti que si la direction du CCFG venait \u00e0 manquer \u00e0 nouveau l\u2019audience, le juge pourrait rendre une d\u00e9cision lourde de cons\u00e9quences pour l\u2019institution culturelle.<\/p>\n<p>\u00ab Maintenant, je vais vous dire que j\u2019ai constitu\u00e9 seulement le cabinet de Ma\u00eetre Faya Gabriel. La dame (responsable) du centre a d\u00e9j\u00e0 re\u00e7u un premier courrier. Aujourd\u2019hui encore, elle n\u2019a pas particip\u00e9. La suite, ce sera simplement la d\u00e9cision du juge. Cela pourrait aller jusqu\u2019\u00e0 la\u00a0<strong>saisie des avoirs<\/strong>. Le Centre culturel a int\u00e9r\u00eat \u00e0 r\u00e9tablir mes droits. C\u2019est cela m\u00eame la proc\u00e9dure. Elle n\u2019a pos\u00e9 aucun acte qui pourrait faciliter le d\u00e9roulement du proc\u00e8s. \u00c0 partir du moment o\u00f9 elle ne fait aucun signe, le juge va d\u00e9cider de saisir les avoirs du Centre Culturel Franco-Guin\u00e9en. \u00bb<\/p>\n<p>L\u2019affaire est donc renvoy\u00e9e au\u00a0<strong>vendredi 21 novembre 2025<\/strong>, date \u00e0 laquelle le tribunal attend la comparution de la repr\u00e9sentante du CCFG.<\/p>\n<p>&nbsp;<\/p>\n<p>&nbsp;<\/p>\n<p>Ledenonciateur224.com<\/p>\n","protected":false},"excerpt":{"rendered":"<p>Le Centre Culturel Franco-Guin\u00e9en (CCFG) fait face \u00e0 une proc\u00e9dure judiciaire qui pourrait avoir de lourdes cons\u00e9quences financi\u00e8res. Sambou Sylla, ancien responsable administratif et financier du centre, r\u00e9clame en effet plus de\u00a0200 millions de francs guin\u00e9ens\u00a0\u00e0 son ex-employeur au titre de la rupture de son contrat. Ce vendredi 14 novembre, l\u2019affaire \u00e9tait inscrite au r\u00f4le [&hellip;]<\/p>\n","protected":false},"author":2,"featured_media":5996,"comment_status":"closed","ping_status":"closed","sticky":false,"template":"","format":"standard","meta":{"_jetpack_memberships_contains_paid_content":false,"footnotes":"","jetpack_publicize_message":"","jetpack_publicize_feature_enabled":true,"jetpack_social_post_already_shared":true,"jetpack_social_options":{"image_generator_settings":{"template":"highway","default_image_id":0,"font":"","enabled":false},"version":2}},"categories":[28,30,24],"tags":[1290,1299,1300],"class_list":{"0":"post-5995","1":"post","2":"type-post","3":"status-publish","4":"format-standard","5":"has-post-thumbnail","7":"category-culture","8":"category-faits-divers","9":"category-news","10":"tag-ccfg","11":"tag-centre-culturel","12":"tag-franco-guineen"},"jetpack_publicize_connections":[],"jetpack_featured_media_url":"https:\/\/ledenonciateur224.com\/wp-content\/uploads\/2025\/11\/ccfg.jpg","jetpack_sharing_enabled":true,"_links":{"self":[{"href":"https:\/\/ledenonciateur224.com\/index.php\/wp-json\/wp\/v2\/posts\/5995","targetHints":{"allow":["GET"]}}],"collection":[{"href":"https:\/\/ledenonciateur224.com\/index.php\/wp-json\/wp\/v2\/posts"}],"about":[{"href":"https:\/\/ledenonciateur224.com\/index.php\/wp-json\/wp\/v2\/types\/post"}],"author":[{"embeddable":true,"href":"https:\/\/ledenonciateur224.com\/index.php\/wp-json\/wp\/v2\/users\/2"}],"replies":[{"embeddable":true,"href":"https:\/\/ledenonciateur224.com\/index.php\/wp-json\/wp\/v2\/comments?post=5995"}],"version-history":[{"count":0,"href":"https:\/\/ledenonciateur224.com\/index.php\/wp-json\/wp\/v2\/posts\/5995\/revisions"}],"wp:featuredmedia":[{"embeddable":true,"href":"https:\/\/ledenonciateur224.com\/index.php\/wp-json\/wp\/v2\/media\/5996"}],"wp:attachment":[{"href":"https:\/\/ledenonciateur224.com\/index.php\/wp-json\/wp\/v2\/media?parent=5995"}],"wp:term":[{"taxonomy":"category","embeddable":true,"href":"https:\/\/ledenonciateur224.com\/index.php\/wp-json\/wp\/v2\/categories?post=5995"},{"taxonomy":"post_tag","embeddable":true,"href":"https:\/\/ledenonciateur224.com\/index.php\/wp-json\/wp\/v2\/tags?post=5995"}],"curies":[{"name":"wp","href":"https:\/\/api.w.org\/{rel}","templated":true}]}}