{"id":5999,"date":"2025-11-14T14:16:15","date_gmt":"2025-11-14T14:16:15","guid":{"rendered":"https:\/\/ledenonciateur224.com\/?p=5999"},"modified":"2025-11-14T14:16:15","modified_gmt":"2025-11-14T14:16:15","slug":"bieguip-avant-les-trois-derniers-concerts-lorganisation-exprime-sa-gratitude-aux-autorites-et-aux-artistes8","status":"publish","type":"post","link":"https:\/\/ledenonciateur224.com\/index.php\/bieguip-avant-les-trois-derniers-concerts-lorganisation-exprime-sa-gratitude-aux-autorites-et-aux-artistes8\/","title":{"rendered":"BIEGUIP : avant les trois derniers concerts, l\u2019organisation exprime sa gratitude aux autorit\u00e9s et aux artistes8"},"content":{"rendered":"<p>En pr\u00e9lude aux trois concerts de cl\u00f4ture pr\u00e9vus les <strong>13, 14 et 15 novembre<\/strong>, la structure organisatrice de la Biennale de Guin\u00e9e (BIEGUIP), dirig\u00e9e par <strong>Abdoulaye N\u2019Baye<\/strong> de <em>Deeg-J Force 3<\/em>, a tenu une conf\u00e9rence de presse le jeudi 13 novembre au <strong>Chapiteau By Issa<\/strong>, au Palais du Peuple.<br \/>\nCette rencontre avait pour principal objectif de <strong>remercier les autorit\u00e9s guin\u00e9ennes<\/strong>, en particulier le Chef de l\u2019\u00c9tat, <strong>le G\u00e9n\u00e9ral d\u2019Arm\u00e9e Mamadi Doumbouya<\/strong>, pour leur soutien d\u00e9terminant dans la r\u00e9ussite de cette \u00e9dition.<\/p>\n<p>L\u2019\u00e9quipe organisatrice a \u00e9galement salu\u00e9 la <strong>participation massive des artistes guin\u00e9ens et internationaux<\/strong>, dont le talent et l\u2019engagement ont permis \u00e0 la biennale de rayonner. Leur pr\u00e9sence a contribu\u00e9 \u00e0 promouvoir la culture guin\u00e9enne sur la sc\u00e8ne mondiale, notamment gr\u00e2ce \u00e0 des \u00e9changes artistiques et \u00e0 des activit\u00e9s touristiques organis\u00e9es en marge de l\u2019\u00e9v\u00e9nement.<\/p>\n<p>Rappelant que la Biennale s\u2019est tenue du <strong>7 au 15 novembre<\/strong>, Abdoulaye N\u2019Baye est revenu sur les moments phares de la programmation :<\/p>\n<p><em>\u00ab Il s\u2019agit d\u2019un grand rendez-vous culturel qui s\u2019\u00e9tend du 7 au 15 novembre. Le coup d\u2019envoi a \u00e9t\u00e9 donn\u00e9 par le Carnaval de Conakry, qui a r\u00e9uni plus de 5 000 artistes \u2014 cirques, percussions, ballets \u2014 sur le boulevard de Matam. \u00c0 travers un concert, un hommage a \u00e9t\u00e9 rendu aux l\u00e9gendes de la musique guin\u00e9enne et africaine, avec la participation de 12 artistes embl\u00e9matiques, dont S\u00e9kouba Bambino, ainsi que plusieurs autres activit\u00e9s culturelles, dont le FORCA (Forum des Industries Culturelles et Cr\u00e9atives). L\u2019Expo BIEGUIP a \u00e9galement \u00e9t\u00e9 maintenue en parall\u00e8le. \u00bb<\/em><\/p>\n<p>L\u2019\u00e9v\u00e9nement se cl\u00f4turera par <strong>des concerts simultan\u00e9s dans plusieurs quartiers<\/strong>, avant le grand concert final du <strong>15 novembre<\/strong> sur l\u2019Esplanade du Palais du Peuple, consacr\u00e9 \u00e0 la <strong>musique urbaine<\/strong>.<\/p>\n<p>Abdoulaye N\u2019Baye a conclu la rencontre en exprimant une <strong>profonde gratitude<\/strong> envers le Pr\u00e9sident de la R\u00e9publique pour sa confiance et pour avoir int\u00e9gr\u00e9 le projet BIEGUIP dans la vision globale du <strong>Branding Guinea<\/strong> et du programme <strong>Simandou 2040<\/strong>.<\/p>\n<p>Il convient de rappeler que le th\u00e8me central de cette \u00e9dition \u00e9tait :<\/p>\n<h3><em><strong>\u00ab La Guin\u00e9e accueille le monde \u00bb.<\/strong><\/em><\/h3>\n<p>&nbsp;<\/p>\n<p>AMC<\/p>\n","protected":false},"excerpt":{"rendered":"<p>En pr\u00e9lude aux trois concerts de cl\u00f4ture pr\u00e9vus les 13, 14 et 15 novembre, la structure organisatrice de la Biennale de Guin\u00e9e (BIEGUIP), dirig\u00e9e par Abdoulaye N\u2019Baye de Deeg-J Force 3, a tenu une conf\u00e9rence de presse le jeudi 13 novembre au Chapiteau By Issa, au Palais du Peuple. Cette rencontre avait pour principal objectif [&hellip;]<\/p>\n","protected":false},"author":2,"featured_media":6000,"comment_status":"closed","ping_status":"closed","sticky":false,"template":"","format":"standard","meta":{"_jetpack_memberships_contains_paid_content":false,"footnotes":"","jetpack_publicize_message":"","jetpack_publicize_feature_enabled":true,"jetpack_social_post_already_shared":true,"jetpack_social_options":{"image_generator_settings":{"template":"highway","default_image_id":0,"font":"","enabled":false},"version":2}},"categories":[28,24],"tags":[1301,1271],"class_list":{"0":"post-5999","1":"post","2":"type-post","3":"status-publish","4":"format-standard","5":"has-post-thumbnail","7":"category-culture","8":"category-news","9":"tag-bieguip","10":"tag-biennale"},"jetpack_publicize_connections":[],"jetpack_featured_media_url":"https:\/\/ledenonciateur224.com\/wp-content\/uploads\/2025\/11\/img-20251113-161439-907-768x346-1.jpg","jetpack_sharing_enabled":true,"_links":{"self":[{"href":"https:\/\/ledenonciateur224.com\/index.php\/wp-json\/wp\/v2\/posts\/5999","targetHints":{"allow":["GET"]}}],"collection":[{"href":"https:\/\/ledenonciateur224.com\/index.php\/wp-json\/wp\/v2\/posts"}],"about":[{"href":"https:\/\/ledenonciateur224.com\/index.php\/wp-json\/wp\/v2\/types\/post"}],"author":[{"embeddable":true,"href":"https:\/\/ledenonciateur224.com\/index.php\/wp-json\/wp\/v2\/users\/2"}],"replies":[{"embeddable":true,"href":"https:\/\/ledenonciateur224.com\/index.php\/wp-json\/wp\/v2\/comments?post=5999"}],"version-history":[{"count":0,"href":"https:\/\/ledenonciateur224.com\/index.php\/wp-json\/wp\/v2\/posts\/5999\/revisions"}],"wp:featuredmedia":[{"embeddable":true,"href":"https:\/\/ledenonciateur224.com\/index.php\/wp-json\/wp\/v2\/media\/6000"}],"wp:attachment":[{"href":"https:\/\/ledenonciateur224.com\/index.php\/wp-json\/wp\/v2\/media?parent=5999"}],"wp:term":[{"taxonomy":"category","embeddable":true,"href":"https:\/\/ledenonciateur224.com\/index.php\/wp-json\/wp\/v2\/categories?post=5999"},{"taxonomy":"post_tag","embeddable":true,"href":"https:\/\/ledenonciateur224.com\/index.php\/wp-json\/wp\/v2\/tags?post=5999"}],"curies":[{"name":"wp","href":"https:\/\/api.w.org\/{rel}","templated":true}]}}