{"id":603,"date":"2024-12-23T17:29:48","date_gmt":"2024-12-23T17:29:48","guid":{"rendered":"https:\/\/ledenonciateur224.com\/?p=603"},"modified":"2024-12-23T17:29:48","modified_gmt":"2024-12-23T17:29:48","slug":"proces-du-28-septembre-2009-une-nouvelle-phase-cruciale-souvre-avec-lappel","status":"publish","type":"post","link":"https:\/\/ledenonciateur224.com\/index.php\/proces-du-28-septembre-2009-une-nouvelle-phase-cruciale-souvre-avec-lappel\/","title":{"rendered":"Proc\u00e8s du 28 septembre 2009 : Une nouvelle phase cruciale s&rsquo;ouvre avec l&rsquo;Appel"},"content":{"rendered":"<p>&nbsp;<\/p>\n<p><span style=\"color: #212529;font-family: georgia, lucida grande, lucida sans unicode, arial, verdana, sans-serif\">Apr\u00e8s cinq mois de suspense, le jugement en appel du proc\u00e8s du massacre du 28 septembre 2009 se pr\u00e9pare. Les accus\u00e9s, dont Moussa Dadis Camara et d&rsquo;autres figures de l&rsquo;ex-r\u00e9gime, tenteront de contester leur condamnation.<\/span><\/p>\n<p><span style=\"color: #212529;font-family: georgia, lucida grande, lucida sans unicode, arial, verdana, sans-serif\">Pr\u00e8s de cinq mois apr\u00e8s le verdict du proc\u00e8s concernant le massacre du 28 septembre 2009, une nouvelle phase d\u00e9cisive va bient\u00f4t commencer : le jugement en appel. Bien qu&rsquo;aucune date pr\u00e9cise n&rsquo;ait \u00e9t\u00e9 fix\u00e9e pour l&rsquo;ouverture de cette nouvelle \u00e9tape, le ministre de la Justice et des Droits de l&rsquo;Homme, Yaya Kairaba Kaba, a assur\u00e9 que les pr\u00e9paratifs vont bon train et que tout est mis en place pour que ce proc\u00e8s se d\u00e9roule dans les meilleurs d\u00e9lais.<\/span><\/p>\n<p><span style=\"color: #212529;font-family: georgia, lucida grande, lucida sans unicode, arial, verdana, sans-serif\">Le d\u00e9but de l&rsquo;appel : un proc\u00e8s en deux temps<\/span><\/p>\n<p><span style=\"color: #212529;font-family: georgia, lucida grande, lucida sans unicode, arial, verdana, sans-serif\">Le ministre a tenu \u00e0 rappeler que le proc\u00e8s n&rsquo;est pas encore termin\u00e9, car des voies de recours ont \u00e9t\u00e9 exerc\u00e9es. \u00ab\u00a0La seconde partie du proc\u00e8s est en pr\u00e9paration. Le second juge va statuer non pas sur l\u2019int\u00e9gralit\u00e9 du proc\u00e8s, mais sur les motifs de l\u2019appel\u00a0\u00bb, a expliqu\u00e9 Yaya Kairaba Kaba, soulignant que la proc\u00e9dure en appel n\u2019est pas une r\u00e9p\u00e9tition du proc\u00e8s initial, mais une r\u00e9vision sur des points sp\u00e9cifiques du jugement.<\/span><\/p>\n<p><span style=\"color: #212529;font-family: georgia, lucida grande, lucida sans unicode, arial, verdana, sans-serif\">Le 31 juillet 2024, le tribunal criminel de Dixinn avait prononc\u00e9 des condamnations s\u00e9v\u00e8res contre sept des onze accus\u00e9s jug\u00e9s pour leur r\u00f4le dans l\u2019un des pires massacres de l\u2019histoire r\u00e9cente de la Guin\u00e9e. Quatre autres accus\u00e9s avaient \u00e9t\u00e9 acquitt\u00e9s. Parmi les condamn\u00e9s, seul un n\u2019a pas fait appel.<\/span><\/p>\n<p><span style=\"color: #212529;font-family: georgia, lucida grande, lucida sans unicode, arial, verdana, sans-serif\">Les figures de l&rsquo;ex-r\u00e9gime face \u00e0 la justice<\/span><\/p>\n<p><span style=\"color: #212529;font-family: georgia, lucida grande, lucida sans unicode, arial, verdana, sans-serif\">Les figures les plus embl\u00e9matiques du r\u00e9gime de Moussa Dadis Camara, \u00e0 savoir l&rsquo;ex-pr\u00e9sident Moussa Dadis Camara lui-m\u00eame, l&rsquo;ex-ministre Moussa Thiegboro Camara, Toumba Diakit\u00e9, Marcel Guilavogui, Blaise Goumou, et Jean-Claude Pivi, ont tous contest\u00e9 le jugement rendu par le juge Ibrahima Sory 2 Tounkara. Ces figures de l&rsquo;ancien r\u00e9gime militaire sont attendues \u00e0 nouveau \u00e0 la barre de la Cour d&rsquo;Appel de Conakry, o\u00f9 ils tenteront de prouver leur innocence dans ce qui reste l\u2019un des \u00e9pisodes les plus sombres de l\u2019histoire contemporaine de la Guin\u00e9e.<\/span><\/p>\n<p><span style=\"color: #212529;font-family: georgia, lucida grande, lucida sans unicode, arial, verdana, sans-serif\">Le proc\u00e8s en appel : une dur\u00e9e plus courte mais une port\u00e9e importante<\/span><\/p>\n<p><span style=\"color: #212529;font-family: georgia, lucida grande, lucida sans unicode, arial, verdana, sans-serif\">Le ministre Yaya Kairaba Kaba a pr\u00e9cis\u00e9 que le proc\u00e8s en appel ne prendra probablement pas autant de temps que le premier proc\u00e8s. \u00ab\u00a0En termes de dur\u00e9e, le proc\u00e8s d\u2019appel ne conna\u00eetra pas la m\u00eame ampleur que celui du tribunal de Dixinn. En effet, le second juge se prononcera uniquement sur les motifs de l\u2019appel\u00a0\u00bb, a-t-il d\u00e9clar\u00e9. Cela laisse esp\u00e9rer une r\u00e9solution plus rapide du dossier, mais avec une port\u00e9e juridique et symbolique tout aussi significative, compte tenu de la gravit\u00e9 des faits et des attentes des victimes et de la soci\u00e9t\u00e9 guin\u00e9enne.<\/span><\/p>\n<p><span style=\"color: #212529;font-family: georgia, lucida grande, lucida sans unicode, arial, verdana, sans-serif\">Ce proc\u00e8s en appel constitue donc une \u00e9tape capitale pour la justice en Guin\u00e9e, et pourrait marquer un tournant dans la qu\u00eate de v\u00e9rit\u00e9 et de responsabilit\u00e9 concernant le massacre du 28 septembre 2009, qui reste encore dans les m\u00e9moires comme l&rsquo;une des pires atrocit\u00e9s commises dans le pays.<\/span><\/p>\n<p>&nbsp;<\/p>\n<p>&nbsp;<\/p>\n<p>Ledenonciateur224.com<\/p>\n","protected":false},"excerpt":{"rendered":"<p>&nbsp; Apr\u00e8s cinq mois de suspense, le jugement en appel du proc\u00e8s du massacre du 28 septembre 2009 se pr\u00e9pare. Les accus\u00e9s, dont Moussa Dadis Camara et d&rsquo;autres figures de l&rsquo;ex-r\u00e9gime, tenteront de contester leur condamnation. Pr\u00e8s de cinq mois apr\u00e8s le verdict du proc\u00e8s concernant le massacre du 28 septembre 2009, une nouvelle phase [&hellip;]<\/p>\n","protected":false},"author":2,"featured_media":604,"comment_status":"open","ping_status":"open","sticky":false,"template":"","format":"standard","meta":{"_jetpack_memberships_contains_paid_content":false,"footnotes":"","jetpack_publicize_message":"","jetpack_publicize_feature_enabled":true,"jetpack_social_post_already_shared":false,"jetpack_social_options":{"image_generator_settings":{"template":"highway","default_image_id":0,"font":"","enabled":false},"version":2}},"categories":[30,24],"tags":[126,120,125,127],"class_list":{"0":"post-603","1":"post","2":"type-post","3":"status-publish","4":"format-standard","5":"has-post-thumbnail","7":"category-faits-divers","8":"category-news","9":"tag-capitaine-dadis-camara","10":"tag-ministre-de-la-justice","11":"tag-proces-du-28-septembre-2009","12":"tag-toumba-diakite"},"jetpack_publicize_connections":[],"jetpack_featured_media_url":"https:\/\/ledenonciateur224.com\/wp-content\/uploads\/2024\/12\/b50565a-1644053795632-dcamara.jpg","jetpack_sharing_enabled":true,"_links":{"self":[{"href":"https:\/\/ledenonciateur224.com\/index.php\/wp-json\/wp\/v2\/posts\/603","targetHints":{"allow":["GET"]}}],"collection":[{"href":"https:\/\/ledenonciateur224.com\/index.php\/wp-json\/wp\/v2\/posts"}],"about":[{"href":"https:\/\/ledenonciateur224.com\/index.php\/wp-json\/wp\/v2\/types\/post"}],"author":[{"embeddable":true,"href":"https:\/\/ledenonciateur224.com\/index.php\/wp-json\/wp\/v2\/users\/2"}],"replies":[{"embeddable":true,"href":"https:\/\/ledenonciateur224.com\/index.php\/wp-json\/wp\/v2\/comments?post=603"}],"version-history":[{"count":0,"href":"https:\/\/ledenonciateur224.com\/index.php\/wp-json\/wp\/v2\/posts\/603\/revisions"}],"wp:featuredmedia":[{"embeddable":true,"href":"https:\/\/ledenonciateur224.com\/index.php\/wp-json\/wp\/v2\/media\/604"}],"wp:attachment":[{"href":"https:\/\/ledenonciateur224.com\/index.php\/wp-json\/wp\/v2\/media?parent=603"}],"wp:term":[{"taxonomy":"category","embeddable":true,"href":"https:\/\/ledenonciateur224.com\/index.php\/wp-json\/wp\/v2\/categories?post=603"},{"taxonomy":"post_tag","embeddable":true,"href":"https:\/\/ledenonciateur224.com\/index.php\/wp-json\/wp\/v2\/tags?post=603"}],"curies":[{"name":"wp","href":"https:\/\/api.w.org\/{rel}","templated":true}]}}