{"id":6034,"date":"2025-11-16T20:15:38","date_gmt":"2025-11-16T20:15:38","guid":{"rendered":"https:\/\/ledenonciateur224.com\/?p=6034"},"modified":"2025-11-16T20:15:38","modified_gmt":"2025-11-16T20:15:38","slug":"selection-caf-2025-lincroyable-snob-de-guirassy-qui-secoue-le-football-africain","status":"publish","type":"post","link":"https:\/\/ledenonciateur224.com\/index.php\/selection-caf-2025-lincroyable-snob-de-guirassy-qui-secoue-le-football-africain\/","title":{"rendered":"S\u00e9lection CAF 2025 : L\u2019incroyable snob de Guirassy qui secoue le football africain"},"content":{"rendered":"<p>Pour la deuxi\u00e8me fois de sa carri\u00e8re, l\u2019international guin\u00e9en Sehrou Guirassy figurait parmi les nomm\u00e9s au troph\u00e9e du Meilleur footballeur africain de l\u2019ann\u00e9e. Mais comme en 2023, la d\u00e9ception est au rendez-vous : l\u2019attaquant du Borussia Dortmund ne fait pas partie du trio final. C&rsquo;est ce qui ressort de la derni\u00e8re mise \u00e0 jour publi\u00e9e par la Conf\u00e9d\u00e9ration africaine de football (CAF).<\/p>\n<p>Une surprise qui ne manque pas d\u2019alimenter les d\u00e9bats. Auteur d\u2019une saison exceptionnelle, Guirassy a non seulement brill\u00e9 en Bundesliga, mais il a surtout marqu\u00e9 l\u2019histoire en remportant le\u00a0<strong>Soulier d\u2019or de la Ligue des champions europ\u00e9enne<\/strong>, une premi\u00e8re pour un joueur guin\u00e9en. Son absence dans le dernier carr\u00e9 fait donc grand bruit au sein des observateurs et supporters africains.<\/p>\n<p>Selon la liste officielle d\u00e9voil\u00e9e ce dimanche 16 novembre 2025, les trois finalistes pour le prestigieux troph\u00e9e sont :<\/p>\n<ul>\n<li><strong>Mohamed Salah (\u00c9gypte)<\/strong>\u00a0\u2013 Champion de Premier League avec Liverpool, toujours aussi d\u00e9cisif et leader de sa s\u00e9lection ;<\/li>\n<li><strong>Achraf Hakimi (Maroc)<\/strong>\u00a0\u2013 Vainqueur de la Ligue des champions et champion de France avec le Paris Saint-Germain, consid\u00e9r\u00e9 comme l\u2019un des meilleurs lat\u00e9raux au monde ;<\/li>\n<li><strong>Victor Osimhen (Nigeria)<\/strong>\u00a0\u2013 Le buteur de Galatasaray, incontournable en S\u00fcper Lig et figure majeure des Super Eagles.<\/li>\n<\/ul>\n<p>La c\u00e9r\u00e9monie de remise des distinctions se tiendra \u00e0\u00a0<strong>Rabat, au Maroc<\/strong>, le\u00a0<strong>19 novembre 2025<\/strong>, \u00e0 partir de\u00a0<strong>19h00 heure locale (18h00 GMT)<\/strong>. Elle promet d\u2019\u00eatre l\u2019un des grands rendez-vous footballistiques de l\u2019ann\u00e9e, avec un suspense tr\u00e8s attendu autour du successeur annonc\u00e9\u2026 ou de la confirmation de Mohamed Salah.<\/p>\n<p>Ledenonciateur224.com<\/p>\n","protected":false},"excerpt":{"rendered":"<p>Pour la deuxi\u00e8me fois de sa carri\u00e8re, l\u2019international guin\u00e9en Sehrou Guirassy figurait parmi les nomm\u00e9s au troph\u00e9e du Meilleur footballeur africain de l\u2019ann\u00e9e. Mais comme en 2023, la d\u00e9ception est au rendez-vous : l\u2019attaquant du Borussia Dortmund ne fait pas partie du trio final. C&rsquo;est ce qui ressort de la derni\u00e8re mise \u00e0 jour publi\u00e9e [&hellip;]<\/p>\n","protected":false},"author":2,"featured_media":6035,"comment_status":"closed","ping_status":"closed","sticky":false,"template":"","format":"standard","meta":{"_jetpack_memberships_contains_paid_content":false,"footnotes":"","jetpack_publicize_message":"","jetpack_publicize_feature_enabled":true,"jetpack_social_post_already_shared":true,"jetpack_social_options":{"image_generator_settings":{"template":"highway","default_image_id":0,"font":"","enabled":false},"version":2}},"categories":[24,34],"tags":[599,104,116],"class_list":{"0":"post-6034","1":"post","2":"type-post","3":"status-publish","4":"format-standard","5":"has-post-thumbnail","7":"category-news","8":"category-sport","9":"tag-sehrou-guirassy-attaquant","10":"tag-ballon-dor","11":"tag-caf"},"jetpack_publicize_connections":[],"jetpack_featured_media_url":"https:\/\/ledenonciateur224.com\/wp-content\/uploads\/2025\/11\/serhou-guirassy-768x521-1.webp","jetpack_sharing_enabled":true,"_links":{"self":[{"href":"https:\/\/ledenonciateur224.com\/index.php\/wp-json\/wp\/v2\/posts\/6034","targetHints":{"allow":["GET"]}}],"collection":[{"href":"https:\/\/ledenonciateur224.com\/index.php\/wp-json\/wp\/v2\/posts"}],"about":[{"href":"https:\/\/ledenonciateur224.com\/index.php\/wp-json\/wp\/v2\/types\/post"}],"author":[{"embeddable":true,"href":"https:\/\/ledenonciateur224.com\/index.php\/wp-json\/wp\/v2\/users\/2"}],"replies":[{"embeddable":true,"href":"https:\/\/ledenonciateur224.com\/index.php\/wp-json\/wp\/v2\/comments?post=6034"}],"version-history":[{"count":0,"href":"https:\/\/ledenonciateur224.com\/index.php\/wp-json\/wp\/v2\/posts\/6034\/revisions"}],"wp:featuredmedia":[{"embeddable":true,"href":"https:\/\/ledenonciateur224.com\/index.php\/wp-json\/wp\/v2\/media\/6035"}],"wp:attachment":[{"href":"https:\/\/ledenonciateur224.com\/index.php\/wp-json\/wp\/v2\/media?parent=6034"}],"wp:term":[{"taxonomy":"category","embeddable":true,"href":"https:\/\/ledenonciateur224.com\/index.php\/wp-json\/wp\/v2\/categories?post=6034"},{"taxonomy":"post_tag","embeddable":true,"href":"https:\/\/ledenonciateur224.com\/index.php\/wp-json\/wp\/v2\/tags?post=6034"}],"curies":[{"name":"wp","href":"https:\/\/api.w.org\/{rel}","templated":true}]}}