{"id":6037,"date":"2025-11-16T20:36:33","date_gmt":"2025-11-16T20:36:33","guid":{"rendered":"https:\/\/ledenonciateur224.com\/?p=6037"},"modified":"2025-11-16T20:36:33","modified_gmt":"2025-11-16T20:36:33","slug":"elie-kamano-denonce-un-enlevement-nocturne-deux-de-ses-fils-emmenes","status":"publish","type":"post","link":"https:\/\/ledenonciateur224.com\/index.php\/elie-kamano-denonce-un-enlevement-nocturne-deux-de-ses-fils-emmenes\/","title":{"rendered":"\u00c9lie Kamano d\u00e9nonce un enl\u00e8vement nocturne : deux de ses fils emmen\u00e9s"},"content":{"rendered":"<p>Exil\u00e9 au Burkina Faso depuis plusieurs mois, l\u2019artiste engag\u00e9 et acteur politique <strong>\u00c9lie Kamano<\/strong>\u00a0lance une alerte grave. Dans une vid\u00e9o publi\u00e9e r\u00e9cemment sur sa page Facebook, il affirme que\u00a0<strong>deux de ses fils<\/strong>\u00a0ont \u00e9t\u00e9\u00a0<strong>enlev\u00e9s \u00e0 son domicile \u00e0 Conakry<\/strong>, aux premi\u00e8res heures du matin, par des hommes\u00a0<strong>encagoul\u00e9s et arm\u00e9s<\/strong>.<\/p>\n<p>Selon ses d\u00e9clarations, les faits se sont produits vers\u00a0<strong>4 heures du matin<\/strong>. \u00ab Des hommes encagoul\u00e9s, arm\u00e9s sont venus chez moi \u00e0 Conakry \u00bb, dit-il, expliquant que trois de ses enfants ont \u00e9t\u00e9 pris : \u00ab Le plus petit a \u00e9t\u00e9 ramen\u00e9, mais l\u2019a\u00een\u00e9 et le second sont partis avec eux. \u00bb Il pr\u00e9cise que son domicile a \u00e9t\u00e9\u00a0<strong>saccag\u00e9<\/strong>\u00a0lors de l\u2019assaut. Pour lui, cette action ne vise pas tant sa personne, mais serait un message aux proches, et il demande\u00a0<strong>la lib\u00e9ration imm\u00e9diate<\/strong>\u00a0de ses enfants.<\/p>\n<p>L\u2019artiste d\u00e9chu de son parti politique \u2013 qu\u2019il critiquait vivement \u2013 met directement en cause les\u00a0<strong>autorit\u00e9s de la transition<\/strong>\u00a0en Guin\u00e9e. Il assure que ses enfants \u00ab n\u2019ont rien \u00e0 voir \u00bb dans ses combats politiques, mais qu\u2019ils en subissent pourtant les cons\u00e9quences : \u00ab Mon combat, ce n\u2019est pas leur combat \u00bb, insiste-t-il.<\/p>\n<p>Selon notre nos informations les personnes enlev\u00e9es sont : Robert et Fawlan, tous deux fils d\u2019\u00c9lie Kamano ; Antoine, son neveu ; et Foumba, son fr\u00e8re.<\/p>\n<p>&nbsp;<\/p>\n<h3>AMC<\/h3>\n","protected":false},"excerpt":{"rendered":"<p>Exil\u00e9 au Burkina Faso depuis plusieurs mois, l\u2019artiste engag\u00e9 et acteur politique \u00c9lie Kamano\u00a0lance une alerte grave. Dans une vid\u00e9o publi\u00e9e r\u00e9cemment sur sa page Facebook, il affirme que\u00a0deux de ses fils\u00a0ont \u00e9t\u00e9\u00a0enlev\u00e9s \u00e0 son domicile \u00e0 Conakry, aux premi\u00e8res heures du matin, par des hommes\u00a0encagoul\u00e9s et arm\u00e9s. Selon ses d\u00e9clarations, les faits se sont [&hellip;]<\/p>\n","protected":false},"author":2,"featured_media":6031,"comment_status":"closed","ping_status":"closed","sticky":false,"template":"","format":"standard","meta":{"_jetpack_memberships_contains_paid_content":false,"footnotes":"","jetpack_publicize_message":"","jetpack_publicize_feature_enabled":true,"jetpack_social_post_already_shared":true,"jetpack_social_options":{"image_generator_settings":{"template":"highway","default_image_id":0,"font":"","enabled":false},"version":2}},"categories":[30,24],"tags":[852,1011,373],"class_list":{"0":"post-6037","1":"post","2":"type-post","3":"status-publish","4":"format-standard","5":"has-post-thumbnail","7":"category-faits-divers","8":"category-news","9":"tag-elie-kamano","10":"tag-enfant","11":"tag-enlevement"},"jetpack_publicize_connections":[],"jetpack_featured_media_url":"https:\/\/ledenonciateur224.com\/wp-content\/uploads\/2025\/11\/eliekamano2-1.jpg","jetpack_sharing_enabled":true,"_links":{"self":[{"href":"https:\/\/ledenonciateur224.com\/index.php\/wp-json\/wp\/v2\/posts\/6037","targetHints":{"allow":["GET"]}}],"collection":[{"href":"https:\/\/ledenonciateur224.com\/index.php\/wp-json\/wp\/v2\/posts"}],"about":[{"href":"https:\/\/ledenonciateur224.com\/index.php\/wp-json\/wp\/v2\/types\/post"}],"author":[{"embeddable":true,"href":"https:\/\/ledenonciateur224.com\/index.php\/wp-json\/wp\/v2\/users\/2"}],"replies":[{"embeddable":true,"href":"https:\/\/ledenonciateur224.com\/index.php\/wp-json\/wp\/v2\/comments?post=6037"}],"version-history":[{"count":0,"href":"https:\/\/ledenonciateur224.com\/index.php\/wp-json\/wp\/v2\/posts\/6037\/revisions"}],"wp:featuredmedia":[{"embeddable":true,"href":"https:\/\/ledenonciateur224.com\/index.php\/wp-json\/wp\/v2\/media\/6031"}],"wp:attachment":[{"href":"https:\/\/ledenonciateur224.com\/index.php\/wp-json\/wp\/v2\/media?parent=6037"}],"wp:term":[{"taxonomy":"category","embeddable":true,"href":"https:\/\/ledenonciateur224.com\/index.php\/wp-json\/wp\/v2\/categories?post=6037"},{"taxonomy":"post_tag","embeddable":true,"href":"https:\/\/ledenonciateur224.com\/index.php\/wp-json\/wp\/v2\/tags?post=6037"}],"curies":[{"name":"wp","href":"https:\/\/api.w.org\/{rel}","templated":true}]}}