{"id":6039,"date":"2025-11-16T20:48:30","date_gmt":"2025-11-16T20:48:30","guid":{"rendered":"https:\/\/ledenonciateur224.com\/?p=6039"},"modified":"2025-11-16T20:48:30","modified_gmt":"2025-11-16T20:48:30","slug":"suspension-du-magistrat-kaman-gogana-lassociation-des-magistrats-de-guinee-denonce-les-manquements-du-ministre","status":"publish","type":"post","link":"https:\/\/ledenonciateur224.com\/index.php\/suspension-du-magistrat-kaman-gogana-lassociation-des-magistrats-de-guinee-denonce-les-manquements-du-ministre\/","title":{"rendered":"Suspension du magistrat Kaman Gogana : l\u2019Association des Magistrats de Guin\u00e9e d\u00e9nonce les manquements du ministre\u00a0"},"content":{"rendered":"<p>Dans un communiqu\u00e9 rendu public le 14 novembre 2025, l\u2019Association des Magistrats de Guin\u00e9e (AMG) a exprim\u00e9 sa profonde pr\u00e9occupation apr\u00e8s la diffusion, sur la page Facebook du minist\u00e8re de la Justice, d\u2019un arr\u00eat\u00e9 suspendant un magistrat en fonction.<\/p>\n<p>Le Conseil d\u2019administration de l\u2019AMG rappelle que, si la loi autorise le Garde des Sceaux \u00e0 suspendre un magistrat faisant l\u2019objet de poursuites, cette mesure disciplinaire ne peut en aucun cas \u00eatre rendue publique. Les articles 39 de la Loi organique n\u00b0054\/CNT\/2013 et 26 de la Loi organique n\u00b0055\/CNT\/2013 pr\u00e9cisent clairement que de telles d\u00e9cisions doivent rester confidentielles et ne sauraient \u00eatre diffus\u00e9es, a fortiori sur les r\u00e9seaux sociaux.<\/p>\n<p>Pour l\u2019Association, la publication de cette d\u00e9cision constitue une atteinte grave aux principes d\u2019ind\u00e9pendance de la magistrature, \u00e0 la dignit\u00e9 du magistrat concern\u00e9 et au respect de la pr\u00e9somption d\u2019int\u00e9grit\u00e9. Elle estime qu\u2019un tel acte fragilise la s\u00e9paration des pouvoirs et porte atteinte \u00e0 la cr\u00e9dibilit\u00e9 de l\u2019institution judiciaire.<\/p>\n<p>L\u2019AMG souligne \u00e9galement que le minist\u00e8re de la Justice s\u2019\u00e9tait engag\u00e9, par le pass\u00e9, \u00e0 ne plus rendre publiques les d\u00e9cisions de suspension, un engagement qu\u2019elle regrette de voir aujourd\u2019hui viol\u00e9.<\/p>\n<p>Par ailleurs, l\u2019Association invite le Conseil sup\u00e9rieur de la magistrature \u00e0 exercer pleinement ses pr\u00e9rogatives constitutionnelles afin de garantir le respect de l\u2019ind\u00e9pendance judiciaire, conform\u00e9ment \u00e0 l\u2019article 151 de la Constitution du 26 septembre 2025.<\/p>\n<p>Plus loin, elle dit se r\u00e9server le droit de prendre toute mesure jug\u00e9e n\u00e9cessaire pour d\u00e9fendre les garanties constitutionnelles attach\u00e9es au statut des magistrats.<\/p>\n<p>&nbsp;<\/p>\n<p>&nbsp;<\/p>\n<p>Ledenonciateur224.com<\/p>\n","protected":false},"excerpt":{"rendered":"<p>Dans un communiqu\u00e9 rendu public le 14 novembre 2025, l\u2019Association des Magistrats de Guin\u00e9e (AMG) a exprim\u00e9 sa profonde pr\u00e9occupation apr\u00e8s la diffusion, sur la page Facebook du minist\u00e8re de la Justice, d\u2019un arr\u00eat\u00e9 suspendant un magistrat en fonction. Le Conseil d\u2019administration de l\u2019AMG rappelle que, si la loi autorise le Garde des Sceaux \u00e0 [&hellip;]<\/p>\n","protected":false},"author":2,"featured_media":6040,"comment_status":"closed","ping_status":"closed","sticky":false,"template":"","format":"standard","meta":{"_jetpack_memberships_contains_paid_content":false,"footnotes":"","jetpack_publicize_message":"","jetpack_publicize_feature_enabled":true,"jetpack_social_post_already_shared":true,"jetpack_social_options":{"image_generator_settings":{"template":"highway","default_image_id":0,"font":"","enabled":false},"version":2}},"categories":[30,24],"tags":[857],"class_list":{"0":"post-6039","1":"post","2":"type-post","3":"status-publish","4":"format-standard","5":"has-post-thumbnail","7":"category-faits-divers","8":"category-news","9":"tag-magistrat-guineen"},"jetpack_publicize_connections":[],"jetpack_featured_media_url":"https:\/\/ledenonciateur224.com\/wp-content\/uploads\/2025\/11\/1000193190-1024x576-1.jpg","jetpack_sharing_enabled":true,"_links":{"self":[{"href":"https:\/\/ledenonciateur224.com\/index.php\/wp-json\/wp\/v2\/posts\/6039","targetHints":{"allow":["GET"]}}],"collection":[{"href":"https:\/\/ledenonciateur224.com\/index.php\/wp-json\/wp\/v2\/posts"}],"about":[{"href":"https:\/\/ledenonciateur224.com\/index.php\/wp-json\/wp\/v2\/types\/post"}],"author":[{"embeddable":true,"href":"https:\/\/ledenonciateur224.com\/index.php\/wp-json\/wp\/v2\/users\/2"}],"replies":[{"embeddable":true,"href":"https:\/\/ledenonciateur224.com\/index.php\/wp-json\/wp\/v2\/comments?post=6039"}],"version-history":[{"count":0,"href":"https:\/\/ledenonciateur224.com\/index.php\/wp-json\/wp\/v2\/posts\/6039\/revisions"}],"wp:featuredmedia":[{"embeddable":true,"href":"https:\/\/ledenonciateur224.com\/index.php\/wp-json\/wp\/v2\/media\/6040"}],"wp:attachment":[{"href":"https:\/\/ledenonciateur224.com\/index.php\/wp-json\/wp\/v2\/media?parent=6039"}],"wp:term":[{"taxonomy":"category","embeddable":true,"href":"https:\/\/ledenonciateur224.com\/index.php\/wp-json\/wp\/v2\/categories?post=6039"},{"taxonomy":"post_tag","embeddable":true,"href":"https:\/\/ledenonciateur224.com\/index.php\/wp-json\/wp\/v2\/tags?post=6039"}],"curies":[{"name":"wp","href":"https:\/\/api.w.org\/{rel}","templated":true}]}}