{"id":6049,"date":"2025-11-17T14:55:04","date_gmt":"2025-11-17T14:55:04","guid":{"rendered":"https:\/\/ledenonciateur224.com\/?p=6049"},"modified":"2025-11-17T14:55:04","modified_gmt":"2025-11-17T14:55:04","slug":"journees-nationales-des-symboles-de-letat-le-ministere-de-la-justice-mobilise-les-acteurs-judiciaires","status":"publish","type":"post","link":"https:\/\/ledenonciateur224.com\/index.php\/journees-nationales-des-symboles-de-letat-le-ministere-de-la-justice-mobilise-les-acteurs-judiciaires\/","title":{"rendered":"Journ\u00e9es Nationales des Symboles de l\u2019\u00c9tat : le minist\u00e8re de la Justice mobilise les acteurs judiciaires"},"content":{"rendered":"<h2>Dans le cadre du programme de r\u00e9glementation, d\u2019harmonisation et de bonne utilisation des symboles de l\u2019\u00c9tat, le Garde des Sceaux, ministre de la Justice et des Droits de l\u2019Homme, Yaya Ka\u00efraba Kaba, a pr\u00e9sid\u00e9 ce lundi un atelier de renforcement des capacit\u00e9s destin\u00e9 aux acteurs du secteur judiciaire.<br \/>\nCette initiative intervient en pr\u00e9lude \u00e0 la c\u00e9l\u00e9bration de la Journ\u00e9e nationale consacr\u00e9e aux symboles de la R\u00e9publique de Guin\u00e9e, avec pour objectif de mieux faire conna\u00eetre leur usage et leur port\u00e9e.<\/h2>\n<p><strong>L\u2019importance des symboles rappel\u00e9e par la Direction nationale des affaires civiles et des Sceaux<\/strong><\/p>\n<p>Le Directeur national des affaires civiles et des Sceaux, M. Alseni Bah, est revenu sur la n\u00e9cessit\u00e9 d\u2019organiser ces deux journ\u00e9es d\u2019activit\u00e9s :<\/p>\n<p><img loading=\"lazy\" decoding=\"async\" class=\"alignnone size-full wp-image-6052\" src=\"https:\/\/ledenonciateur224.com\/wp-content\/uploads\/2025\/11\/motion-photo-734534830348154344.jpg\" alt=\"\" width=\"1280\" height=\"960\" srcset=\"https:\/\/ledenonciateur224.com\/wp-content\/uploads\/2025\/11\/motion-photo-734534830348154344.jpg 1280w, https:\/\/ledenonciateur224.com\/wp-content\/uploads\/2025\/11\/motion-photo-734534830348154344-300x225.jpg 300w, https:\/\/ledenonciateur224.com\/wp-content\/uploads\/2025\/11\/motion-photo-734534830348154344-1024x768.jpg 1024w, https:\/\/ledenonciateur224.com\/wp-content\/uploads\/2025\/11\/motion-photo-734534830348154344-768x576.jpg 768w, https:\/\/ledenonciateur224.com\/wp-content\/uploads\/2025\/11\/motion-photo-734534830348154344-150x113.jpg 150w, https:\/\/ledenonciateur224.com\/wp-content\/uploads\/2025\/11\/motion-photo-734534830348154344-696x522.jpg 696w, https:\/\/ledenonciateur224.com\/wp-content\/uploads\/2025\/11\/motion-photo-734534830348154344-1068x801.jpg 1068w, https:\/\/ledenonciateur224.com\/wp-content\/uploads\/2025\/11\/motion-photo-734534830348154344-560x420.jpg 560w, https:\/\/ledenonciateur224.com\/wp-content\/uploads\/2025\/11\/motion-photo-734534830348154344-80x60.jpg 80w, https:\/\/ledenonciateur224.com\/wp-content\/uploads\/2025\/11\/motion-photo-734534830348154344-265x198.jpg 265w\" sizes=\"auto, (max-width: 1280px) 100vw, 1280px\" \/><\/p>\n<p>\u00ab Les deux jours de travaux permettront de doter les participants de connaissances et de les sensibiliser sur la n\u00e9cessit\u00e9 de renforcer le respect et la sacralit\u00e9 de nos symboles nationaux. Les symboles de la R\u00e9publique, ce sont le drapeau, la devise nationale, les sceaux de l\u2019\u00c9tat et les armoiries.<\/p>\n<p>Cet atelier va permettre aux participants de s\u2019approprier l\u2019histoire, la signification, la r\u00e9glementation de ces symboles, mais aussi leur port\u00e9e.<\/p>\n<p>Il est de notre devoir, \u00e0 nous tous ici, gardiens de la justice, de veiller \u00e0 leur application et \u00e0 leur utilisation correcte et conforme \u00e0 la loi.Ces journ\u00e9es nationales s\u2019inscrivent dans une d\u00e9marche de refondation de l\u2019\u00c9tat visant \u00e0 renforcer l\u2019esprit patriotique et le sentiment d\u2019appartenance nationale. \u00bb<\/p>\n<h3><strong>Le ministre Yaya Ka\u00efraba Kaba insiste sur la valeur profonde des symboles de la R\u00e9publique<\/strong><\/h3>\n<p><img loading=\"lazy\" decoding=\"async\" class=\"alignnone size-full wp-image-6050\" src=\"https:\/\/ledenonciateur224.com\/wp-content\/uploads\/2025\/11\/motion-photo-1721987459118888621.jpg\" alt=\"\" width=\"1280\" height=\"960\" srcset=\"https:\/\/ledenonciateur224.com\/wp-content\/uploads\/2025\/11\/motion-photo-1721987459118888621.jpg 1280w, https:\/\/ledenonciateur224.com\/wp-content\/uploads\/2025\/11\/motion-photo-1721987459118888621-300x225.jpg 300w, https:\/\/ledenonciateur224.com\/wp-content\/uploads\/2025\/11\/motion-photo-1721987459118888621-1024x768.jpg 1024w, https:\/\/ledenonciateur224.com\/wp-content\/uploads\/2025\/11\/motion-photo-1721987459118888621-768x576.jpg 768w, https:\/\/ledenonciateur224.com\/wp-content\/uploads\/2025\/11\/motion-photo-1721987459118888621-150x113.jpg 150w, https:\/\/ledenonciateur224.com\/wp-content\/uploads\/2025\/11\/motion-photo-1721987459118888621-696x522.jpg 696w, https:\/\/ledenonciateur224.com\/wp-content\/uploads\/2025\/11\/motion-photo-1721987459118888621-1068x801.jpg 1068w, https:\/\/ledenonciateur224.com\/wp-content\/uploads\/2025\/11\/motion-photo-1721987459118888621-560x420.jpg 560w, https:\/\/ledenonciateur224.com\/wp-content\/uploads\/2025\/11\/motion-photo-1721987459118888621-80x60.jpg 80w, https:\/\/ledenonciateur224.com\/wp-content\/uploads\/2025\/11\/motion-photo-1721987459118888621-265x198.jpg 265w\" sizes=\"auto, (max-width: 1280px) 100vw, 1280px\" \/><\/p>\n<p>Dans un discours empreint de reconnaissance et de d\u00e9termination, le ministre Yaya Ka\u00efraba Kaba a longuement expliqu\u00e9 l\u2019importance fondamentale des symboles de l\u2019\u00c9tat :<\/p>\n<p>\u00ab C\u2019est pour moi un immense honneur de proc\u00e9der au lancement officiel des Journ\u00e9es nationales des symboles de l\u2019\u00c9tat. Les symboles que sont le drapeau, l\u2019hymne national, la devise, les armoiries et le sceau de l\u2019\u00c9tat rev\u00eatent une importance fondamentale pour notre nation. Ils incarnent notre identit\u00e9, notre histoire, ainsi que les valeurs de notre R\u00e9publique.<\/p>\n<p>Cependant, il a \u00e9t\u00e9 constat\u00e9 que leur signification et leur importance sont souvent mal comprises ou sous-estim\u00e9es par les citoyens, et m\u00eame au sein de l\u2019administration publique.<\/p>\n<p>Les Journ\u00e9es nationales des symboles de l\u2019\u00c9tat sont donc organis\u00e9es pour informer et sensibiliser le public sur ces \u00e9l\u00e9ments cruciaux de notre patrimoine national. Ces symboles puissants n\u00e9cessitent une protection rigoureuse.<\/p>\n<p>Il est essentiel que les citoyens comme les institutions respectent les r\u00e8gles d\u2019usage pour pr\u00e9server l\u2019int\u00e9grit\u00e9 de nos symboles nationaux. Malheureusement, force est de constater aujourd\u2019hui une utilisation d\u00e9sordonn\u00e9e, voire parfois frauduleuse de ces symboles.<\/p>\n<p>Cette situation d\u00e9coule d\u2019un manque de compr\u00e9hension, mais aussi de l\u2019insuffisance des r\u00e8gles de gestion, entra\u00eenant un laisser-aller dans leur fond, leur fabrication, leur reproduction et leur utilisation. \u00bb<\/p>\n<p>Le ministre a \u00e9galement rappel\u00e9 que ces journ\u00e9es s\u2019inscrivent pleinement dans la vision du Pr\u00e9sident de la R\u00e9publique, Mamadi Doumbouya, orient\u00e9e vers la refondation de l\u2019\u00c9tat et la rectification institutionnelle.<\/p>\n<p><img loading=\"lazy\" decoding=\"async\" class=\"alignnone size-full wp-image-6051\" src=\"https:\/\/ledenonciateur224.com\/wp-content\/uploads\/2025\/11\/motion-photo-275580463460290639.jpg\" alt=\"\" width=\"960\" height=\"960\" srcset=\"https:\/\/ledenonciateur224.com\/wp-content\/uploads\/2025\/11\/motion-photo-275580463460290639.jpg 960w, https:\/\/ledenonciateur224.com\/wp-content\/uploads\/2025\/11\/motion-photo-275580463460290639-300x300.jpg 300w, https:\/\/ledenonciateur224.com\/wp-content\/uploads\/2025\/11\/motion-photo-275580463460290639-150x150.jpg 150w, https:\/\/ledenonciateur224.com\/wp-content\/uploads\/2025\/11\/motion-photo-275580463460290639-768x768.jpg 768w, https:\/\/ledenonciateur224.com\/wp-content\/uploads\/2025\/11\/motion-photo-275580463460290639-696x696.jpg 696w, https:\/\/ledenonciateur224.com\/wp-content\/uploads\/2025\/11\/motion-photo-275580463460290639-420x420.jpg 420w\" sizes=\"auto, (max-width: 960px) 100vw, 960px\" \/><\/p>\n<p>\u00ab Les Journ\u00e9es nationales d\u00e9di\u00e9es aux symboles de l\u2019\u00c9tat, plac\u00e9es sous le th\u00e8me\u00a0<em>\u201cLa place et le r\u00f4le des armoiries et du sceau de l\u2019\u00c9tat dans l\u2019administration publique\u201d<\/em>, visent \u00e0 informer et sensibiliser l\u2019administration et les citoyens sur leur utilit\u00e9 et les valeurs qu\u2019ils portent en termes d\u2019identit\u00e9, de souverainet\u00e9 et de coh\u00e9sion nationale.L\u2019objectif est de renforcer les connaissances des citoyens et des agents publics sur ces valeurs fondamentales.<\/p>\n<p>J\u2019invite donc les participants \u00e0 accorder un int\u00e9r\u00eat particulier aux th\u00e8mes d\u00e9battus, car vous serez appel\u00e9s \u00e0 animer prochainement les ateliers r\u00e9gionaux et pr\u00e9fectoraux, ainsi que la campagne de sensibilisation dans le Grand Conakry. Mon d\u00e9partement entend promouvoir l\u2019usage respectueux et digne de ces symboles dans toutes les communications officielles de l\u2019\u00c9tat, sur l\u2019ensemble du territoire national et dans nos repr\u00e9sentations diplomatiques. \u00bb<\/p>\n<p>&nbsp;<\/p>\n<p>N&rsquo;sira Sylla<\/p>\n","protected":false},"excerpt":{"rendered":"<p>Dans le cadre du programme de r\u00e9glementation, d\u2019harmonisation et de bonne utilisation des symboles de l\u2019\u00c9tat, le Garde des Sceaux, ministre de la Justice et des Droits de l\u2019Homme, Yaya Ka\u00efraba Kaba, a pr\u00e9sid\u00e9 ce lundi un atelier de renforcement des capacit\u00e9s destin\u00e9 aux acteurs du secteur judiciaire. Cette initiative intervient en pr\u00e9lude \u00e0 la [&hellip;]<\/p>\n","protected":false},"author":2,"featured_media":6053,"comment_status":"closed","ping_status":"closed","sticky":false,"template":"","format":"standard","meta":{"_jetpack_memberships_contains_paid_content":false,"footnotes":"","jetpack_publicize_message":"","jetpack_publicize_feature_enabled":true,"jetpack_social_post_already_shared":true,"jetpack_social_options":{"image_generator_settings":{"template":"highway","default_image_id":0,"font":"","enabled":false},"version":2}},"categories":[30,24],"tags":[1311,1312],"class_list":{"0":"post-6049","1":"post","2":"type-post","3":"status-publish","4":"format-standard","5":"has-post-thumbnail","7":"category-faits-divers","8":"category-news","9":"tag-garde-des-sceaux","10":"tag-symboles"},"jetpack_publicize_connections":[],"jetpack_featured_media_url":"https:\/\/ledenonciateur224.com\/wp-content\/uploads\/2025\/11\/motion-photo-1251965884541472693.jpg","jetpack_sharing_enabled":true,"_links":{"self":[{"href":"https:\/\/ledenonciateur224.com\/index.php\/wp-json\/wp\/v2\/posts\/6049","targetHints":{"allow":["GET"]}}],"collection":[{"href":"https:\/\/ledenonciateur224.com\/index.php\/wp-json\/wp\/v2\/posts"}],"about":[{"href":"https:\/\/ledenonciateur224.com\/index.php\/wp-json\/wp\/v2\/types\/post"}],"author":[{"embeddable":true,"href":"https:\/\/ledenonciateur224.com\/index.php\/wp-json\/wp\/v2\/users\/2"}],"replies":[{"embeddable":true,"href":"https:\/\/ledenonciateur224.com\/index.php\/wp-json\/wp\/v2\/comments?post=6049"}],"version-history":[{"count":0,"href":"https:\/\/ledenonciateur224.com\/index.php\/wp-json\/wp\/v2\/posts\/6049\/revisions"}],"wp:featuredmedia":[{"embeddable":true,"href":"https:\/\/ledenonciateur224.com\/index.php\/wp-json\/wp\/v2\/media\/6053"}],"wp:attachment":[{"href":"https:\/\/ledenonciateur224.com\/index.php\/wp-json\/wp\/v2\/media?parent=6049"}],"wp:term":[{"taxonomy":"category","embeddable":true,"href":"https:\/\/ledenonciateur224.com\/index.php\/wp-json\/wp\/v2\/categories?post=6049"},{"taxonomy":"post_tag","embeddable":true,"href":"https:\/\/ledenonciateur224.com\/index.php\/wp-json\/wp\/v2\/tags?post=6049"}],"curies":[{"name":"wp","href":"https:\/\/api.w.org\/{rel}","templated":true}]}}