{"id":6059,"date":"2025-11-18T07:41:28","date_gmt":"2025-11-18T07:41:28","guid":{"rendered":"https:\/\/ledenonciateur224.com\/?p=6059"},"modified":"2025-11-18T07:41:28","modified_gmt":"2025-11-18T07:41:28","slug":"budget-2025-une-hausse-historique-des-depenses-publiques-et-un-appel-du-cnt-a-faire-appliquer-la-gratuite-de-la-carte-didentite","status":"publish","type":"post","link":"https:\/\/ledenonciateur224.com\/index.php\/budget-2025-une-hausse-historique-des-depenses-publiques-et-un-appel-du-cnt-a-faire-appliquer-la-gratuite-de-la-carte-didentite\/","title":{"rendered":"Budget 2025 : Une hausse historique des d\u00e9penses publiques et un appel du CNT \u00e0 faire appliquer la gratuit\u00e9 de la Carte d\u2019identit\u00e9\u00a0"},"content":{"rendered":"<p>&nbsp;<\/p>\n<p>Selon le rapport pr\u00e9sent\u00e9 par le Rapporteur g\u00e9n\u00e9ral, l\u2019Honorable\u00a0<strong>N\u2019Gouamou Fabara KONE<\/strong>, au nom de la Commission du Plan, des Affaires financi\u00e8res et du Contr\u00f4le budg\u00e9taire, le budget de l\u2019\u00c9tat conna\u00eet cette ann\u00e9e des r\u00e9ajustements majeurs, particuli\u00e8rement au niveau des d\u00e9penses.<\/p>\n<h2><strong>I \u2013 Un budget g\u00e9n\u00e9ral en forte progression<\/strong><\/h2>\n<p>Les d\u00e9penses du budget g\u00e9n\u00e9ral enregistrent une hausse notable de\u00a0<strong>24,20 %<\/strong>, passant de\u00a0<strong>42 254,93 Mds \u00e0 52 465,95 Mds<\/strong>. Elles se r\u00e9partissent en :<\/p>\n<ul>\n<li><strong>32 506,24 Mds<\/strong>\u00a0de d\u00e9penses courantes (<strong>61,96 %<\/strong>\u00a0du total)<\/li>\n<li><strong>19 959,71 Mds<\/strong>\u00a0de d\u00e9penses d\u2019investissement (<strong>38,04 %<\/strong>)<\/li>\n<\/ul>\n<h2><strong>A. D\u00e9penses courantes : +19,40 %<\/strong><\/h2>\n<p>Les d\u00e9penses courantes augmentent de\u00a0<strong>5 278,34 Mds<\/strong>, port\u00e9es par quatre postes cl\u00e9s :<\/p>\n<h3><strong>1. Charges financi\u00e8res de la dette<\/strong><\/h3>\n<p>La dette enregistre une progression de\u00a0<strong>875,02 Mds (+40,60 %)<\/strong>.<br \/>\nCette hausse provient de l\u2019augmentation des int\u00e9r\u00eats de la dette int\u00e9rieure (<strong>+1 000 Mds<\/strong>), partiellement compens\u00e9e par la baisse des int\u00e9r\u00eats ext\u00e9rieurs (<strong>\u2013124,98 Mds<\/strong>).<br \/>\nLes charges de la dette repr\u00e9sentent d\u00e9sormais\u00a0<strong>9,32 %<\/strong>\u00a0des d\u00e9penses courantes.<\/p>\n<h3><strong>2. D\u00e9penses de personnel<\/strong><\/h3>\n<p>Les d\u00e9penses de personnel passent de\u00a0<strong>10 710,81 Mds \u00e0 11 309,34 Mds (+5,60 %)<\/strong>.<br \/>\nCette \u00e9volution est li\u00e9e :<\/p>\n<ul>\n<li>\u00e0 la revalorisation des primes de fonction,<\/li>\n<li>\u00e0 la mise en \u0153uvre de mesures incitatives pour les fonctionnaires.<\/li>\n<\/ul>\n<p>Elles repr\u00e9sentent\u00a0<strong>34,79 %<\/strong>\u00a0des d\u00e9penses courantes, contre\u00a0<strong>39,34 %<\/strong>\u00a0initialement, traduisant une dynamique de r\u00e9\u00e9quilibrage des priorit\u00e9s budg\u00e9taires.<\/p>\n<h3><strong>3. D\u00e9penses de biens et services<\/strong><\/h3>\n<p>R\u00e9\u00e9valu\u00e9es \u00e0\u00a0<strong>8 658,47 Mds<\/strong>\u00a0contre\u00a0<strong>5 403,10 Mds<\/strong>, ces d\u00e9penses bondissent de\u00a0<strong>60,3 %<\/strong>.<br \/>\nElles incluent notamment :<\/p>\n<ul>\n<li>le financement du\u00a0<strong>chronogramme de la transition<\/strong>,<\/li>\n<li>une rallonge pour l\u2019<strong>approvisionnement alimentaire des forces de d\u00e9fense<\/strong>,<\/li>\n<li>une provision pour la\u00a0<strong>gratuit\u00e9 de la Carte nationale d\u2019identit\u00e9 (CNI)<\/strong>\u00a0et des\u00a0<strong>extraits de naissance biom\u00e9triques<\/strong>.<\/li>\n<\/ul>\n<h3><strong>4. D\u00e9penses de transfert<\/strong><\/h3>\n<p>Les transferts passent de\u00a0<strong>8 958,01 Mds \u00e0 9 507,43 Mds (+6,1 %)<\/strong>, en raison :<\/p>\n<ul>\n<li>du report des cr\u00e9dits financ\u00e9s par les\u00a0<strong>appuis budg\u00e9taires du FMI<\/strong>,<\/li>\n<li>de la prise en charge de l\u2019<strong>organisation du Hadj 2025 et 2026<\/strong>,<\/li>\n<li>de l\u2019<strong>indemnisation des victimes<\/strong>\u00a0des \u00e9v\u00e9nements du\u00a0<strong>28 septembre 2009<\/strong>.<\/li>\n<\/ul>\n<h2><strong>B. D\u00e9penses d\u2019investissement : +32,8 %<\/strong><\/h2>\n<p>Les d\u00e9penses d\u2019investissement progressent fortement, passant de\u00a0<strong>15 027,03 Mds<\/strong>\u00a0\u00e0\u00a0<strong>19 959,71 Mds<\/strong>.<br \/>\nCette croissance est largement due \u00e0 l\u2019int\u00e9gration de nouveaux projets d\u2019infrastructures financ\u00e9s par\u00a0<strong>\u00e9missions de titres d\u2019\u00c9tat<\/strong>.<br \/>\nElles repr\u00e9sentent d\u00e9sormais\u00a0<strong>38,04 %<\/strong>\u00a0du budget g\u00e9n\u00e9ral, confirmant la priorit\u00e9 donn\u00e9e aux investissements structurants.<\/p>\n<h2><strong>Une controverse : la gratuit\u00e9 de la CNI toujours non appliqu\u00e9e<\/strong><\/h2>\n<p>L\u2019examen du volet d\u00e9penses a suscit\u00e9 de vives r\u00e9actions au sein des commissions permanentes du CNT.<br \/>\nLa principale pr\u00e9occupation concerne la\u00a0<strong>non-application sur le terrain de la gratuit\u00e9 de la carte nationale d\u2019identit\u00e9 biom\u00e9trique<\/strong>, pourtant garantie par le\u00a0<strong>d\u00e9cret D\/2025\/021\/PRG\/CNRD\/SGG du 02 f\u00e9vrier 2025<\/strong>.<\/p>\n<p>Selon le CNT :<\/p>\n<p><em>\u00ab Conform\u00e9ment au d\u00e9cret [&#8230;], la d\u00e9livrance de la carte nationale d\u2019identit\u00e9 biom\u00e9trique est gratuite pour tous les citoyens \u00e0 la premi\u00e8re demande. Malgr\u00e9 cette disposition, et bien que la Pr\u00e9sidence de la R\u00e9publique prenne enti\u00e8rement en charge les co\u00fbts, cette mesure n\u2019est pas appliqu\u00e9e sur le terrain. \u00bb<\/em><\/p>\n<p>Les conseillers d\u00e9noncent :<\/p>\n<ul>\n<li>des\u00a0<strong>d\u00e9lais de d\u00e9livrance tr\u00e8s longs<\/strong>, parfois de plusieurs mois,<\/li>\n<li>des\u00a0<strong>pratiques ill\u00e9gales<\/strong>, certains agents r\u00e9clamant des paiements aux citoyens.<\/li>\n<\/ul>\n<h2><strong>Le CNT appelle le Gouvernement \u00e0 agir<\/strong><\/h2>\n<p>Face \u00e0 ces dysfonctionnements, le CNT recommande au Gouvernement, par l\u2019interm\u00e9diaire du ministre de la S\u00e9curit\u00e9 et de la Protection civile, de prendre\u00a0<strong>des mesures fermes<\/strong>\u00a0pour garantir :<\/p>\n<ul>\n<li>l\u2019application stricte du d\u00e9cret,<\/li>\n<li>la gratuit\u00e9 effective de la CNI sur l\u2019ensemble du territoire,<\/li>\n<li>la protection des citoyens contre les abus.<\/li>\n<\/ul>\n<p>Cette demande vise \u00e0 r\u00e9tablir la confiance, garantir l\u2019\u00e9quit\u00e9 et respecter la volont\u00e9 du Pr\u00e9sident de la R\u00e9publique.<\/p>\n<p>&nbsp;<\/p>\n<p>Mohamed AC<\/p>\n","protected":false},"excerpt":{"rendered":"<p>&nbsp; Selon le rapport pr\u00e9sent\u00e9 par le Rapporteur g\u00e9n\u00e9ral, l\u2019Honorable\u00a0N\u2019Gouamou Fabara KONE, au nom de la Commission du Plan, des Affaires financi\u00e8res et du Contr\u00f4le budg\u00e9taire, le budget de l\u2019\u00c9tat conna\u00eet cette ann\u00e9e des r\u00e9ajustements majeurs, particuli\u00e8rement au niveau des d\u00e9penses. I \u2013 Un budget g\u00e9n\u00e9ral en forte progression Les d\u00e9penses du budget g\u00e9n\u00e9ral enregistrent [&hellip;]<\/p>\n","protected":false},"author":2,"featured_media":6060,"comment_status":"closed","ping_status":"closed","sticky":false,"template":"","format":"standard","meta":{"_jetpack_memberships_contains_paid_content":false,"footnotes":"","jetpack_publicize_message":"","jetpack_publicize_feature_enabled":true,"jetpack_social_post_already_shared":true,"jetpack_social_options":{"image_generator_settings":{"template":"highway","default_image_id":0,"font":"","enabled":false},"version":2}},"categories":[29,24],"tags":[1313,632],"class_list":{"0":"post-6059","1":"post","2":"type-post","3":"status-publish","4":"format-standard","5":"has-post-thumbnail","7":"category-economie","8":"category-news","9":"tag-budget-2025","10":"tag-carte-nationale"},"jetpack_publicize_connections":[],"jetpack_featured_media_url":"https:\/\/ledenonciateur224.com\/wp-content\/uploads\/2025\/11\/img-20251117-wa0173.jpg","jetpack_sharing_enabled":true,"_links":{"self":[{"href":"https:\/\/ledenonciateur224.com\/index.php\/wp-json\/wp\/v2\/posts\/6059","targetHints":{"allow":["GET"]}}],"collection":[{"href":"https:\/\/ledenonciateur224.com\/index.php\/wp-json\/wp\/v2\/posts"}],"about":[{"href":"https:\/\/ledenonciateur224.com\/index.php\/wp-json\/wp\/v2\/types\/post"}],"author":[{"embeddable":true,"href":"https:\/\/ledenonciateur224.com\/index.php\/wp-json\/wp\/v2\/users\/2"}],"replies":[{"embeddable":true,"href":"https:\/\/ledenonciateur224.com\/index.php\/wp-json\/wp\/v2\/comments?post=6059"}],"version-history":[{"count":0,"href":"https:\/\/ledenonciateur224.com\/index.php\/wp-json\/wp\/v2\/posts\/6059\/revisions"}],"wp:featuredmedia":[{"embeddable":true,"href":"https:\/\/ledenonciateur224.com\/index.php\/wp-json\/wp\/v2\/media\/6060"}],"wp:attachment":[{"href":"https:\/\/ledenonciateur224.com\/index.php\/wp-json\/wp\/v2\/media?parent=6059"}],"wp:term":[{"taxonomy":"category","embeddable":true,"href":"https:\/\/ledenonciateur224.com\/index.php\/wp-json\/wp\/v2\/categories?post=6059"},{"taxonomy":"post_tag","embeddable":true,"href":"https:\/\/ledenonciateur224.com\/index.php\/wp-json\/wp\/v2\/tags?post=6059"}],"curies":[{"name":"wp","href":"https:\/\/api.w.org\/{rel}","templated":true}]}}