{"id":6073,"date":"2025-11-19T07:18:38","date_gmt":"2025-11-19T07:18:38","guid":{"rendered":"https:\/\/ledenonciateur224.com\/?p=6073"},"modified":"2025-11-19T07:18:38","modified_gmt":"2025-11-19T07:18:38","slug":"hadj-2026-lancement-officiel-des-visites-medicales-pour-les-futurs-pelerins","status":"publish","type":"post","link":"https:\/\/ledenonciateur224.com\/index.php\/hadj-2026-lancement-officiel-des-visites-medicales-pour-les-futurs-pelerins\/","title":{"rendered":"Hadj 2026 : Lancement officiel des visites m\u00e9dicales pour les futurs p\u00e8lerins"},"content":{"rendered":"<p><span style=\"color: #111111;font-family: Roboto, sans-serif;font-size: 22px\">Le Secr\u00e9tariat G\u00e9n\u00e9ral des Affaires Religieuses a annonc\u00e9 le d\u00e9marrage, ce <\/span><strong style=\"color: #111111;font-family: Roboto, sans-serif;font-size: 22px\">mercredi 19 novembre 2026<\/strong><span style=\"color: #111111;font-family: Roboto, sans-serif;font-size: 22px\">, des <\/span><strong style=\"color: #111111;font-family: Roboto, sans-serif;font-size: 22px\">visites m\u00e9dicales obligatoires<\/strong><span style=\"color: #111111;font-family: Roboto, sans-serif;font-size: 22px\"> destin\u00e9es aux candidats et candidates au <\/span><strong style=\"color: #111111;font-family: Roboto, sans-serif;font-size: 22px\">Hadj 2026<\/strong><span style=\"color: #111111;font-family: Roboto, sans-serif;font-size: 22px\">.<\/span><\/p>\n<h3>Cette \u00e9tape cruciale du processus de pr\u00e9paration vise \u00e0 <strong>assurer la sant\u00e9, la s\u00e9curit\u00e9 et le bien-\u00eatre<\/strong> des futurs p\u00e8lerins avant leur d\u00e9part pour les lieux saints de l\u2019Islam.<\/h3>\n<p>Selon le <strong>d\u00e9l\u00e9gu\u00e9 charg\u00e9 de la sant\u00e9 et de l\u2019hygi\u00e8ne<\/strong>, les consultations seront men\u00e9es au sein de plusieurs structures sanitaires r\u00e9parties sur l\u2019ensemble du territoire national, afin de faciliter l\u2019acc\u00e8s aux examens pour tous les inscrits, quelle que soit leur r\u00e9gion d\u2019origine.<\/p>\n<p>Les visites m\u00e9dicales se d\u00e9rouleront dans les \u00e9tablissements suivants :<\/p>\n<ul>\n<li><strong>CHU Ignace-Deen<\/strong><\/li>\n<li><strong>H\u00f4pital de l\u2019Amiti\u00e9 sino-guin\u00e9enne<\/strong><\/li>\n<li><strong>H\u00f4pital r\u00e9gional d\u2019Entag<\/strong><\/li>\n<li><strong>Centres m\u00e9dicaux communaux de Conakry<\/strong><\/li>\n<li><strong>H\u00f4pitaux r\u00e9gionaux et pr\u00e9fectoraux \u00e0 l\u2019int\u00e9rieur du pays<\/strong><\/li>\n<\/ul>\n<p>Le Secr\u00e9tariat G\u00e9n\u00e9ral des Affaires Religieuses invite donc <strong>l\u2019ensemble des p\u00e8lerins inscrits au Hadj 2026<\/strong> \u00e0 se rendre dans les centres d\u00e9sign\u00e9s afin de s\u2019acquitter de cette formalit\u00e9 essentielle.<br \/>\nIl rappelle que ces visites constituent une <strong>condition indispensable<\/strong> pour garantir un s\u00e9jour spirituel serein et un accomplissement du p\u00e8lerinage dans les meilleures conditions possibles.<\/p>\n<p>&nbsp;<\/p>\n<p>Ledenonciateur224.com<\/p>\n","protected":false},"excerpt":{"rendered":"<p>Le Secr\u00e9tariat G\u00e9n\u00e9ral des Affaires Religieuses a annonc\u00e9 le d\u00e9marrage, ce mercredi 19 novembre 2026, des visites m\u00e9dicales obligatoires destin\u00e9es aux candidats et candidates au Hadj 2026. Cette \u00e9tape cruciale du processus de pr\u00e9paration vise \u00e0 assurer la sant\u00e9, la s\u00e9curit\u00e9 et le bien-\u00eatre des futurs p\u00e8lerins avant leur d\u00e9part pour les lieux saints de [&hellip;]<\/p>\n","protected":false},"author":2,"featured_media":6074,"comment_status":"closed","ping_status":"closed","sticky":false,"template":"","format":"standard","meta":{"_jetpack_memberships_contains_paid_content":false,"footnotes":"","jetpack_publicize_message":"","jetpack_publicize_feature_enabled":true,"jetpack_social_post_already_shared":true,"jetpack_social_options":{"image_generator_settings":{"template":"highway","default_image_id":0,"font":"","enabled":false},"version":2}},"categories":[30,24],"tags":[1316,1317],"class_list":{"0":"post-6073","1":"post","2":"type-post","3":"status-publish","4":"format-standard","5":"has-post-thumbnail","7":"category-faits-divers","8":"category-news","9":"tag-hadj-2026","10":"tag-secretariat-general"},"jetpack_publicize_connections":[],"jetpack_featured_media_url":"https:\/\/ledenonciateur224.com\/wp-content\/uploads\/2025\/11\/pelerins-guineens.jpg","jetpack_sharing_enabled":true,"_links":{"self":[{"href":"https:\/\/ledenonciateur224.com\/index.php\/wp-json\/wp\/v2\/posts\/6073","targetHints":{"allow":["GET"]}}],"collection":[{"href":"https:\/\/ledenonciateur224.com\/index.php\/wp-json\/wp\/v2\/posts"}],"about":[{"href":"https:\/\/ledenonciateur224.com\/index.php\/wp-json\/wp\/v2\/types\/post"}],"author":[{"embeddable":true,"href":"https:\/\/ledenonciateur224.com\/index.php\/wp-json\/wp\/v2\/users\/2"}],"replies":[{"embeddable":true,"href":"https:\/\/ledenonciateur224.com\/index.php\/wp-json\/wp\/v2\/comments?post=6073"}],"version-history":[{"count":0,"href":"https:\/\/ledenonciateur224.com\/index.php\/wp-json\/wp\/v2\/posts\/6073\/revisions"}],"wp:featuredmedia":[{"embeddable":true,"href":"https:\/\/ledenonciateur224.com\/index.php\/wp-json\/wp\/v2\/media\/6074"}],"wp:attachment":[{"href":"https:\/\/ledenonciateur224.com\/index.php\/wp-json\/wp\/v2\/media?parent=6073"}],"wp:term":[{"taxonomy":"category","embeddable":true,"href":"https:\/\/ledenonciateur224.com\/index.php\/wp-json\/wp\/v2\/categories?post=6073"},{"taxonomy":"post_tag","embeddable":true,"href":"https:\/\/ledenonciateur224.com\/index.php\/wp-json\/wp\/v2\/tags?post=6073"}],"curies":[{"name":"wp","href":"https:\/\/api.w.org\/{rel}","templated":true}]}}