{"id":6086,"date":"2025-11-20T14:35:02","date_gmt":"2025-11-20T14:35:02","guid":{"rendered":"https:\/\/ledenonciateur224.com\/?p=6086"},"modified":"2025-11-20T14:35:02","modified_gmt":"2025-11-20T14:35:02","slug":"guinee-les-journees-nationales-des-symboles-de-letat-exaltent-unite-memoire-et-refondation","status":"publish","type":"post","link":"https:\/\/ledenonciateur224.com\/index.php\/guinee-les-journees-nationales-des-symboles-de-letat-exaltent-unite-memoire-et-refondation\/","title":{"rendered":"Guin\u00e9e : Les Journ\u00e9es nationales des symboles de l\u2019\u00c9tat exaltent unit\u00e9, m\u00e9moire et refondation"},"content":{"rendered":"<h1>Le gouvernement guin\u00e9en a c\u00e9l\u00e9br\u00e9 ce jeudi 20 novembre 2025 les <strong>Journ\u00e9es nationales des symboles de l\u2019\u00c9tat<\/strong>, un rendez-vous plac\u00e9 sous le signe de la m\u00e9moire collective et du renouvellement du lien civique. La c\u00e9r\u00e9monie, pr\u00e9sid\u00e9e par le Premier ministre\u00a0<strong>Amadou Oury Bah<\/strong>, s\u2019est tenue dans un r\u00e9ceptif h\u00f4telier de Conakry, en pr\u00e9sence de membres du gouvernement, de repr\u00e9sentants des institutions et de nombreux acteurs judiciaires.<\/h1>\n<p>Prenant la parole devant un public attentif, le Garde des Sceaux, ministre de la Justice et des Droits de l\u2019Homme,\u00a0<strong>Yaya Ka\u00efraba Kaba<\/strong>, a livr\u00e9 un discours d\u2019une grande profondeur. Il a expliqu\u00e9 que cette journ\u00e9e \u00ab va bien au-del\u00e0 de la simple c\u00e9l\u00e9bration formelle d\u2019embl\u00e8me national \u00bb.<\/p>\n<p><img loading=\"lazy\" decoding=\"async\" class=\"alignnone size-full wp-image-6089\" src=\"https:\/\/ledenonciateur224.com\/wp-content\/uploads\/2025\/11\/img-20251120-wa0075.jpg\" alt=\"\" width=\"691\" height=\"606\" srcset=\"https:\/\/ledenonciateur224.com\/wp-content\/uploads\/2025\/11\/img-20251120-wa0075.jpg 691w, https:\/\/ledenonciateur224.com\/wp-content\/uploads\/2025\/11\/img-20251120-wa0075-300x263.jpg 300w, https:\/\/ledenonciateur224.com\/wp-content\/uploads\/2025\/11\/img-20251120-wa0075-150x132.jpg 150w, https:\/\/ledenonciateur224.com\/wp-content\/uploads\/2025\/11\/img-20251120-wa0075-479x420.jpg 479w\" sizes=\"auto, (max-width: 691px) 100vw, 691px\" \/><\/p>\n<p>Pour lui, il s\u2019agit de c\u00e9l\u00e9brer \u00ab les fondations inalt\u00e9rables de notre identit\u00e9 commune \u00bb, \u00ab le ciment invisible qui nous unit par-del\u00e0 nos diversit\u00e9s \u00bb, mais aussi \u00ab l\u2019id\u00e9al qui nous transcende, cet appel sup\u00e9rieur \u00e0 la grandeur, au devoir et \u00e0 l\u2019harmonie \u00bb.<\/p>\n<p>Le ministre a rappel\u00e9 que la c\u00e9l\u00e9bration des symboles nationaux constitue avant tout\u00a0<strong>un engagement r\u00e9ciproque<\/strong>\u00a0:<br \/>\n\u2013 l\u2019engagement de l\u2019\u00c9tat \u00e0 pr\u00e9server et transmettre l\u2019h\u00e9ritage national ;<br \/>\n\u2013 l\u2019engagement des citoyens \u00e0 honorer les valeurs qui les unissent ;<br \/>\n\u2013 et l\u2019engagement m\u00e9moriel \u00ab de ne jamais oublier l\u2019histoire et les sacrifices qui ont forg\u00e9 la nation \u00bb.<\/p>\n<p>Le Garde des Sceaux a insist\u00e9 sur le r\u00f4le p\u00e9dagogique majeur de ces journ\u00e9es :<br \/>\n\u00ab L\u2019\u00e9ducation civique ne se limitant pas aux seules salles de classe, elle prend vie lors de ces moments de rassemblement \u00bb, a-t-il affirm\u00e9.<\/p>\n<p>Ces moments de communion nationale permettent ainsi de transmettre aux jeunes g\u00e9n\u00e9rations la signification du drapeau, de l\u2019hymne national, de la devise et des armoiries, tout en ravivant la m\u00e9moire des plus \u00e2g\u00e9s.<\/p>\n<p>Le drapeau national, miroir des sacrifices et des espoirs de la Nation<\/p>\n<p>Le ministre Kaba a longuement rappel\u00e9 la port\u00e9e symbolique du tricolore rouge-jaune-vert, affirmant que le drapeau \u00ab n\u2019est pas qu\u2019un morceau d\u2019\u00e9toffe \u00bb.<\/p>\n<ul>\n<li><strong>Le rouge<\/strong>\u00a0: \u00ab la couleur du sacrifice, du courage et de la d\u00e9termination \u00bb, repr\u00e9sentant le sang vers\u00e9 lors des luttes contre l\u2019occupation coloniale et les combats pour la libert\u00e9.<\/li>\n<li><strong>Le jaune<\/strong>\u00a0: symbole du soleil, de \u00ab la lumi\u00e8re, de la connaissance et de l\u2019\u00e9nergie positive \u00bb qui \u00e9claire le chemin du progr\u00e8s et de la prosp\u00e9rit\u00e9.<\/li>\n<li><strong>Le vert<\/strong>\u00a0: couleur de \u00ab l\u2019esp\u00e9rance, de la fertilit\u00e9 de la terre nourrici\u00e8re \u00bb et de l\u2019harmonie entre toutes les composantes du peuple.<\/li>\n<\/ul>\n<p>Ces couleurs, profond\u00e9ment panafricaines, incarnent aussi la devise nationale\u00a0<strong>Travail \u2013 Justice \u2013 Solidarit\u00e9<\/strong>, pr\u00e9sent\u00e9e comme la quintessence des valeurs fondatrices de la R\u00e9publique.<\/p>\n<p><img loading=\"lazy\" decoding=\"async\" class=\"alignnone size-full wp-image-6090\" src=\"https:\/\/ledenonciateur224.com\/wp-content\/uploads\/2025\/11\/motion-photo-3160984437137675840.jpg\" alt=\"\" width=\"1280\" height=\"960\" srcset=\"https:\/\/ledenonciateur224.com\/wp-content\/uploads\/2025\/11\/motion-photo-3160984437137675840.jpg 1280w, https:\/\/ledenonciateur224.com\/wp-content\/uploads\/2025\/11\/motion-photo-3160984437137675840-300x225.jpg 300w, https:\/\/ledenonciateur224.com\/wp-content\/uploads\/2025\/11\/motion-photo-3160984437137675840-1024x768.jpg 1024w, https:\/\/ledenonciateur224.com\/wp-content\/uploads\/2025\/11\/motion-photo-3160984437137675840-768x576.jpg 768w, https:\/\/ledenonciateur224.com\/wp-content\/uploads\/2025\/11\/motion-photo-3160984437137675840-150x113.jpg 150w, https:\/\/ledenonciateur224.com\/wp-content\/uploads\/2025\/11\/motion-photo-3160984437137675840-696x522.jpg 696w, https:\/\/ledenonciateur224.com\/wp-content\/uploads\/2025\/11\/motion-photo-3160984437137675840-1068x801.jpg 1068w, https:\/\/ledenonciateur224.com\/wp-content\/uploads\/2025\/11\/motion-photo-3160984437137675840-560x420.jpg 560w, https:\/\/ledenonciateur224.com\/wp-content\/uploads\/2025\/11\/motion-photo-3160984437137675840-80x60.jpg 80w, https:\/\/ledenonciateur224.com\/wp-content\/uploads\/2025\/11\/motion-photo-3160984437137675840-265x198.jpg 265w\" sizes=\"auto, (max-width: 1280px) 100vw, 1280px\" \/><\/p>\n<h2>Le Premier ministre : \u00ab Les symboles de l\u2019\u00c9tat ne doivent pas \u00eatre fig\u00e9s \u00bb<\/h2>\n<p><img loading=\"lazy\" decoding=\"async\" class=\"alignnone size-full wp-image-6087\" src=\"https:\/\/ledenonciateur224.com\/wp-content\/uploads\/2025\/11\/img-20251120-wa0076.jpg\" alt=\"\" width=\"735\" height=\"606\" srcset=\"https:\/\/ledenonciateur224.com\/wp-content\/uploads\/2025\/11\/img-20251120-wa0076.jpg 735w, https:\/\/ledenonciateur224.com\/wp-content\/uploads\/2025\/11\/img-20251120-wa0076-300x247.jpg 300w, https:\/\/ledenonciateur224.com\/wp-content\/uploads\/2025\/11\/img-20251120-wa0076-150x124.jpg 150w, https:\/\/ledenonciateur224.com\/wp-content\/uploads\/2025\/11\/img-20251120-wa0076-696x574.jpg 696w, https:\/\/ledenonciateur224.com\/wp-content\/uploads\/2025\/11\/img-20251120-wa0076-509x420.jpg 509w\" sizes=\"auto, (max-width: 735px) 100vw, 735px\" \/><\/p>\n<p>Le chef du gouvernement,\u00a0<strong>Amadou Oury Bah<\/strong>, a profit\u00e9 de ce moment pour \u00e9largir la r\u00e9flexion sur ce que repr\u00e9sentent les symboles aujourd\u2019hui.<\/p>\n<p>Il a d\u2019abord salu\u00e9 le r\u00f4le essentiel des\u00a0<strong>artistes<\/strong>, d\u00e9clarant que \u00ab les artistes sont les symboles qui repr\u00e9sentent notre pass\u00e9, notre pr\u00e9sent \u00bb. Leurs sonorit\u00e9s ancestrales, transmises \u00e0 travers les si\u00e8cles, constituent selon lui un tr\u00e9sor culturel qu\u2019il faut imp\u00e9rativement conserver pour \u00e9clairer les g\u00e9n\u00e9rations futures : \u00ab \u00e0 travers toutes ces chansons, \u00e7a repr\u00e9sente en partie notre histoire et notre identit\u00e9 \u00bb.<\/p>\n<p>Le Premier ministre a ensuite insist\u00e9 sur la n\u00e9cessit\u00e9 de faire \u00e9voluer le narratif national :<br \/>\n\u00ab Les symboles de l\u2019\u00c9tat ne sont pas des symboles fig\u00e9s dans l\u2019histoire. \u00c0 chaque \u00e9tape, \u00e7a doit \u00eatre revisit\u00e9 pour que chaque citoyen de la R\u00e9publique de Guin\u00e9e puisse s\u2019y retrouver \u00bb.<\/p>\n<p><img loading=\"lazy\" decoding=\"async\" class=\"alignnone size-full wp-image-6088\" src=\"https:\/\/ledenonciateur224.com\/wp-content\/uploads\/2025\/11\/motion-photo-7653725240927278715.jpg\" alt=\"\" width=\"1280\" height=\"960\" srcset=\"https:\/\/ledenonciateur224.com\/wp-content\/uploads\/2025\/11\/motion-photo-7653725240927278715.jpg 1280w, https:\/\/ledenonciateur224.com\/wp-content\/uploads\/2025\/11\/motion-photo-7653725240927278715-300x225.jpg 300w, https:\/\/ledenonciateur224.com\/wp-content\/uploads\/2025\/11\/motion-photo-7653725240927278715-1024x768.jpg 1024w, https:\/\/ledenonciateur224.com\/wp-content\/uploads\/2025\/11\/motion-photo-7653725240927278715-768x576.jpg 768w, https:\/\/ledenonciateur224.com\/wp-content\/uploads\/2025\/11\/motion-photo-7653725240927278715-150x113.jpg 150w, https:\/\/ledenonciateur224.com\/wp-content\/uploads\/2025\/11\/motion-photo-7653725240927278715-696x522.jpg 696w, https:\/\/ledenonciateur224.com\/wp-content\/uploads\/2025\/11\/motion-photo-7653725240927278715-1068x801.jpg 1068w, https:\/\/ledenonciateur224.com\/wp-content\/uploads\/2025\/11\/motion-photo-7653725240927278715-560x420.jpg 560w, https:\/\/ledenonciateur224.com\/wp-content\/uploads\/2025\/11\/motion-photo-7653725240927278715-80x60.jpg 80w, https:\/\/ledenonciateur224.com\/wp-content\/uploads\/2025\/11\/motion-photo-7653725240927278715-265x198.jpg 265w\" sizes=\"auto, (max-width: 1280px) 100vw, 1280px\" \/><\/p>\n<p>Il a rappel\u00e9 que m\u00eame la couleur rouge du drapeau doit d\u00e9sormais int\u00e9grer d\u2019autres \u00e9pisodes de l\u2019histoire guin\u00e9enne : la traite n\u00e9gri\u00e8re, les r\u00e9sistances \u00e0 la domination coloniale, mais aussi les sacrifices contemporains faits pour la consolidation de la R\u00e9publique.<\/p>\n<h2>Des symboles au service de la refondation<\/h2>\n<p>Revenant sur le contexte politique actuel, Amadou Oury Bah a indiqu\u00e9 que ces symboles doivent aussi accompagner la\u00a0<strong>refondation de l\u2019\u00c9tat<\/strong>, men\u00e9e sous le leadership du Pr\u00e9sident Djahiem Ahmadi Boulouia.<\/p>\n<p>Selon lui, le narratif national doit refl\u00e9ter cette \u00e9tape d\u00e9cisive, notamment avec l\u2019adoption par voie r\u00e9f\u00e9rendaire d\u2019une Constitution \u00ab particuli\u00e8rement innovante \u00bb qui \u00ab consolide les symboles et les narratifs qu\u2019on peut retrouver \u00e0 travers les valeurs de l\u2019\u00c9tat \u00bb.<\/p>\n<p>Il a \u00e9galement mentionn\u00e9 la mise en service du\u00a0<strong>Transguin\u00e9en<\/strong>, pr\u00e9sent\u00e9 comme un symbole spectaculaire du renouveau national : un projet ayant \u00ab bris\u00e9 le plafond de verre \u00bb et r\u00e9alis\u00e9 \u00ab le r\u00eave de plusieurs g\u00e9n\u00e9rations de Guin\u00e9ens \u00bb.<\/p>\n<p>En conclusion, le Premier ministre a appel\u00e9 \u00e0 un travail continu de transmission et de relecture de l\u2019histoire nationale, notamment dans les \u00e9coles :<br \/>\n\u00ab Je vous invite \u00e0 revisiter notre histoire\u2026 pour que le narratif qui correspond \u00e0 ce que nous sommes aujourd\u2019hui prenne en compte tous les enseignements et nous permette de nous projeter vers le futur \u00bb.<\/p>\n<p>Ce travail de m\u00e9moire permettra, selon lui, de l\u00e9guer aux jeunes g\u00e9n\u00e9rations les outils n\u00e9cessaires pour se d\u00e9passer \u00e0 leur tour et \u00ab briser un autre plafond de verre, avec l\u2019aide de Dieu \u00bb.<\/p>\n<p>&nbsp;<\/p>\n<p>&nbsp;<\/p>\n<p>N&rsquo;sira Sylla<\/p>\n","protected":false},"excerpt":{"rendered":"<p>Le gouvernement guin\u00e9en a c\u00e9l\u00e9br\u00e9 ce jeudi 20 novembre 2025 les Journ\u00e9es nationales des symboles de l\u2019\u00c9tat, un rendez-vous plac\u00e9 sous le signe de la m\u00e9moire collective et du renouvellement du lien civique. La c\u00e9r\u00e9monie, pr\u00e9sid\u00e9e par le Premier ministre\u00a0Amadou Oury Bah, s\u2019est tenue dans un r\u00e9ceptif h\u00f4telier de Conakry, en pr\u00e9sence de membres du [&hellip;]<\/p>\n","protected":false},"author":2,"featured_media":6091,"comment_status":"closed","ping_status":"closed","sticky":false,"template":"","format":"standard","meta":{"_jetpack_memberships_contains_paid_content":false,"footnotes":"","jetpack_publicize_message":"","jetpack_publicize_feature_enabled":true,"jetpack_social_post_already_shared":true,"jetpack_social_options":{"image_generator_settings":{"template":"highway","default_image_id":0,"font":"","enabled":false},"version":2}},"categories":[30,24],"tags":[1319,1312],"class_list":{"0":"post-6086","1":"post","2":"type-post","3":"status-publish","4":"format-standard","5":"has-post-thumbnail","7":"category-faits-divers","8":"category-news","9":"tag-journees-nationales","10":"tag-symboles"},"jetpack_publicize_connections":[],"jetpack_featured_media_url":"https:\/\/ledenonciateur224.com\/wp-content\/uploads\/2025\/11\/motion-photo-4337990010572337778.jpg","jetpack_sharing_enabled":true,"_links":{"self":[{"href":"https:\/\/ledenonciateur224.com\/index.php\/wp-json\/wp\/v2\/posts\/6086","targetHints":{"allow":["GET"]}}],"collection":[{"href":"https:\/\/ledenonciateur224.com\/index.php\/wp-json\/wp\/v2\/posts"}],"about":[{"href":"https:\/\/ledenonciateur224.com\/index.php\/wp-json\/wp\/v2\/types\/post"}],"author":[{"embeddable":true,"href":"https:\/\/ledenonciateur224.com\/index.php\/wp-json\/wp\/v2\/users\/2"}],"replies":[{"embeddable":true,"href":"https:\/\/ledenonciateur224.com\/index.php\/wp-json\/wp\/v2\/comments?post=6086"}],"version-history":[{"count":0,"href":"https:\/\/ledenonciateur224.com\/index.php\/wp-json\/wp\/v2\/posts\/6086\/revisions"}],"wp:featuredmedia":[{"embeddable":true,"href":"https:\/\/ledenonciateur224.com\/index.php\/wp-json\/wp\/v2\/media\/6091"}],"wp:attachment":[{"href":"https:\/\/ledenonciateur224.com\/index.php\/wp-json\/wp\/v2\/media?parent=6086"}],"wp:term":[{"taxonomy":"category","embeddable":true,"href":"https:\/\/ledenonciateur224.com\/index.php\/wp-json\/wp\/v2\/categories?post=6086"},{"taxonomy":"post_tag","embeddable":true,"href":"https:\/\/ledenonciateur224.com\/index.php\/wp-json\/wp\/v2\/tags?post=6086"}],"curies":[{"name":"wp","href":"https:\/\/api.w.org\/{rel}","templated":true}]}}