{"id":6093,"date":"2025-11-20T21:04:02","date_gmt":"2025-11-20T21:04:02","guid":{"rendered":"https:\/\/ledenonciateur224.com\/?p=6093"},"modified":"2025-11-20T21:04:02","modified_gmt":"2025-11-20T21:04:02","slug":"presidentielle-2025-29-partis-et-75-mouvements-se-rallient-au-gmd-pour-soutenir-mamadi-doumbouya","status":"publish","type":"post","link":"https:\/\/ledenonciateur224.com\/index.php\/presidentielle-2025-29-partis-et-75-mouvements-se-rallient-au-gmd-pour-soutenir-mamadi-doumbouya\/","title":{"rendered":"Pr\u00e9sidentielle 2025 : 29 partis et 75 mouvements se rallient au GMD pour soutenir Mamadi Doumbouya"},"content":{"rendered":"<p><span style=\"color: #111111;font-family: Roboto, sans-serif;font-size: 32px\">Le candidat du parti <\/span><strong style=\"color: #111111;font-family: Roboto, sans-serif;font-size: 32px\">G\u00e9n\u00e9ration pour la Modernit\u00e9 et le D\u00e9veloppement (GMD)<\/strong><span style=\"color: #111111;font-family: Roboto, sans-serif;font-size: 32px\"> vient de b\u00e9n\u00e9ficier d\u2019un soutien politique majeur. Ce mercredi 20 novembre 2025, <\/span><strong style=\"color: #111111;font-family: Roboto, sans-serif;font-size: 32px\">29 partis politiques<\/strong><span style=\"color: #111111;font-family: Roboto, sans-serif;font-size: 32px\"> et <\/span><strong style=\"color: #111111;font-family: Roboto, sans-serif;font-size: 32px\">75 associations et mouvements<\/strong><span style=\"color: #111111;font-family: Roboto, sans-serif;font-size: 32px\"> ont officialis\u00e9 leur ralliement au GMD \u00e0 l\u2019issue d\u2019une grande convention consacr\u00e9e \u00e0 la structuration des alliances pour la pr\u00e9sidentielle du 28 d\u00e9cembre.<\/span><\/p>\n<p>Parmi les nouveaux alli\u00e9s figure l\u2019<strong>Union des Forces du Changement (UFC)<\/strong>, dirig\u00e9e par l\u2019ancien ministre <strong>Aboubacar Sylla<\/strong>. Tous ces acteurs sont d\u00e9sormais regroup\u00e9s au sein de l\u2019<strong>Alliance Doumbouya Pr\u00e9sident (ADP)<\/strong>, une plateforme qui se fixe pour mission <em>\u00ab de mobiliser, organiser et rallier le peuple de Guin\u00e9e autour de la candidature \u00bb<\/em> du Pr\u00e9sident de la transition, afin de lui <em>\u00ab assurer une victoire d\u00e8s le premier tour \u00bb<\/em>.<\/p>\n<h2>Une alliance construite autour de la vision d\u2019une \u00ab Guin\u00e9e nouvelle \u00bb<\/h2>\n<p>L\u2019ADP explique son engagement par l\u2019\u00e9mergence d\u2019une \u00ab Guin\u00e9e nouvelle \u00bb, amorc\u00e9e selon elle sous le leadership du G\u00e9n\u00e9ral Mamadi Doumbouya. Cette dynamique transformatrice, affirment-ils, se caract\u00e9rise par la <strong>renforcement de la souverainet\u00e9 nationale<\/strong>, la <strong>promotion de la justice et de l\u2019\u00c9tat de droit<\/strong>, ainsi que par le <strong>travail pour l\u2019unit\u00e9 nationale et la r\u00e9conciliation<\/strong>.<\/p>\n<p>Dans leur r\u00e9solution finale, les membres de l\u2019inter-coalition justifient sans ambigu\u00eft\u00e9 leur choix :<br \/>\n<em>\u00ab Apr\u00e8s un examen minutieux de la situation sociopolitique nationale et des candidats en lice pour le scrutin du 28 d\u00e9cembre prochain, l\u2019inter-coalition proclame solennellement son soutien total et sans r\u00e9serve au candidat du mouvement G\u00e9n\u00e9ration pour la Modernit\u00e9 et le D\u00e9veloppement, Mamadi Doumbouya. L\u2019inter-coalition d\u00e9fend que le candidat Mamadi Doumbouya, au regard de son bilan \u00e0 la t\u00eate de l\u2019\u00c9tat et de sa connaissance et son exp\u00e9rience de la Guin\u00e9e et des Guin\u00e9ens, est le plus apte \u00e0 offrir \u00e0 notre pays de meilleures conditions de s\u00e9curit\u00e9 et de stabilit\u00e9 dans une sous-r\u00e9gion en proie \u00e0 l\u2019ins\u00e9curit\u00e9, l\u2019instabilit\u00e9 et le terrorisme, ainsi que des opportunit\u00e9s de d\u00e9veloppement socio-\u00e9conomique. \u00bb<\/em><\/p>\n<h2>Aboubacar Sylla appelle \u00e0 une \u00e9lection fondatrice<\/h2>\n<p>Pour le pr\u00e9sident de l\u2019UFC, <strong>Aboubacar Sylla<\/strong>, l\u2019\u00e9lection du 28 d\u00e9cembre repr\u00e9sente un tournant d\u00e9cisif. Elle *\u00ab devra normalement constituer une nouvelle occasion encore pour renforcer l\u2019unit\u00e9 nationale et la paix sociale, ses avanc\u00e9es d\u00e9mocratiques, afin de jeter v\u00e9ritablement les bases d\u2019un renouveau pour un nouveau d\u00e9part national \u00e0 l\u2019aune des d\u00e9fis de stabilit\u00e9, de d\u00e9veloppement et de prosp\u00e9rit\u00e9 partag\u00e9e \u00bb. *<\/p>\n<p>Il souligne \u00e9galement que le scrutin devra *\u00ab devenir un levier solide afin de b\u00e2tir des institutions d\u00e9mocratiques cr\u00e9dibles et efficaces pour assurer la grandeur de la Guin\u00e9e et le bonheur des Guin\u00e9ens \u00bb. *<\/p>\n<h2>Un soutien pr\u00e9sent\u00e9 comme un choix de \u201ccr\u00e9dibilit\u00e9\u201d<\/h2>\n<p>Pour les leaders de l\u2019ADP, leur ralliement est fond\u00e9 sur une conviction claire : parmi les <strong>neuf candidats valid\u00e9s par la Cour supr\u00eame<\/strong>, Mamadi Doumbouya incarnerait le profil le plus s\u00e9rieux et le plus l\u00e9gitime. Ils affirment avoir port\u00e9 leur choix sur un homme \u00ab de grande vertu d\u2019\u00c9tat et de consensus politique \u00bb, en r\u00e9f\u00e9rence aux r\u00e9formes et r\u00e9alisations qu\u2019il a men\u00e9es depuis sa prise de pouvoir le <strong>5 septembre 2021<\/strong>.<\/p>\n<p>Ce large front politique, d\u00e9sormais act\u00e9, vient ainsi renforcer le camp Doumbouya \u00e0 quelques semaines d\u2019un scrutin pr\u00e9sidentiel d\u00e9cisif pour l\u2019avenir institutionnel et d\u00e9mocratique de la Guin\u00e9e.<\/p>\n<p>&nbsp;<\/p>\n<p>Ledenonciateur224.com<\/p>\n","protected":false},"excerpt":{"rendered":"<p>Le candidat du parti G\u00e9n\u00e9ration pour la Modernit\u00e9 et le D\u00e9veloppement (GMD) vient de b\u00e9n\u00e9ficier d\u2019un soutien politique majeur. Ce mercredi 20 novembre 2025, 29 partis politiques et 75 associations et mouvements ont officialis\u00e9 leur ralliement au GMD \u00e0 l\u2019issue d\u2019une grande convention consacr\u00e9e \u00e0 la structuration des alliances pour la pr\u00e9sidentielle du 28 d\u00e9cembre. [&hellip;]<\/p>\n","protected":false},"author":2,"featured_media":6094,"comment_status":"closed","ping_status":"closed","sticky":false,"template":"","format":"standard","meta":{"_jetpack_memberships_contains_paid_content":false,"footnotes":"","jetpack_publicize_message":"","jetpack_publicize_feature_enabled":true,"jetpack_social_post_already_shared":true,"jetpack_social_options":{"image_generator_settings":{"template":"highway","default_image_id":0,"font":"","enabled":false},"version":2}},"categories":[24,27],"tags":[1320,966],"class_list":{"0":"post-6093","1":"post","2":"type-post","3":"status-publish","4":"format-standard","5":"has-post-thumbnail","7":"category-news","8":"category-politique","9":"tag-gmd","10":"tag-presidentielle"},"jetpack_publicize_connections":[],"jetpack_featured_media_url":"https:\/\/ledenonciateur224.com\/wp-content\/uploads\/2025\/11\/ufc.jpg","jetpack_sharing_enabled":true,"_links":{"self":[{"href":"https:\/\/ledenonciateur224.com\/index.php\/wp-json\/wp\/v2\/posts\/6093","targetHints":{"allow":["GET"]}}],"collection":[{"href":"https:\/\/ledenonciateur224.com\/index.php\/wp-json\/wp\/v2\/posts"}],"about":[{"href":"https:\/\/ledenonciateur224.com\/index.php\/wp-json\/wp\/v2\/types\/post"}],"author":[{"embeddable":true,"href":"https:\/\/ledenonciateur224.com\/index.php\/wp-json\/wp\/v2\/users\/2"}],"replies":[{"embeddable":true,"href":"https:\/\/ledenonciateur224.com\/index.php\/wp-json\/wp\/v2\/comments?post=6093"}],"version-history":[{"count":0,"href":"https:\/\/ledenonciateur224.com\/index.php\/wp-json\/wp\/v2\/posts\/6093\/revisions"}],"wp:featuredmedia":[{"embeddable":true,"href":"https:\/\/ledenonciateur224.com\/index.php\/wp-json\/wp\/v2\/media\/6094"}],"wp:attachment":[{"href":"https:\/\/ledenonciateur224.com\/index.php\/wp-json\/wp\/v2\/media?parent=6093"}],"wp:term":[{"taxonomy":"category","embeddable":true,"href":"https:\/\/ledenonciateur224.com\/index.php\/wp-json\/wp\/v2\/categories?post=6093"},{"taxonomy":"post_tag","embeddable":true,"href":"https:\/\/ledenonciateur224.com\/index.php\/wp-json\/wp\/v2\/tags?post=6093"}],"curies":[{"name":"wp","href":"https:\/\/api.w.org\/{rel}","templated":true}]}}