{"id":6103,"date":"2025-11-21T16:20:37","date_gmt":"2025-11-21T16:20:37","guid":{"rendered":"https:\/\/ledenonciateur224.com\/?p=6103"},"modified":"2025-11-21T16:20:37","modified_gmt":"2025-11-21T16:20:37","slug":"journees-de-la-qualite-la-guinee-place-la-securite-alimentaire-au-coeur-de-sa-competitivite","status":"publish","type":"post","link":"https:\/\/ledenonciateur224.com\/index.php\/journees-de-la-qualite-la-guinee-place-la-securite-alimentaire-au-coeur-de-sa-competitivite\/","title":{"rendered":"Journ\u00e9es de la Qualit\u00e9 : La Guin\u00e9e place la s\u00e9curit\u00e9 alimentaire au c\u0153ur de sa comp\u00e9titivit\u00e9"},"content":{"rendered":"<p>\u00c0 l\u2019approche des Journ\u00e9es Portes Ouvertes de l\u2019Office National de Contr\u00f4le de Qualit\u00e9 (ONCQ), pr\u00e9vues les <strong>26 et 27 novembre 2025<\/strong>, la ministre du Commerce,\u00a0<strong>Fatima Camara<\/strong>, a anim\u00e9 un point de presse pour rappeler l\u2019importance strat\u00e9gique de la qualit\u00e9 dans la protection des consommateurs et la comp\u00e9titivit\u00e9 du pays.<\/p>\n<p>Sous le th\u00e8me\u00a0<strong>\u00ab La qualit\u00e9, levier de comp\u00e9titivit\u00e9 et protection de consommateurs \u00bb<\/strong>, la ministre a rappel\u00e9 que la s\u00e9curit\u00e9 des produits touche directement \u00ab\u00a0<em>la sant\u00e9 des familles, la confiance dans ce qui est vendu sur nos march\u00e9s et la capacit\u00e9 de notre \u00e9conomie \u00e0 tenir ses engagements<\/em>\u00a0\u00bb.<br \/>\nElle a \u00e9galement insist\u00e9 sur les missions essentielles de l\u2019ONCQ qui, selon elle, \u00ab\u00a0<em>assume pour le compte de l\u2019\u00c9tat des missions de contr\u00f4le, d\u2019inspection, d\u2019analyse en laboratoire et de sensibilisation le long des cha\u00eenes alimentaires et non alimentaires<\/em>\u00a0\u00bb.<\/p>\n<p><img loading=\"lazy\" decoding=\"async\" class=\"alignnone size-full wp-image-6104\" src=\"https:\/\/ledenonciateur224.com\/wp-content\/uploads\/2025\/11\/img-20251121-wa0007.jpg\" alt=\"\" width=\"572\" height=\"512\" srcset=\"https:\/\/ledenonciateur224.com\/wp-content\/uploads\/2025\/11\/img-20251121-wa0007.jpg 572w, https:\/\/ledenonciateur224.com\/wp-content\/uploads\/2025\/11\/img-20251121-wa0007-300x269.jpg 300w, https:\/\/ledenonciateur224.com\/wp-content\/uploads\/2025\/11\/img-20251121-wa0007-150x134.jpg 150w, https:\/\/ledenonciateur224.com\/wp-content\/uploads\/2025\/11\/img-20251121-wa0007-469x420.jpg 469w\" sizes=\"auto, (max-width: 572px) 100vw, 572px\" \/><\/p>\n<p>Fatima Camara a rappel\u00e9 que la Guin\u00e9e dispose, depuis\u00a0<strong>la loi du 4 juillet 2021<\/strong>, d\u2019un arsenal clair contre les fraudes commerciales, d\u00e9signant l\u2019ONCQ comme \u00ab\u00a0<em>organe national principal du contr\u00f4le des denr\u00e9es et biens de consommation mis sur le march\u00e9<\/em>\u00a0\u00bb.<br \/>\nCe dispositif inscrit le pays dans les exigences de la\u00a0<strong>CEDEAO, de la ZLECAF et de l\u2019OMC<\/strong>.<\/p>\n<p>Les Journ\u00e9es Portes Ouvertes visent \u00e0 :<\/p>\n<ul>\n<li><strong>Renforcer la culture de la qualit\u00e9<\/strong>,<\/li>\n<li><strong>Valoriser le r\u00f4le de l\u2019ONCQ<\/strong>,<\/li>\n<li><strong>Cr\u00e9er une synergie entre administration, op\u00e9rateurs priv\u00e9s et consommateurs<\/strong>,<\/li>\n<li><strong>Informer largement sur les enjeux de la s\u00e9curit\u00e9 sanitaire<\/strong>.<\/li>\n<\/ul>\n<p>Selon la ministre, \u00ab\u00a0<em>la premi\u00e8re journ\u00e9e se d\u00e9roulera au Palais du Peuple, la seconde au si\u00e8ge de l\u2019ONCQ \u00e0 Matoto<\/em>\u00a0\u00bb.<\/p>\n<p>Au programme :<\/p>\n<ul>\n<li><strong>Panels de haut niveau<\/strong>\u00a0sur les risques sanitaires, la normalisation, la certification et le commerce international,<\/li>\n<li><strong>Visites guid\u00e9es<\/strong>\u00a0des laboratoires de Matoto,<\/li>\n<li><strong>Stands d\u2019exposition<\/strong>\u00a0mettant en valeur institutions et entreprises engag\u00e9es dans la qualit\u00e9,<\/li>\n<li><strong>Partage d\u2019exp\u00e9riences<\/strong>\u00a0par des experts du Maroc (pays invit\u00e9 d\u2019honneur), du S\u00e9n\u00e9gal, de la C\u00f4te d\u2019Ivoire et du Burkina Faso.<\/li>\n<li><img loading=\"lazy\" decoding=\"async\" class=\"alignnone size-full wp-image-6105\" src=\"https:\/\/ledenonciateur224.com\/wp-content\/uploads\/2025\/11\/img-20251121-wa0006-768x711-1.jpg\" alt=\"\" width=\"768\" height=\"711\" srcset=\"https:\/\/ledenonciateur224.com\/wp-content\/uploads\/2025\/11\/img-20251121-wa0006-768x711-1.jpg 768w, https:\/\/ledenonciateur224.com\/wp-content\/uploads\/2025\/11\/img-20251121-wa0006-768x711-1-300x278.jpg 300w, https:\/\/ledenonciateur224.com\/wp-content\/uploads\/2025\/11\/img-20251121-wa0006-768x711-1-150x139.jpg 150w, https:\/\/ledenonciateur224.com\/wp-content\/uploads\/2025\/11\/img-20251121-wa0006-768x711-1-696x644.jpg 696w, https:\/\/ledenonciateur224.com\/wp-content\/uploads\/2025\/11\/img-20251121-wa0006-768x711-1-454x420.jpg 454w\" sizes=\"auto, (max-width: 768px) 100vw, 768px\" \/><\/li>\n<\/ul>\n<p>Le Directeur G\u00e9n\u00e9ral,\u00a0<strong>Mohamed Kadiatou Sylla<\/strong>, souligne que l&rsquo;\u00c9tat reste \u00ab\u00a0<em>le premier garant de la sant\u00e9 de sa population<\/em>\u00a0\u00bb et que l\u2019ONCQ joue un r\u00f4le cl\u00e9 gr\u00e2ce aux actions de contr\u00f4le et d\u2019accompagnement.<br \/>\nIl pr\u00e9cise que le th\u00e8me retenu est \u00ab\u00a0<em>pertinent et puissant<\/em>\u00a0\u00bb, car il renforce \u00ab\u00a0<em>la comp\u00e9titivit\u00e9 et la protection des consommateurs<\/em>\u00a0\u00bb.<\/p>\n<p><img loading=\"lazy\" decoding=\"async\" class=\"alignnone size-full wp-image-6107\" src=\"https:\/\/ledenonciateur224.com\/wp-content\/uploads\/2025\/11\/img-20251121-wa0039-696x321-1.jpg\" alt=\"\" width=\"696\" height=\"321\" srcset=\"https:\/\/ledenonciateur224.com\/wp-content\/uploads\/2025\/11\/img-20251121-wa0039-696x321-1.jpg 696w, https:\/\/ledenonciateur224.com\/wp-content\/uploads\/2025\/11\/img-20251121-wa0039-696x321-1-300x138.jpg 300w, https:\/\/ledenonciateur224.com\/wp-content\/uploads\/2025\/11\/img-20251121-wa0039-696x321-1-150x69.jpg 150w\" sizes=\"auto, (max-width: 696px) 100vw, 696px\" \/><\/p>\n<p>Plus de\u00a0<strong>1 000 participants<\/strong>\u00a0sont attendus. Certaines entreprises seront r\u00e9compens\u00e9es pour leurs infrastructures et leurs bonnes pratiques en mati\u00e8re de qualit\u00e9, preuve de leur conformit\u00e9 aux standards internationaux.<\/p>\n<p>&nbsp;<\/p>\n<p>Aboubacar Moussa Camara<\/p>\n<p>622 42 41 87<\/p>\n","protected":false},"excerpt":{"rendered":"<p>\u00c0 l\u2019approche des Journ\u00e9es Portes Ouvertes de l\u2019Office National de Contr\u00f4le de Qualit\u00e9 (ONCQ), pr\u00e9vues les 26 et 27 novembre 2025, la ministre du Commerce,\u00a0Fatima Camara, a anim\u00e9 un point de presse pour rappeler l\u2019importance strat\u00e9gique de la qualit\u00e9 dans la protection des consommateurs et la comp\u00e9titivit\u00e9 du pays. Sous le th\u00e8me\u00a0\u00ab La qualit\u00e9, levier [&hellip;]<\/p>\n","protected":false},"author":2,"featured_media":6106,"comment_status":"closed","ping_status":"closed","sticky":false,"template":"","format":"standard","meta":{"_jetpack_memberships_contains_paid_content":false,"footnotes":"","jetpack_publicize_message":"","jetpack_publicize_feature_enabled":true,"jetpack_social_post_already_shared":true,"jetpack_social_options":{"image_generator_settings":{"template":"highway","default_image_id":0,"font":"","enabled":false},"version":2}},"categories":[29,24],"tags":[990,1325],"class_list":{"0":"post-6103","1":"post","2":"type-post","3":"status-publish","4":"format-standard","5":"has-post-thumbnail","7":"category-economie","8":"category-news","9":"tag-controle-de-qualite","10":"tag-qualite-alimentaire"},"jetpack_publicize_connections":[],"jetpack_featured_media_url":"https:\/\/ledenonciateur224.com\/wp-content\/uploads\/2025\/11\/img-20251121-wa0008-768x432-1.jpg","jetpack_sharing_enabled":true,"_links":{"self":[{"href":"https:\/\/ledenonciateur224.com\/index.php\/wp-json\/wp\/v2\/posts\/6103","targetHints":{"allow":["GET"]}}],"collection":[{"href":"https:\/\/ledenonciateur224.com\/index.php\/wp-json\/wp\/v2\/posts"}],"about":[{"href":"https:\/\/ledenonciateur224.com\/index.php\/wp-json\/wp\/v2\/types\/post"}],"author":[{"embeddable":true,"href":"https:\/\/ledenonciateur224.com\/index.php\/wp-json\/wp\/v2\/users\/2"}],"replies":[{"embeddable":true,"href":"https:\/\/ledenonciateur224.com\/index.php\/wp-json\/wp\/v2\/comments?post=6103"}],"version-history":[{"count":0,"href":"https:\/\/ledenonciateur224.com\/index.php\/wp-json\/wp\/v2\/posts\/6103\/revisions"}],"wp:featuredmedia":[{"embeddable":true,"href":"https:\/\/ledenonciateur224.com\/index.php\/wp-json\/wp\/v2\/media\/6106"}],"wp:attachment":[{"href":"https:\/\/ledenonciateur224.com\/index.php\/wp-json\/wp\/v2\/media?parent=6103"}],"wp:term":[{"taxonomy":"category","embeddable":true,"href":"https:\/\/ledenonciateur224.com\/index.php\/wp-json\/wp\/v2\/categories?post=6103"},{"taxonomy":"post_tag","embeddable":true,"href":"https:\/\/ledenonciateur224.com\/index.php\/wp-json\/wp\/v2\/tags?post=6103"}],"curies":[{"name":"wp","href":"https:\/\/api.w.org\/{rel}","templated":true}]}}