{"id":6128,"date":"2025-11-23T00:30:37","date_gmt":"2025-11-23T00:30:37","guid":{"rendered":"https:\/\/ledenonciateur224.com\/?p=6128"},"modified":"2025-11-23T00:30:37","modified_gmt":"2025-11-23T00:30:37","slug":"thianguel-bori-le-gouvernement-inaugure-une-centrale-solaire-moderne-pour-renforcer-lelectrification-rurale","status":"publish","type":"post","link":"https:\/\/ledenonciateur224.com\/index.php\/thianguel-bori-le-gouvernement-inaugure-une-centrale-solaire-moderne-pour-renforcer-lelectrification-rurale\/","title":{"rendered":"Thianguel Bori : Le Gouvernement inaugure une centrale solaire moderne pour renforcer l\u2019\u00e9lectrification rurale"},"content":{"rendered":"<p>Le Gouvernement guin\u00e9en poursuit son ambition d\u2019\u00e9tendre l\u2019acc\u00e8s \u00e0 l\u2019\u00e9nergie partout dans le pays. Ce samedi 22 novembre 2025, le Minist\u00e8re de l\u2019\u00c9nergie, \u00e0 travers l\u2019Agence Guin\u00e9enne d\u2019\u00c9lectrification Rurale (AGER), a proc\u00e9d\u00e9 \u00e0 l\u2019inauguration officielle de la centrale solaire de Thianguel Bori, sous la pr\u00e9sidence d\u2019honneur de Monsieur le Ministre de l\u2019\u00c9nergie, Namory Camara, entour\u00e9 d\u2019une importante d\u00e9l\u00e9gation du D\u00e9partement.<\/p>\n<p><img loading=\"lazy\" decoding=\"async\" class=\"alignnone size-full wp-image-6129\" src=\"https:\/\/ledenonciateur224.com\/wp-content\/uploads\/2025\/11\/img-20251123-wa0006.jpg\" alt=\"\" width=\"1080\" height=\"720\" srcset=\"https:\/\/ledenonciateur224.com\/wp-content\/uploads\/2025\/11\/img-20251123-wa0006.jpg 1080w, https:\/\/ledenonciateur224.com\/wp-content\/uploads\/2025\/11\/img-20251123-wa0006-300x200.jpg 300w, https:\/\/ledenonciateur224.com\/wp-content\/uploads\/2025\/11\/img-20251123-wa0006-1024x683.jpg 1024w, https:\/\/ledenonciateur224.com\/wp-content\/uploads\/2025\/11\/img-20251123-wa0006-768x512.jpg 768w, https:\/\/ledenonciateur224.com\/wp-content\/uploads\/2025\/11\/img-20251123-wa0006-150x100.jpg 150w, https:\/\/ledenonciateur224.com\/wp-content\/uploads\/2025\/11\/img-20251123-wa0006-696x464.jpg 696w, https:\/\/ledenonciateur224.com\/wp-content\/uploads\/2025\/11\/img-20251123-wa0006-1068x712.jpg 1068w, https:\/\/ledenonciateur224.com\/wp-content\/uploads\/2025\/11\/img-20251123-wa0006-630x420.jpg 630w\" sizes=\"auto, (max-width: 1080px) 100vw, 1080px\" \/> <img loading=\"lazy\" decoding=\"async\" class=\"alignnone size-full wp-image-6130\" src=\"https:\/\/ledenonciateur224.com\/wp-content\/uploads\/2025\/11\/img-20251123-wa0005.jpg\" alt=\"\" width=\"1080\" height=\"720\" srcset=\"https:\/\/ledenonciateur224.com\/wp-content\/uploads\/2025\/11\/img-20251123-wa0005.jpg 1080w, https:\/\/ledenonciateur224.com\/wp-content\/uploads\/2025\/11\/img-20251123-wa0005-300x200.jpg 300w, https:\/\/ledenonciateur224.com\/wp-content\/uploads\/2025\/11\/img-20251123-wa0005-1024x683.jpg 1024w, https:\/\/ledenonciateur224.com\/wp-content\/uploads\/2025\/11\/img-20251123-wa0005-768x512.jpg 768w, https:\/\/ledenonciateur224.com\/wp-content\/uploads\/2025\/11\/img-20251123-wa0005-150x100.jpg 150w, https:\/\/ledenonciateur224.com\/wp-content\/uploads\/2025\/11\/img-20251123-wa0005-696x464.jpg 696w, https:\/\/ledenonciateur224.com\/wp-content\/uploads\/2025\/11\/img-20251123-wa0005-1068x712.jpg 1068w, https:\/\/ledenonciateur224.com\/wp-content\/uploads\/2025\/11\/img-20251123-wa0005-630x420.jpg 630w\" sizes=\"auto, (max-width: 1080px) 100vw, 1080px\" \/><\/p>\n<p>Fruit de l\u2019appui financier du Programme des Nations Unies pour le D\u00e9veloppement (PNUD), cette centrale d\u2019une capacit\u00e9 de 153,2 kWc constitue une infrastructure strat\u00e9gique dans la mise en \u0153uvre de la politique nationale d\u2019\u00e9lectrification rurale.<br \/>\nElle permettra le raccordement de 242 m\u00e9nages, am\u00e9liorant ainsi l\u2019acc\u00e8s \u00e0 l\u2019\u00e9lectricit\u00e9 pour pr\u00e8s de 34 000 habitants de Thianguel Bori et des localit\u00e9s voisines.<br \/>\nUne avanc\u00e9e majeure qui ouvre la voie \u00e0 un meilleur d\u00e9veloppement \u00e9conomique, social et communautaire.<\/p>\n<p><img loading=\"lazy\" decoding=\"async\" class=\"alignnone size-full wp-image-6131\" src=\"https:\/\/ledenonciateur224.com\/wp-content\/uploads\/2025\/11\/img-20251123-wa0015.jpg\" alt=\"\" width=\"1080\" height=\"608\" srcset=\"https:\/\/ledenonciateur224.com\/wp-content\/uploads\/2025\/11\/img-20251123-wa0015.jpg 1080w, https:\/\/ledenonciateur224.com\/wp-content\/uploads\/2025\/11\/img-20251123-wa0015-300x169.jpg 300w, https:\/\/ledenonciateur224.com\/wp-content\/uploads\/2025\/11\/img-20251123-wa0015-1024x576.jpg 1024w, https:\/\/ledenonciateur224.com\/wp-content\/uploads\/2025\/11\/img-20251123-wa0015-768x432.jpg 768w, https:\/\/ledenonciateur224.com\/wp-content\/uploads\/2025\/11\/img-20251123-wa0015-150x84.jpg 150w, https:\/\/ledenonciateur224.com\/wp-content\/uploads\/2025\/11\/img-20251123-wa0015-696x392.jpg 696w, https:\/\/ledenonciateur224.com\/wp-content\/uploads\/2025\/11\/img-20251123-wa0015-1068x601.jpg 1068w, https:\/\/ledenonciateur224.com\/wp-content\/uploads\/2025\/11\/img-20251123-wa0015-746x420.jpg 746w\" sizes=\"auto, (max-width: 1080px) 100vw, 1080px\" \/><\/p>\n<p>Cette r\u00e9alisation traduit l\u2019engagement ferme du Gouvernement \u00e0 acc\u00e9l\u00e9rer la transition \u00e9nerg\u00e9tique du pays, conform\u00e9ment aux orientations nationales visant un acc\u00e8s universel \u00e0 l\u2019\u00e9nergie.<\/p>\n<p><img loading=\"lazy\" decoding=\"async\" class=\"alignnone size-full wp-image-6132\" src=\"https:\/\/ledenonciateur224.com\/wp-content\/uploads\/2025\/11\/img-20251123-wa0002.jpg\" alt=\"\" width=\"1080\" height=\"720\" srcset=\"https:\/\/ledenonciateur224.com\/wp-content\/uploads\/2025\/11\/img-20251123-wa0002.jpg 1080w, https:\/\/ledenonciateur224.com\/wp-content\/uploads\/2025\/11\/img-20251123-wa0002-300x200.jpg 300w, https:\/\/ledenonciateur224.com\/wp-content\/uploads\/2025\/11\/img-20251123-wa0002-1024x683.jpg 1024w, https:\/\/ledenonciateur224.com\/wp-content\/uploads\/2025\/11\/img-20251123-wa0002-768x512.jpg 768w, https:\/\/ledenonciateur224.com\/wp-content\/uploads\/2025\/11\/img-20251123-wa0002-150x100.jpg 150w, https:\/\/ledenonciateur224.com\/wp-content\/uploads\/2025\/11\/img-20251123-wa0002-696x464.jpg 696w, https:\/\/ledenonciateur224.com\/wp-content\/uploads\/2025\/11\/img-20251123-wa0002-1068x712.jpg 1068w, https:\/\/ledenonciateur224.com\/wp-content\/uploads\/2025\/11\/img-20251123-wa0002-630x420.jpg 630w\" sizes=\"auto, (max-width: 1080px) 100vw, 1080px\" \/> <img loading=\"lazy\" decoding=\"async\" class=\"alignnone size-full wp-image-6133\" src=\"https:\/\/ledenonciateur224.com\/wp-content\/uploads\/2025\/11\/img-20251123-wa0014.jpg\" alt=\"\" width=\"1042\" height=\"646\" srcset=\"https:\/\/ledenonciateur224.com\/wp-content\/uploads\/2025\/11\/img-20251123-wa0014.jpg 1042w, https:\/\/ledenonciateur224.com\/wp-content\/uploads\/2025\/11\/img-20251123-wa0014-300x186.jpg 300w, https:\/\/ledenonciateur224.com\/wp-content\/uploads\/2025\/11\/img-20251123-wa0014-1024x635.jpg 1024w, https:\/\/ledenonciateur224.com\/wp-content\/uploads\/2025\/11\/img-20251123-wa0014-768x476.jpg 768w, https:\/\/ledenonciateur224.com\/wp-content\/uploads\/2025\/11\/img-20251123-wa0014-150x93.jpg 150w, https:\/\/ledenonciateur224.com\/wp-content\/uploads\/2025\/11\/img-20251123-wa0014-696x431.jpg 696w, https:\/\/ledenonciateur224.com\/wp-content\/uploads\/2025\/11\/img-20251123-wa0014-677x420.jpg 677w, https:\/\/ledenonciateur224.com\/wp-content\/uploads\/2025\/11\/img-20251123-wa0014-356x220.jpg 356w\" sizes=\"auto, (max-width: 1042px) 100vw, 1042px\" \/><\/p>\n<p>\u00c0 travers cette infrastructure moderne r\u00e9pondant aux standards internationaux, les autorit\u00e9s r\u00e9affirment leur volont\u00e9 de doter les zones rurales d\u2019\u00e9quipements fiables et durables, capables de transformer le quotidien des populations.<\/p>\n<p><img loading=\"lazy\" decoding=\"async\" class=\"alignnone size-full wp-image-6134\" src=\"https:\/\/ledenonciateur224.com\/wp-content\/uploads\/2025\/11\/img-20251123-wa0010.jpg\" alt=\"\" width=\"1080\" height=\"720\" srcset=\"https:\/\/ledenonciateur224.com\/wp-content\/uploads\/2025\/11\/img-20251123-wa0010.jpg 1080w, https:\/\/ledenonciateur224.com\/wp-content\/uploads\/2025\/11\/img-20251123-wa0010-300x200.jpg 300w, https:\/\/ledenonciateur224.com\/wp-content\/uploads\/2025\/11\/img-20251123-wa0010-1024x683.jpg 1024w, https:\/\/ledenonciateur224.com\/wp-content\/uploads\/2025\/11\/img-20251123-wa0010-768x512.jpg 768w, https:\/\/ledenonciateur224.com\/wp-content\/uploads\/2025\/11\/img-20251123-wa0010-150x100.jpg 150w, https:\/\/ledenonciateur224.com\/wp-content\/uploads\/2025\/11\/img-20251123-wa0010-696x464.jpg 696w, https:\/\/ledenonciateur224.com\/wp-content\/uploads\/2025\/11\/img-20251123-wa0010-1068x712.jpg 1068w, https:\/\/ledenonciateur224.com\/wp-content\/uploads\/2025\/11\/img-20251123-wa0010-630x420.jpg 630w\" sizes=\"auto, (max-width: 1080px) 100vw, 1080px\" \/> <img loading=\"lazy\" decoding=\"async\" class=\"alignnone size-full wp-image-6135\" src=\"https:\/\/ledenonciateur224.com\/wp-content\/uploads\/2025\/11\/img-20251123-wa0013.jpg\" alt=\"\" width=\"1080\" height=\"720\" srcset=\"https:\/\/ledenonciateur224.com\/wp-content\/uploads\/2025\/11\/img-20251123-wa0013.jpg 1080w, https:\/\/ledenonciateur224.com\/wp-content\/uploads\/2025\/11\/img-20251123-wa0013-300x200.jpg 300w, https:\/\/ledenonciateur224.com\/wp-content\/uploads\/2025\/11\/img-20251123-wa0013-1024x683.jpg 1024w, https:\/\/ledenonciateur224.com\/wp-content\/uploads\/2025\/11\/img-20251123-wa0013-768x512.jpg 768w, https:\/\/ledenonciateur224.com\/wp-content\/uploads\/2025\/11\/img-20251123-wa0013-150x100.jpg 150w, https:\/\/ledenonciateur224.com\/wp-content\/uploads\/2025\/11\/img-20251123-wa0013-696x464.jpg 696w, https:\/\/ledenonciateur224.com\/wp-content\/uploads\/2025\/11\/img-20251123-wa0013-1068x712.jpg 1068w, https:\/\/ledenonciateur224.com\/wp-content\/uploads\/2025\/11\/img-20251123-wa0013-630x420.jpg 630w\" sizes=\"auto, (max-width: 1080px) 100vw, 1080px\" \/><\/p>\n<p>L\u2019inauguration de la centrale solaire de Thianguel Bori s\u2019inscrit ainsi dans la dynamique engag\u00e9e par le Minist\u00e8re de l\u2019\u00c9nergie pour moderniser le secteur et renforcer la desserte \u00e9lectrique sur l\u2019ensemble du territoire.<\/p>\n<p>&nbsp;<\/p>\n<p>Service de Communication et des Relations Publiques<\/p>\n","protected":false},"excerpt":{"rendered":"<p>Le Gouvernement guin\u00e9en poursuit son ambition d\u2019\u00e9tendre l\u2019acc\u00e8s \u00e0 l\u2019\u00e9nergie partout dans le pays. Ce samedi 22 novembre 2025, le Minist\u00e8re de l\u2019\u00c9nergie, \u00e0 travers l\u2019Agence Guin\u00e9enne d\u2019\u00c9lectrification Rurale (AGER), a proc\u00e9d\u00e9 \u00e0 l\u2019inauguration officielle de la centrale solaire de Thianguel Bori, sous la pr\u00e9sidence d\u2019honneur de Monsieur le Ministre de l\u2019\u00c9nergie, Namory Camara, entour\u00e9 [&hellip;]<\/p>\n","protected":false},"author":2,"featured_media":6136,"comment_status":"closed","ping_status":"closed","sticky":false,"template":"","format":"standard","meta":{"_jetpack_memberships_contains_paid_content":false,"footnotes":"","jetpack_publicize_message":"","jetpack_publicize_feature_enabled":true,"jetpack_social_post_already_shared":true,"jetpack_social_options":{"image_generator_settings":{"template":"highway","default_image_id":0,"font":"","enabled":false},"version":2}},"categories":[29,24],"tags":[672],"class_list":{"0":"post-6128","1":"post","2":"type-post","3":"status-publish","4":"format-standard","5":"has-post-thumbnail","7":"category-economie","8":"category-news","9":"tag-energie"},"jetpack_publicize_connections":[],"jetpack_featured_media_url":"https:\/\/ledenonciateur224.com\/wp-content\/uploads\/2025\/11\/img-20251123-wa0011.jpg","jetpack_sharing_enabled":true,"_links":{"self":[{"href":"https:\/\/ledenonciateur224.com\/index.php\/wp-json\/wp\/v2\/posts\/6128","targetHints":{"allow":["GET"]}}],"collection":[{"href":"https:\/\/ledenonciateur224.com\/index.php\/wp-json\/wp\/v2\/posts"}],"about":[{"href":"https:\/\/ledenonciateur224.com\/index.php\/wp-json\/wp\/v2\/types\/post"}],"author":[{"embeddable":true,"href":"https:\/\/ledenonciateur224.com\/index.php\/wp-json\/wp\/v2\/users\/2"}],"replies":[{"embeddable":true,"href":"https:\/\/ledenonciateur224.com\/index.php\/wp-json\/wp\/v2\/comments?post=6128"}],"version-history":[{"count":0,"href":"https:\/\/ledenonciateur224.com\/index.php\/wp-json\/wp\/v2\/posts\/6128\/revisions"}],"wp:featuredmedia":[{"embeddable":true,"href":"https:\/\/ledenonciateur224.com\/index.php\/wp-json\/wp\/v2\/media\/6136"}],"wp:attachment":[{"href":"https:\/\/ledenonciateur224.com\/index.php\/wp-json\/wp\/v2\/media?parent=6128"}],"wp:term":[{"taxonomy":"category","embeddable":true,"href":"https:\/\/ledenonciateur224.com\/index.php\/wp-json\/wp\/v2\/categories?post=6128"},{"taxonomy":"post_tag","embeddable":true,"href":"https:\/\/ledenonciateur224.com\/index.php\/wp-json\/wp\/v2\/tags?post=6128"}],"curies":[{"name":"wp","href":"https:\/\/api.w.org\/{rel}","templated":true}]}}