{"id":6142,"date":"2025-11-24T08:26:11","date_gmt":"2025-11-24T08:26:11","guid":{"rendered":"https:\/\/ledenonciateur224.com\/?p=6142"},"modified":"2025-11-24T08:26:11","modified_gmt":"2025-11-24T08:26:11","slug":"incendie-au-ministere-de-la-securite-et-de-la-protection-civile-le-batiment-principal-touche","status":"publish","type":"post","link":"https:\/\/ledenonciateur224.com\/index.php\/incendie-au-ministere-de-la-securite-et-de-la-protection-civile-le-batiment-principal-touche\/","title":{"rendered":"Incendie au Minist\u00e8re de la S\u00e9curit\u00e9 et de la Protection Civile : le b\u00e2timent principal touch\u00e9"},"content":{"rendered":"<p>Un incendie s\u2019est d\u00e9clar\u00e9 dans la soir\u00e9e de ce dimanche au Minist\u00e8re de la S\u00e9curit\u00e9 et de la Protection Civile, affectant une partie du b\u00e2timent principal qui abrite plusieurs services strat\u00e9giques du d\u00e9partement. L\u2019alarme a \u00e9t\u00e9 donn\u00e9e peu apr\u00e8s l\u2019apparition des premi\u00e8res fum\u00e9es, d\u00e9clenchant une mobilisation imm\u00e9diate des \u00e9quipes de la Protection Civile.<\/p>\n<p>Gr\u00e2ce \u00e0 l\u2019intervention rapide, coordonn\u00e9e et hautement professionnelle des sapeurs-pompiers, le feu a pu \u00eatre ma\u00eetris\u00e9 en un temps relativement court. Leur action d\u00e9cisive a permis d\u2019\u00e9viter une propagation plus large des flammes et de limiter consid\u00e9rablement les d\u00e9g\u00e2ts mat\u00e9riels. Aucun bless\u00e9 n\u2019a \u00e9t\u00e9 signal\u00e9 \u00e0 ce stade.<\/p>\n<p><img loading=\"lazy\" decoding=\"async\" class=\"alignnone size-full wp-image-6144\" src=\"https:\/\/ledenonciateur224.com\/wp-content\/uploads\/2025\/11\/img-20251124-wa0034.jpg\" alt=\"\" width=\"768\" height=\"1024\" srcset=\"https:\/\/ledenonciateur224.com\/wp-content\/uploads\/2025\/11\/img-20251124-wa0034.jpg 768w, https:\/\/ledenonciateur224.com\/wp-content\/uploads\/2025\/11\/img-20251124-wa0034-225x300.jpg 225w, https:\/\/ledenonciateur224.com\/wp-content\/uploads\/2025\/11\/img-20251124-wa0034-150x200.jpg 150w, https:\/\/ledenonciateur224.com\/wp-content\/uploads\/2025\/11\/img-20251124-wa0034-300x400.jpg 300w, https:\/\/ledenonciateur224.com\/wp-content\/uploads\/2025\/11\/img-20251124-wa0034-696x928.jpg 696w, https:\/\/ledenonciateur224.com\/wp-content\/uploads\/2025\/11\/img-20251124-wa0034-315x420.jpg 315w\" sizes=\"auto, (max-width: 768px) 100vw, 768px\" \/><\/p>\n<p>Peu apr\u00e8s l\u2019incident, le Premier Ministre, Chef du Gouvernement, <strong>Monsieur Amadou Oury BAH<\/strong>, s\u2019est rendu sur les lieux, accompagn\u00e9 du Ministre de la S\u00e9curit\u00e9 et de la Protection Civile, le <strong>G\u00e9n\u00e9ral Bachir DIALLO<\/strong>, ainsi que plusieurs hauts cadres du d\u00e9partement. Cette visite visait \u00e0 constater l\u2019ampleur des d\u00e9g\u00e2ts, soutenir les \u00e9quipes mobilis\u00e9es et d\u00e9finir les mesures prioritaires pour s\u00e9curiser les installations.<\/p>\n<p>\u00c0 l\u2019issue de la visite, des instructions strictes ont \u00e9t\u00e9 donn\u00e9es, notamment :<\/p>\n<ul>\n<li><strong>la s\u00e9curisation imm\u00e9diate de l\u2019enceinte<\/strong>, afin d\u2019\u00e9viter toute intrusion ou aggravation des dommages ;<\/li>\n<li><strong>la protection et la mise \u00e0 l\u2019abri des archives et documents sensibles<\/strong>, consid\u00e9r\u00e9s comme prioritaires ;<\/li>\n<li><strong>l\u2019ouverture d\u2019une enqu\u00eate technique approfondie<\/strong> pour d\u00e9terminer avec pr\u00e9cision l\u2019origine de l\u2019incendie et pr\u00e9venir tout incident similaire \u00e0 l\u2019avenir.<\/li>\n<\/ul>\n<p>Le <strong>G\u00e9n\u00e9ral Bachir DIALLO<\/strong> a tenu \u00e0 saluer la proactivit\u00e9, la r\u00e9activit\u00e9 et le sens \u00e9lev\u00e9 du devoir des agents de la Protection Civile. Il a \u00e9galement rassur\u00e9 l\u2019opinion publique : toutes les dispositions n\u00e9cessaires seront prises pour renforcer les dispositifs de s\u00e9curit\u00e9 interne et \u00e9viter la r\u00e9p\u00e9tition de tels \u00e9v\u00e9nements.<\/p>\n<p>Une \u00e9valuation d\u00e9taill\u00e9e des dommages est en cours. Parall\u00e8lement, les services techniques poursuivent les travaux de s\u00e9curisation et de remise en \u00e9tat, en vue d\u2019un <strong>retour rapide \u00e0 la normale et de la reprise compl\u00e8te des activit\u00e9s du minist\u00e8re<\/strong>.<\/p>\n<p>&nbsp;<\/p>\n<p>Aboubacar Moussa Camara<\/p>\n","protected":false},"excerpt":{"rendered":"<p>Un incendie s\u2019est d\u00e9clar\u00e9 dans la soir\u00e9e de ce dimanche au Minist\u00e8re de la S\u00e9curit\u00e9 et de la Protection Civile, affectant une partie du b\u00e2timent principal qui abrite plusieurs services strat\u00e9giques du d\u00e9partement. L\u2019alarme a \u00e9t\u00e9 donn\u00e9e peu apr\u00e8s l\u2019apparition des premi\u00e8res fum\u00e9es, d\u00e9clenchant une mobilisation imm\u00e9diate des \u00e9quipes de la Protection Civile. Gr\u00e2ce \u00e0 [&hellip;]<\/p>\n","protected":false},"author":2,"featured_media":6143,"comment_status":"closed","ping_status":"closed","sticky":false,"template":"","format":"standard","meta":{"_jetpack_memberships_contains_paid_content":false,"footnotes":"","jetpack_publicize_message":"","jetpack_publicize_feature_enabled":true,"jetpack_social_post_already_shared":true,"jetpack_social_options":{"image_generator_settings":{"template":"highway","default_image_id":0,"font":"","enabled":false},"version":2}},"categories":[30,24],"tags":[172,111,94],"class_list":{"0":"post-6142","1":"post","2":"type-post","3":"status-publish","4":"format-standard","5":"has-post-thumbnail","7":"category-faits-divers","8":"category-news","9":"tag-incendie","10":"tag-protection-civile","11":"tag-securite"},"jetpack_publicize_connections":[],"jetpack_featured_media_url":"https:\/\/ledenonciateur224.com\/wp-content\/uploads\/2025\/11\/img-20251124-wa0035.jpg","jetpack_sharing_enabled":true,"_links":{"self":[{"href":"https:\/\/ledenonciateur224.com\/index.php\/wp-json\/wp\/v2\/posts\/6142","targetHints":{"allow":["GET"]}}],"collection":[{"href":"https:\/\/ledenonciateur224.com\/index.php\/wp-json\/wp\/v2\/posts"}],"about":[{"href":"https:\/\/ledenonciateur224.com\/index.php\/wp-json\/wp\/v2\/types\/post"}],"author":[{"embeddable":true,"href":"https:\/\/ledenonciateur224.com\/index.php\/wp-json\/wp\/v2\/users\/2"}],"replies":[{"embeddable":true,"href":"https:\/\/ledenonciateur224.com\/index.php\/wp-json\/wp\/v2\/comments?post=6142"}],"version-history":[{"count":0,"href":"https:\/\/ledenonciateur224.com\/index.php\/wp-json\/wp\/v2\/posts\/6142\/revisions"}],"wp:featuredmedia":[{"embeddable":true,"href":"https:\/\/ledenonciateur224.com\/index.php\/wp-json\/wp\/v2\/media\/6143"}],"wp:attachment":[{"href":"https:\/\/ledenonciateur224.com\/index.php\/wp-json\/wp\/v2\/media?parent=6142"}],"wp:term":[{"taxonomy":"category","embeddable":true,"href":"https:\/\/ledenonciateur224.com\/index.php\/wp-json\/wp\/v2\/categories?post=6142"},{"taxonomy":"post_tag","embeddable":true,"href":"https:\/\/ledenonciateur224.com\/index.php\/wp-json\/wp\/v2\/tags?post=6142"}],"curies":[{"name":"wp","href":"https:\/\/api.w.org\/{rel}","templated":true}]}}