{"id":6155,"date":"2025-11-25T09:11:03","date_gmt":"2025-11-25T09:11:03","guid":{"rendered":"https:\/\/ledenonciateur224.com\/?p=6155"},"modified":"2025-11-25T09:11:03","modified_gmt":"2025-11-25T09:11:03","slug":"presidentielle-2025-alseny-sekou-bangoura-designe-directeur-de-campagne-de-la-region-de-conakry","status":"publish","type":"post","link":"https:\/\/ledenonciateur224.com\/index.php\/presidentielle-2025-alseny-sekou-bangoura-designe-directeur-de-campagne-de-la-region-de-conakry\/","title":{"rendered":"Pr\u00e9sidentielle 2025 : Alseny S\u00e9kou Bangoura d\u00e9sign\u00e9 Directeur de campagne de la r\u00e9gion de Conakry"},"content":{"rendered":"<p>Le Directoire National de Campagne a proc\u00e9d\u00e9 \u00e0 la d\u00e9signation de M. Bangoura Alseny S\u00e9kou, Pr\u00e9sident de la Jeunesse Pr\u00e9sidentielle de Guin\u00e9e (JPG), reconnaissant ainsi son engagement constant, sa vision claire et son sens \u00e9lev\u00e9 du leadership. Cette d\u00e9cision, salu\u00e9e par de nombreux acteurs sociopolitiques, consacre le parcours remarquable d\u2019un homme dont l\u2019intelligence strat\u00e9gique et la proximit\u00e9 avec les populations ne sont plus \u00e0 d\u00e9montrer.<\/p>\n<p>Il convient de rappeler que M. Bangoura Alseny S\u00e9kou a occup\u00e9 des responsabilit\u00e9s majeures au sein de la jeunesse guin\u00e9enne.<br \/>\nIl fut successivement :<\/p>\n<p>Pr\u00e9sident du Forum National des Jeunes des Partis Politiques (FONAJEP), aujourd\u2019hui consid\u00e9r\u00e9e comme la structure politique de jeunesse la mieux organis\u00e9e et la plus influente du pays ;<\/p>\n<p>Pr\u00e9sident de la F\u00e9d\u00e9ration des Jeunes Leaders de Guin\u00e9e, organisation qui a \u0153uvr\u00e9 \u00e0 la formation, la mobilisation et la valorisation des jeunes cadres ;<\/p>\n<p>Pr\u00e9sident de la Jeunesse Pr\u00e9sidentielle de Guin\u00e9e (JPG), plateforme dynamique rassemblant des milliers de jeunes autour d\u2019une vision unitaire et patriotique ;<\/p>\n<p>Ancien Secr\u00e9taire G\u00e9n\u00e9ral du Comit\u00e9 National des Jeunes du PEDN, o\u00f9 il a \u00e9galement fait preuve d\u2019un sens \u00e9lev\u00e9 du devoir et du rassemblement.<\/p>\n<p>Au-del\u00e0 de ses titres, c\u2019est son engagement humain qui distingue M. Bangoura Alseny S\u00e9kou. Sa proximit\u00e9 avec la jeunesse, son \u00e9coute constante des pr\u00e9occupations des femmes, des sages, des leaders locaux, bref du peuple dans toute sa diversit\u00e9, font de lui une figure respect\u00e9e et appr\u00e9ci\u00e9e. Il a su, au fil des ann\u00e9es, incarner une nouvelle dynamique de leadership fond\u00e9e sur le courage, la loyaut\u00e9, l\u2019ouverture et la coh\u00e9sion nationale.<\/p>\n<p>La reconnaissance du Directoire National de Campagne s\u2019inscrit ainsi dans la continuit\u00e9 d\u2019un parcours solide et d\u2019un engagement sans faille envers la Guin\u00e9e.<br \/>\nCette d\u00e9signation confirme qu\u2019il demeure l\u2019un des jeunes leaders les plus influents et les plus strat\u00e9giques de sa g\u00e9n\u00e9ration, au service de la nation et des valeurs r\u00e9publicaines.<\/p>\n<p>&nbsp;<\/p>\n<p>Ledenonciateur224.com<\/p>\n","protected":false},"excerpt":{"rendered":"<p>Le Directoire National de Campagne a proc\u00e9d\u00e9 \u00e0 la d\u00e9signation de M. Bangoura Alseny S\u00e9kou, Pr\u00e9sident de la Jeunesse Pr\u00e9sidentielle de Guin\u00e9e (JPG), reconnaissant ainsi son engagement constant, sa vision claire et son sens \u00e9lev\u00e9 du leadership. Cette d\u00e9cision, salu\u00e9e par de nombreux acteurs sociopolitiques, consacre le parcours remarquable d\u2019un homme dont l\u2019intelligence strat\u00e9gique et [&hellip;]<\/p>\n","protected":false},"author":2,"featured_media":6156,"comment_status":"closed","ping_status":"closed","sticky":false,"template":"","format":"standard","meta":{"_jetpack_memberships_contains_paid_content":false,"footnotes":"","jetpack_publicize_message":"","jetpack_publicize_feature_enabled":true,"jetpack_social_post_already_shared":true,"jetpack_social_options":{"image_generator_settings":{"template":"highway","default_image_id":0,"font":"","enabled":false},"version":2}},"categories":[24,27],"tags":[1119,966],"class_list":{"0":"post-6155","1":"post","2":"type-post","3":"status-publish","4":"format-standard","5":"has-post-thumbnail","7":"category-news","8":"category-politique","9":"tag-campagne","10":"tag-presidentielle"},"jetpack_publicize_connections":[],"jetpack_featured_media_url":"https:\/\/ledenonciateur224.com\/wp-content\/uploads\/2025\/11\/img-20251125-wa0045.jpg","jetpack_sharing_enabled":true,"_links":{"self":[{"href":"https:\/\/ledenonciateur224.com\/index.php\/wp-json\/wp\/v2\/posts\/6155","targetHints":{"allow":["GET"]}}],"collection":[{"href":"https:\/\/ledenonciateur224.com\/index.php\/wp-json\/wp\/v2\/posts"}],"about":[{"href":"https:\/\/ledenonciateur224.com\/index.php\/wp-json\/wp\/v2\/types\/post"}],"author":[{"embeddable":true,"href":"https:\/\/ledenonciateur224.com\/index.php\/wp-json\/wp\/v2\/users\/2"}],"replies":[{"embeddable":true,"href":"https:\/\/ledenonciateur224.com\/index.php\/wp-json\/wp\/v2\/comments?post=6155"}],"version-history":[{"count":0,"href":"https:\/\/ledenonciateur224.com\/index.php\/wp-json\/wp\/v2\/posts\/6155\/revisions"}],"wp:featuredmedia":[{"embeddable":true,"href":"https:\/\/ledenonciateur224.com\/index.php\/wp-json\/wp\/v2\/media\/6156"}],"wp:attachment":[{"href":"https:\/\/ledenonciateur224.com\/index.php\/wp-json\/wp\/v2\/media?parent=6155"}],"wp:term":[{"taxonomy":"category","embeddable":true,"href":"https:\/\/ledenonciateur224.com\/index.php\/wp-json\/wp\/v2\/categories?post=6155"},{"taxonomy":"post_tag","embeddable":true,"href":"https:\/\/ledenonciateur224.com\/index.php\/wp-json\/wp\/v2\/tags?post=6155"}],"curies":[{"name":"wp","href":"https:\/\/api.w.org\/{rel}","templated":true}]}}