{"id":6171,"date":"2025-11-26T14:53:37","date_gmt":"2025-11-26T14:53:37","guid":{"rendered":"https:\/\/ledenonciateur224.com\/?p=6171"},"modified":"2025-11-26T14:53:37","modified_gmt":"2025-11-26T14:53:37","slug":"manoeuvres-dilatoires-ou-simple-jeu-de-positionnement-lepg-repond-aux-critiques-de-lafp","status":"publish","type":"post","link":"https:\/\/ledenonciateur224.com\/index.php\/manoeuvres-dilatoires-ou-simple-jeu-de-positionnement-lepg-repond-aux-critiques-de-lafp\/","title":{"rendered":"\u00ab Man\u0153uvres dilatoires ou simple jeu de positionnement ? L&rsquo;EPG r\u00e9pond aux critiques de l\u2019AFP \u00bb"},"content":{"rendered":"<h1>Le d\u00e9bat politique autour du choix du directoire de campagne du candidat Mamadi Doumbouya continue d&rsquo;animer la sc\u00e8ne politique guin\u00e9enne. Alors qu\u2019Aboubacar Soumah, coordinateur de l\u2019Alliance des Forces Patriotiques (AFP), estime que les prises de d\u00e9cision devraient s&rsquo;appuyer sur les entit\u00e9s politiques d\u00e9j\u00e0 existantes, sa sortie n\u2019a pas tard\u00e9 \u00e0 faire r\u00e9agir.<\/h1>\n<p>Cette semaine, \u00e0 Conakry, Soumah a exprim\u00e9 ses r\u00e9serves concernant la m\u00e9thode utilis\u00e9e pour la mise en place du directoire de campagne. Une position qui a rapidement suscit\u00e9 la r\u00e9plique d\u2019Ousmane Dady Camara, coordinateur g\u00e9n\u00e9ral du Forum Ensemble pour la Guin\u00e9e (EPG), l\u2019un des mouvements de soutien \u00e0 la candidature du g\u00e9n\u00e9ral Mamadi Doumbouya.<\/p>\n<p>Dans une interview accord\u00e9e \u00e0 la presse, Dady Camara a fermement d\u00e9nonc\u00e9 les propos de l\u2019AFP :<br \/>\n<strong>\u00ab Je trouve simplement que c&rsquo;est des man\u0153uvres dilatoires. Vous savez, il y a certaines personnes qui avaient l&rsquo;habitude de faire la politique de fa\u00e7on diff\u00e9rente, de sorte \u00e0 se faire une place au frais. Et avec le CNRD, la refondation impacte les diff\u00e9rents secteurs, tout le monde, y compris nous les politiques. \u00bb<\/strong><\/p>\n<p>Il rappelle que le directoire a engag\u00e9 un large processus de consultation :<br \/>\n<strong>\u00ab Le directoire a pris contact avec tous les partis politiques, les coalitions des partis politiques et les mouvements, y compris leur coalition. (\u2026) Ils sont en train de travailler. Et de passage d&rsquo;ailleurs, je les f\u00e9licite pour le travail abattu en si peu de temps. \u00bb<\/strong><\/p>\n<p>Pour lui, les critiques de l\u2019AFP ne seraient que l\u2019expression d\u2019anciennes habitudes politiques persistantes :<br \/>\n<strong>\u00ab Donc, c&rsquo;est des habitudes qui ont un peu la peau dure, qui refont surface. (\u2026) Sinon, tout le monde a \u00e9t\u00e9 invit\u00e9, tout le monde a \u00e9t\u00e9 consult\u00e9 pour la mise en place du directoire. \u00bb<\/strong><\/p>\n<p><strong>\u00ab Une coquille vide \u00bb : Dady Camara charge l\u2019AFP<\/strong><\/p>\n<p>Interrog\u00e9 sur l&rsquo;\u00e9ventuel malaise que ressentirait l\u2019AFP, Ousmane Dady Camara se montre encore plus direct :<br \/>\n<strong>\u00ab Cette coalition d\u00e9j\u00e0, c&rsquo;est une coquille vide. C&rsquo;est \u00e7a la v\u00e9rit\u00e9. Si vous comptez, il n&rsquo;y a pas plus de six partis politiques l\u00e9galement constitu\u00e9s au sein de cette coalition. Ils ne peuvent pas parler au nom de tous les partis politiques. \u00bb<\/strong><\/p>\n<p>Il estime que l\u2019AFP ferait mieux de rejoindre la dynamique collective plut\u00f4t que de s\u2019isoler :<br \/>\n<strong>\u00ab Ils ont plut\u00f4t int\u00e9r\u00eat \u00e0 se mettre derri\u00e8re le directoire pour la victoire \u00e9crasante de notre candidat, au lieu de faire le cavalier seul ou de s&rsquo;attaquer aux gens. \u00bb<\/strong><\/p>\n<h2><strong>Une sortie jug\u00e9e \u00ab non-\u00e9v\u00e9nement \u00bb<\/strong><\/h2>\n<p>Pour le coordinateur de l\u2019EPG, la sortie de l\u2019AFP n\u2019a aucune port\u00e9e politique r\u00e9elle :<br \/>\n<strong>\u00ab C&rsquo;est un non-\u00e9v\u00e9nement, c&rsquo;est m\u00eame plut\u00f4t eux qui sont dans un autre projet de soutien d&rsquo;une autre personne. Mais ce n&rsquo;est pas le directoire. \u00bb<\/strong><\/p>\n<p>Il insiste sur la volont\u00e9 du directoire d\u2019impliquer toutes les forces politiques dans la strat\u00e9gie de campagne :<br \/>\n<strong>\u00ab Le directoire veut que les actions futuristes soient les plus inclusives. C&rsquo;est ce que le candidat Mamadi Doumbouya a demand\u00e9. \u00bb<\/strong><\/p>\n<p>En ce qui concerne son propre mouvement, l\u2019EPG, il se montre clair :<br \/>\n<strong>\u00ab Nous sommes \u00e0 la disposition du directoire et nous comptons travailler avec le directoire pour la victoire de notre candidat. \u00bb<\/strong><\/p>\n<p>\u00c9voquant les d\u00e9cisions annonc\u00e9es par le directoire, Dady Camara f\u00e9licite particuli\u00e8rement l\u2019un des cadres r\u00e9cemment nomm\u00e9s :<br \/>\n<strong>\u00ab Je profite de votre micro pour f\u00e9liciter le pr\u00e9sident de la jeunesse pr\u00e9sidentielle, monsieur Alseny Bangoura, qui a \u00e9t\u00e9 choisi comme directeur de campagne de la ville de Conakry. (\u2026) Nous le f\u00e9licitons et nous l&rsquo;encourageons pour qu&rsquo;il puisse r\u00e9ussir son travail. \u00bb<\/strong><\/p>\n<p>En conclusion, Dady Camara lance un message clair \u00e0 l\u2019endroit de l\u2019AFP :<br \/>\n<strong>\u00ab Ils ont int\u00e9r\u00eat \u00e0 revenir pour qu&rsquo;ensemble nous puissions avancer et mener le combat pour le candidat Mamadi Doumbouya et pour la r\u00e9ussite de ses \u00e9lections. \u00bb<\/strong><\/p>\n<p>&nbsp;<\/p>\n<p>Ledenonciateur224.com<\/p>\n","protected":false},"excerpt":{"rendered":"<p>Le d\u00e9bat politique autour du choix du directoire de campagne du candidat Mamadi Doumbouya continue d&rsquo;animer la sc\u00e8ne politique guin\u00e9enne. Alors qu\u2019Aboubacar Soumah, coordinateur de l\u2019Alliance des Forces Patriotiques (AFP), estime que les prises de d\u00e9cision devraient s&rsquo;appuyer sur les entit\u00e9s politiques d\u00e9j\u00e0 existantes, sa sortie n\u2019a pas tard\u00e9 \u00e0 faire r\u00e9agir. Cette semaine, \u00e0 [&hellip;]<\/p>\n","protected":false},"author":2,"featured_media":6172,"comment_status":"closed","ping_status":"closed","sticky":false,"template":"","format":"standard","meta":{"_jetpack_memberships_contains_paid_content":false,"footnotes":"","jetpack_publicize_message":"","jetpack_publicize_feature_enabled":true,"jetpack_social_post_already_shared":true,"jetpack_social_options":{"image_generator_settings":{"template":"highway","default_image_id":0,"font":"","enabled":false},"version":2}},"categories":[31,24,27],"tags":[1248,1336],"class_list":{"0":"post-6171","1":"post","2":"type-post","3":"status-publish","4":"format-standard","5":"has-post-thumbnail","7":"category-interview","8":"category-news","9":"category-politique","10":"tag-dady-camara","11":"tag-directoire"},"jetpack_publicize_connections":[],"jetpack_featured_media_url":"https:\/\/ledenonciateur224.com\/wp-content\/uploads\/2025\/11\/img-20251126-wa0023.jpg","jetpack_sharing_enabled":true,"_links":{"self":[{"href":"https:\/\/ledenonciateur224.com\/index.php\/wp-json\/wp\/v2\/posts\/6171","targetHints":{"allow":["GET"]}}],"collection":[{"href":"https:\/\/ledenonciateur224.com\/index.php\/wp-json\/wp\/v2\/posts"}],"about":[{"href":"https:\/\/ledenonciateur224.com\/index.php\/wp-json\/wp\/v2\/types\/post"}],"author":[{"embeddable":true,"href":"https:\/\/ledenonciateur224.com\/index.php\/wp-json\/wp\/v2\/users\/2"}],"replies":[{"embeddable":true,"href":"https:\/\/ledenonciateur224.com\/index.php\/wp-json\/wp\/v2\/comments?post=6171"}],"version-history":[{"count":0,"href":"https:\/\/ledenonciateur224.com\/index.php\/wp-json\/wp\/v2\/posts\/6171\/revisions"}],"wp:featuredmedia":[{"embeddable":true,"href":"https:\/\/ledenonciateur224.com\/index.php\/wp-json\/wp\/v2\/media\/6172"}],"wp:attachment":[{"href":"https:\/\/ledenonciateur224.com\/index.php\/wp-json\/wp\/v2\/media?parent=6171"}],"wp:term":[{"taxonomy":"category","embeddable":true,"href":"https:\/\/ledenonciateur224.com\/index.php\/wp-json\/wp\/v2\/categories?post=6171"},{"taxonomy":"post_tag","embeddable":true,"href":"https:\/\/ledenonciateur224.com\/index.php\/wp-json\/wp\/v2\/tags?post=6171"}],"curies":[{"name":"wp","href":"https:\/\/api.w.org\/{rel}","templated":true}]}}