{"id":6174,"date":"2025-11-26T15:53:15","date_gmt":"2025-11-26T15:53:15","guid":{"rendered":"https:\/\/ledenonciateur224.com\/?p=6174"},"modified":"2025-11-26T15:53:15","modified_gmt":"2025-11-26T15:53:15","slug":"umaro-sissoco-embalo-renverse-la-guinee-bissau-bascule-dans-lincertitude","status":"publish","type":"post","link":"https:\/\/ledenonciateur224.com\/index.php\/umaro-sissoco-embalo-renverse-la-guinee-bissau-bascule-dans-lincertitude\/","title":{"rendered":"Umaro Sissoco Embal\u00f3 renvers\u00e9 : la Guin\u00e9e-Bissau bascule dans l\u2019incertitude"},"content":{"rendered":"<p>Le sort de la pr\u00e9sidentielle du 23 novembre 2025 a tourn\u00e9 \u00e0 la crise ouverte ce mercredi 26 novembre. Le pr\u00e9sident bissau-guin\u00e9en, Umaro Sissoco Embal\u00f3, a \u00e9t\u00e9 arr\u00eat\u00e9 \u00e0 son bureau du palais pr\u00e9sidentiel, \u00e0 la mi-journ\u00e9e, \u00e0 la suite d\u2019un putsch men\u00e9 par une faction de l\u2019arm\u00e9e.<\/p>\n<h2>Arrestation muscl\u00e9e et coup d\u2019\u00c9tat militaire confirm\u00e9<\/h2>\n<p>Selon plusieurs m\u00e9dias \u2014 dont Jeune Afrique et The Africa Report \u2014 Embal\u00f3 a \u00e9t\u00e9 interpell\u00e9 vers 13h (heure locale) ce 26 novembre, \u00ab en plein exercice de ses fonctions \u00bb au palais pr\u00e9sidentiel.<br \/>\nAvec lui, ont \u00e9t\u00e9 arr\u00eat\u00e9s des figures cl\u00e9s de la s\u00e9curit\u00e9 et de l\u2019arm\u00e9e : le chef d\u2019\u00e9tat-major g\u00e9n\u00e9ral des arm\u00e9es, Biagu\u00ea Na Ntan, son adjoint Mamadou Tour\u00e9, ainsi que le ministre de l\u2019Int\u00e9rieur, Botch\u00e9 Cand\u00e9.<br \/>\nDes tirs ont \u00e9t\u00e9 signal\u00e9s aux abords du palais pr\u00e9sidentiel, au niveau des locaux de la commission \u00e9lectorale et du minist\u00e8re de l\u2019Int\u00e9rieur, plongeant la capitale dans la panique.<\/p>\n<h2>Un contexte \u00e9lectoral explosif<\/h2>\n<p>L\u2019arrestation d\u2019Embal\u00f3 intervient quelques jours seulement apr\u00e8s la pr\u00e9sidentielle du 23 novembre, un scrutin d\u00e9j\u00e0 fortement contest\u00e9. Les deux principaux camps \u2014 celui du sortant Embal\u00f3 et celui de l\u2019opposant Fernando Dias da Costa \u2014 se sont chacun proclam\u00e9s vainqueurs, avant toute publication officielle des r\u00e9sultats.<br \/>\nEmbal\u00f3 avait d\u00e9clar\u00e9 avoir remport\u00e9 l\u2019\u00e9lection avec 65 % des voix, sur la base de son propre d\u00e9compte \u2014 affirmation jug\u00e9e ill\u00e9gitime par une partie de l\u2019opposition.<\/p>\n<p>Cette incertitude \u2014 et l\u2019absence de r\u00e9sultats valid\u00e9s \u2014 ont raviv\u00e9 les craintes dans un pays d\u00e9j\u00e0 habitu\u00e9 aux coups d\u2019\u00c9tat, aggravant un climat de m\u00e9fiance vis-\u00e0-vis des institutions.<\/p>\n<h2>Les mutins prennent le pouvoir \u2014 et le pays retient son souffle<\/h2>\n<p>Ce 26 novembre, des officiers sup\u00e9rieurs ont annonc\u00e9 avoir pris le contr\u00f4le du pays \u00ab jusqu\u2019\u00e0 nouvel ordre \u00bb.<br \/>\nPour le moment, aucune autorit\u00e9 publique n\u2019a confirm\u00e9 l\u2019identit\u00e9 du chef de la junte ni donn\u00e9 de feuille de route politique. Les institutions officielles sont dans le silence, et les forces mutines gardent le monopole de l\u2019information.<\/p>\n<p>La population et la communaut\u00e9 internationale attendent des clarifications, tandis que le pays semble s\u2019engager dans un nouveau cycle d\u2019incertitude.<\/p>\n<h2>Un tournant dangereux pour la stabilit\u00e9 r\u00e9gionale<\/h2>\n<p>La Guin\u00e9e-Bissau, affaiblie par des d\u00e9cennies d\u2019instabilit\u00e9, entre \u00e0 nouveau dans une \u00e8re de turbulences. Un tel coup d\u2019\u00c9tat \u2014 au lendemain d\u2019un scrutin d\u00e9j\u00e0 contest\u00e9 \u2014 pourrait fragiliser davantage les institutions d\u00e9mocratiques, engendrer des tensions internes et susciter des r\u00e9actions \u00e0 l\u2019\u00e9chelle r\u00e9gionale.<\/p>\n<p>Ce renversement soudain soul\u00e8ve de nombreuses questions : qui dirigera d\u00e9sormais le pays ? Quel sort pour l\u2019\u00e9lection r\u00e9cemment tenue ? Quelles cons\u00e9quences pour la paix sociale et la coop\u00e9ration avec les partenaires \u00e9trangers ? Pour l\u2019heure, aucune r\u00e9ponse n\u2019a \u00e9t\u00e9 apport\u00e9e.<\/p>\n<p>&nbsp;<\/p>\n<p>Ledenonciateur224.com<\/p>\n","protected":false},"excerpt":{"rendered":"<p>Le sort de la pr\u00e9sidentielle du 23 novembre 2025 a tourn\u00e9 \u00e0 la crise ouverte ce mercredi 26 novembre. Le pr\u00e9sident bissau-guin\u00e9en, Umaro Sissoco Embal\u00f3, a \u00e9t\u00e9 arr\u00eat\u00e9 \u00e0 son bureau du palais pr\u00e9sidentiel, \u00e0 la mi-journ\u00e9e, \u00e0 la suite d\u2019un putsch men\u00e9 par une faction de l\u2019arm\u00e9e. Arrestation muscl\u00e9e et coup d\u2019\u00c9tat militaire confirm\u00e9 [&hellip;]<\/p>\n","protected":false},"author":2,"featured_media":6175,"comment_status":"closed","ping_status":"closed","sticky":false,"template":"","format":"standard","meta":{"_jetpack_memberships_contains_paid_content":false,"footnotes":"","jetpack_publicize_message":"","jetpack_publicize_feature_enabled":true,"jetpack_social_post_already_shared":true,"jetpack_social_options":{"image_generator_settings":{"template":"highway","default_image_id":0,"font":"","enabled":false},"version":2}},"categories":[38,24,27],"tags":[1338,1337],"class_list":{"0":"post-6174","1":"post","2":"type-post","3":"status-publish","4":"format-standard","5":"has-post-thumbnail","7":"category-international","8":"category-news","9":"category-politique","10":"tag-bissau-guineen","11":"tag-coup-detat"},"jetpack_publicize_connections":[],"jetpack_featured_media_url":"https:\/\/ledenonciateur224.com\/wp-content\/uploads\/2025\/11\/img-20251126-wa0032.jpg","jetpack_sharing_enabled":true,"_links":{"self":[{"href":"https:\/\/ledenonciateur224.com\/index.php\/wp-json\/wp\/v2\/posts\/6174","targetHints":{"allow":["GET"]}}],"collection":[{"href":"https:\/\/ledenonciateur224.com\/index.php\/wp-json\/wp\/v2\/posts"}],"about":[{"href":"https:\/\/ledenonciateur224.com\/index.php\/wp-json\/wp\/v2\/types\/post"}],"author":[{"embeddable":true,"href":"https:\/\/ledenonciateur224.com\/index.php\/wp-json\/wp\/v2\/users\/2"}],"replies":[{"embeddable":true,"href":"https:\/\/ledenonciateur224.com\/index.php\/wp-json\/wp\/v2\/comments?post=6174"}],"version-history":[{"count":0,"href":"https:\/\/ledenonciateur224.com\/index.php\/wp-json\/wp\/v2\/posts\/6174\/revisions"}],"wp:featuredmedia":[{"embeddable":true,"href":"https:\/\/ledenonciateur224.com\/index.php\/wp-json\/wp\/v2\/media\/6175"}],"wp:attachment":[{"href":"https:\/\/ledenonciateur224.com\/index.php\/wp-json\/wp\/v2\/media?parent=6174"}],"wp:term":[{"taxonomy":"category","embeddable":true,"href":"https:\/\/ledenonciateur224.com\/index.php\/wp-json\/wp\/v2\/categories?post=6174"},{"taxonomy":"post_tag","embeddable":true,"href":"https:\/\/ledenonciateur224.com\/index.php\/wp-json\/wp\/v2\/tags?post=6174"}],"curies":[{"name":"wp","href":"https:\/\/api.w.org\/{rel}","templated":true}]}}