{"id":6177,"date":"2025-11-26T20:07:53","date_gmt":"2025-11-26T20:07:53","guid":{"rendered":"https:\/\/ledenonciateur224.com\/?p=6177"},"modified":"2025-11-26T20:07:53","modified_gmt":"2025-11-26T20:07:53","slug":"guinee-le-gouvernement-accelere-la-marche-vers-lacces-universel-a-lelectricite","status":"publish","type":"post","link":"https:\/\/ledenonciateur224.com\/index.php\/guinee-le-gouvernement-accelere-la-marche-vers-lacces-universel-a-lelectricite\/","title":{"rendered":"Guin\u00e9e : Le gouvernement acc\u00e9l\u00e8re la marche vers l\u2019acc\u00e8s universel \u00e0 l\u2019\u00e9lectricit\u00e9"},"content":{"rendered":"<p>Seuls <strong>53 % des Guin\u00e9ens<\/strong>\u00a0disposent aujourd\u2019hui d\u2019un acc\u00e8s \u00e0 l\u2019\u00e9lectricit\u00e9, le gouvernement multiplie les initiatives pour combler ce retard \u00e9nerg\u00e9tique qui freine encore la transformation \u00e9conomique du pays.<\/p>\n<p>Ce mercredi 26 novembre 2025, dans un r\u00e9ceptif h\u00f4telier \u00e0 Kaloum, le minist\u00e8re de l\u2019\u00c9nergie, le PNUD et l\u2019Agence Guin\u00e9enne pour l\u2019\u00c9lectrification Rurale (AGER) ont pr\u00e9sent\u00e9 aux membres du gouvernement, aux diplomates et aux acteurs du secteur les derni\u00e8res avanc\u00e9es du\u00a0<strong>Pacte national de l\u2019\u00e9nergie EM300<\/strong>.<\/p>\n<p><img loading=\"lazy\" decoding=\"async\" class=\"alignnone size-full wp-image-6178\" src=\"https:\/\/ledenonciateur224.com\/wp-content\/uploads\/2025\/11\/fb-img-1764187117309.jpg\" alt=\"\" width=\"2048\" height=\"1366\" srcset=\"https:\/\/ledenonciateur224.com\/wp-content\/uploads\/2025\/11\/fb-img-1764187117309.jpg 2048w, https:\/\/ledenonciateur224.com\/wp-content\/uploads\/2025\/11\/fb-img-1764187117309-300x200.jpg 300w, https:\/\/ledenonciateur224.com\/wp-content\/uploads\/2025\/11\/fb-img-1764187117309-1024x683.jpg 1024w, https:\/\/ledenonciateur224.com\/wp-content\/uploads\/2025\/11\/fb-img-1764187117309-768x512.jpg 768w, https:\/\/ledenonciateur224.com\/wp-content\/uploads\/2025\/11\/fb-img-1764187117309-1536x1025.jpg 1536w, https:\/\/ledenonciateur224.com\/wp-content\/uploads\/2025\/11\/fb-img-1764187117309-150x100.jpg 150w, https:\/\/ledenonciateur224.com\/wp-content\/uploads\/2025\/11\/fb-img-1764187117309-696x464.jpg 696w, https:\/\/ledenonciateur224.com\/wp-content\/uploads\/2025\/11\/fb-img-1764187117309-1068x712.jpg 1068w, https:\/\/ledenonciateur224.com\/wp-content\/uploads\/2025\/11\/fb-img-1764187117309-1920x1281.jpg 1920w, https:\/\/ledenonciateur224.com\/wp-content\/uploads\/2025\/11\/fb-img-1764187117309-630x420.jpg 630w\" sizes=\"auto, (max-width: 2048px) 100vw, 2048px\" \/><\/p>\n<p>Ce programme ambitieux vise\u00a0<strong>100 % d\u2019acc\u00e8s \u00e0 l\u2019\u00e9lectricit\u00e9<\/strong>\u00a0et\u00a0<strong>70 % d\u2019\u00e9nergies renouvelables d\u2019ici 2030<\/strong>, pour un investissement global estim\u00e9 \u00e0\u00a0<strong>pr\u00e8s de 9 milliards de dollars<\/strong>.<\/p>\n<p><strong>Des r\u00e9alisations concr\u00e8tes sur le terrain<\/strong><\/p>\n<p>Dans le cadre de cette strat\u00e9gie nationale, des projets phares ont d\u00e9j\u00e0 vu le jour \u00e0\u00a0<strong>Thianguelbori, Kalinko et Siguirini<\/strong>, trois localit\u00e9s devenues des vitrines du potentiel \u00e9nerg\u00e9tique guin\u00e9en gr\u00e2ce aux mini-r\u00e9seaux solaires.<\/p>\n<p>Le\u00a0<strong>Plan national d\u2019\u00e9lectrification rurale Horizon 2040<\/strong>\u00a0ambitionne d\u2019\u00e9lectrifier\u00a0<strong>15 000 des 26 000 localit\u00e9s<\/strong>\u00a0recens\u00e9es, afin de combler l\u2019importante fracture \u00e9nerg\u00e9tique entre zones urbaines et rurales.<\/p>\n<p>Cette rencontre de Kaloum a \u00e9galement rappel\u00e9 un principe essentiel :\u00a0<strong>l\u2019\u00e9nergie est un catalyseur de d\u00e9veloppement local<\/strong>, comme l\u2019a soulign\u00e9 Guineematin.com, pr\u00e9sent lors de l\u2019\u00e9v\u00e9nement.<\/p>\n<h2><strong>Namory Camara : \u00ab L\u2019\u00e9nergie est un pilier fondamental pour l\u2019acc\u00e8s universel \u00bb<\/strong><\/h2>\n<p><img loading=\"lazy\" decoding=\"async\" class=\"alignnone size-full wp-image-6179\" src=\"https:\/\/ledenonciateur224.com\/wp-content\/uploads\/2025\/11\/fb-img-1764187239210.jpg\" alt=\"\" width=\"1080\" height=\"720\" srcset=\"https:\/\/ledenonciateur224.com\/wp-content\/uploads\/2025\/11\/fb-img-1764187239210.jpg 1080w, https:\/\/ledenonciateur224.com\/wp-content\/uploads\/2025\/11\/fb-img-1764187239210-300x200.jpg 300w, https:\/\/ledenonciateur224.com\/wp-content\/uploads\/2025\/11\/fb-img-1764187239210-1024x683.jpg 1024w, https:\/\/ledenonciateur224.com\/wp-content\/uploads\/2025\/11\/fb-img-1764187239210-768x512.jpg 768w, https:\/\/ledenonciateur224.com\/wp-content\/uploads\/2025\/11\/fb-img-1764187239210-150x100.jpg 150w, https:\/\/ledenonciateur224.com\/wp-content\/uploads\/2025\/11\/fb-img-1764187239210-696x464.jpg 696w, https:\/\/ledenonciateur224.com\/wp-content\/uploads\/2025\/11\/fb-img-1764187239210-1068x712.jpg 1068w, https:\/\/ledenonciateur224.com\/wp-content\/uploads\/2025\/11\/fb-img-1764187239210-630x420.jpg 630w\" sizes=\"auto, (max-width: 1080px) 100vw, 1080px\" \/><\/p>\n<p>Le ministre de l\u2019\u00c9nergie, Namory Camara, a mis en avant l\u2019impact d\u00e9j\u00e0 visible des projets d\u2019\u00e9lectrification rurale sur les populations, notamment sur l\u2019autonomisation des femmes et des jeunes entrepreneurs.<\/p>\n<p>Il a rappel\u00e9 que ces installations ne sont pas de simples infrastructures techniques, mais des leviers de transformation profonde :<br \/>\n<strong>\u00ab Nous inscrivons notre action dans une vision structurante o\u00f9 l\u2019\u00e9nergie est un pilier fondamental pour l\u2019acc\u00e8s universel. (\u2026) \u00c0 Tchanguelbori (\u2026) une centrale solaire de 152 kw (\u2026) \u00e9claire d\u00e9sormais plus de 34 000 habitants. Cette lumi\u00e8re renforce l\u2019\u00e9ducation, les centres de sant\u00e9, le commerce et ouvre des perspectives \u00e0 la jeunesse. \u00bb<\/strong><\/p>\n<p><img loading=\"lazy\" decoding=\"async\" class=\"alignnone size-full wp-image-6180\" src=\"https:\/\/ledenonciateur224.com\/wp-content\/uploads\/2025\/11\/fb-img-1764187229517.jpg\" alt=\"\" width=\"720\" height=\"1080\" srcset=\"https:\/\/ledenonciateur224.com\/wp-content\/uploads\/2025\/11\/fb-img-1764187229517.jpg 720w, https:\/\/ledenonciateur224.com\/wp-content\/uploads\/2025\/11\/fb-img-1764187229517-200x300.jpg 200w, https:\/\/ledenonciateur224.com\/wp-content\/uploads\/2025\/11\/fb-img-1764187229517-683x1024.jpg 683w, https:\/\/ledenonciateur224.com\/wp-content\/uploads\/2025\/11\/fb-img-1764187229517-150x225.jpg 150w, https:\/\/ledenonciateur224.com\/wp-content\/uploads\/2025\/11\/fb-img-1764187229517-300x450.jpg 300w, https:\/\/ledenonciateur224.com\/wp-content\/uploads\/2025\/11\/fb-img-1764187229517-696x1044.jpg 696w, https:\/\/ledenonciateur224.com\/wp-content\/uploads\/2025\/11\/fb-img-1764187229517-280x420.jpg 280w\" sizes=\"auto, (max-width: 720px) 100vw, 720px\" \/><\/p>\n<p>Le ministre a \u00e9galement d\u00e9taill\u00e9 les avanc\u00e9es de Kalinko et Siguirini, o\u00f9 les mini-centrales solaires soutiennent commerces, services locaux et activit\u00e9s g\u00e9n\u00e9ratrices de revenus, contribuant \u00e0\u00a0<strong>r\u00e9duire l\u2019exode rural<\/strong>\u00a0et \u00e0 renforcer la coh\u00e9sion sociale.<\/p>\n<h2><strong>Le PNUD r\u00e9affirme son engagement : \u00ab L\u2019\u00e9nergie est un transformateur du d\u00e9veloppement socio-\u00e9conomique \u00bb<\/strong><\/h2>\n<p>Alhassane Ba, Repr\u00e9sentant R\u00e9sident Adjoint du PNUD, a rappel\u00e9 le r\u00f4le strat\u00e9gique de l\u2019institution dans la conception, le financement et l\u2019accompagnement technique du programme national d\u2019\u00e9lectrification rurale.<\/p>\n<p>Il insiste sur les effets imm\u00e9diats observ\u00e9s dans les localit\u00e9s r\u00e9cemment \u00e9lectrifi\u00e9es :<br \/>\n<strong>\u00ab La centrale solaire inaugur\u00e9e samedi dernier a transform\u00e9 les conditions de vie des 34 000 habitants : naissance de nouveaux ateliers, conservation des boissons et produits halieutiques, am\u00e9lioration de l\u2019\u00e9ducation. \u00bb<\/strong><\/p>\n<p>Le PNUD a \u00e9galement amorc\u00e9 un\u00a0<strong>profilage des 375 communes du pays<\/strong>\u00a0pour identifier les zones prioritaires et les opportunit\u00e9s \u00e9conomiques, toujours avec la conviction que\u00a0<strong>l\u2019\u00e9nergie est indispensable \u00e0 toute activit\u00e9 productive<\/strong>.<\/p>\n<p><img loading=\"lazy\" decoding=\"async\" class=\"alignnone size-full wp-image-6181\" src=\"https:\/\/ledenonciateur224.com\/wp-content\/uploads\/2025\/11\/fb-img-1764187083853.jpg\" alt=\"\" width=\"2048\" height=\"1366\" srcset=\"https:\/\/ledenonciateur224.com\/wp-content\/uploads\/2025\/11\/fb-img-1764187083853.jpg 2048w, https:\/\/ledenonciateur224.com\/wp-content\/uploads\/2025\/11\/fb-img-1764187083853-300x200.jpg 300w, https:\/\/ledenonciateur224.com\/wp-content\/uploads\/2025\/11\/fb-img-1764187083853-1024x683.jpg 1024w, https:\/\/ledenonciateur224.com\/wp-content\/uploads\/2025\/11\/fb-img-1764187083853-768x512.jpg 768w, https:\/\/ledenonciateur224.com\/wp-content\/uploads\/2025\/11\/fb-img-1764187083853-1536x1025.jpg 1536w, https:\/\/ledenonciateur224.com\/wp-content\/uploads\/2025\/11\/fb-img-1764187083853-150x100.jpg 150w, https:\/\/ledenonciateur224.com\/wp-content\/uploads\/2025\/11\/fb-img-1764187083853-696x464.jpg 696w, https:\/\/ledenonciateur224.com\/wp-content\/uploads\/2025\/11\/fb-img-1764187083853-1068x712.jpg 1068w, https:\/\/ledenonciateur224.com\/wp-content\/uploads\/2025\/11\/fb-img-1764187083853-1920x1281.jpg 1920w, https:\/\/ledenonciateur224.com\/wp-content\/uploads\/2025\/11\/fb-img-1764187083853-630x420.jpg 630w\" sizes=\"auto, (max-width: 2048px) 100vw, 2048px\" \/><\/p>\n<p>M. Ba assure que le PNUD poursuivra son appui via la formation, la modernisation des outils, la collecte de donn\u00e9es et la mobilisation de financements climatiques, notamment dans le cadre du\u00a0<strong>Pacte M300<\/strong>.<\/p>\n<p><strong>Une fracture \u00e9nerg\u00e9tique encore profonde<\/strong><\/p>\n<p>Malgr\u00e9 ces avanc\u00e9es, le directeur de l\u2019AGER, Moussa Cond\u00e9, alerte sur les disparit\u00e9s persistantes :<\/p>\n<ul>\n<li><strong>91 %<\/strong>\u00a0d\u2019acc\u00e8s en zone urbaine<\/li>\n<li><strong>23 %<\/strong>\u00a0en zone rurale<\/li>\n<li>alors que\u00a0<strong>60 %<\/strong>\u00a0de la population vivent dans ces zones.<\/li>\n<li><img loading=\"lazy\" decoding=\"async\" class=\"alignnone size-full wp-image-6182\" src=\"https:\/\/ledenonciateur224.com\/wp-content\/uploads\/2025\/11\/moussa-conde-directeur-de-lagence-guineenne-pour-lelectrification-rurale-768x486-1.jpg\" alt=\"\" width=\"768\" height=\"486\" srcset=\"https:\/\/ledenonciateur224.com\/wp-content\/uploads\/2025\/11\/moussa-conde-directeur-de-lagence-guineenne-pour-lelectrification-rurale-768x486-1.jpg 768w, https:\/\/ledenonciateur224.com\/wp-content\/uploads\/2025\/11\/moussa-conde-directeur-de-lagence-guineenne-pour-lelectrification-rurale-768x486-1-300x190.jpg 300w, https:\/\/ledenonciateur224.com\/wp-content\/uploads\/2025\/11\/moussa-conde-directeur-de-lagence-guineenne-pour-lelectrification-rurale-768x486-1-150x95.jpg 150w, https:\/\/ledenonciateur224.com\/wp-content\/uploads\/2025\/11\/moussa-conde-directeur-de-lagence-guineenne-pour-lelectrification-rurale-768x486-1-696x440.jpg 696w, https:\/\/ledenonciateur224.com\/wp-content\/uploads\/2025\/11\/moussa-conde-directeur-de-lagence-guineenne-pour-lelectrification-rurale-768x486-1-664x420.jpg 664w\" sizes=\"auto, (max-width: 768px) 100vw, 768px\" \/><\/li>\n<\/ul>\n<p>Il rappelle avec force que l\u2019\u00e9lectricit\u00e9 est \u00ab une infrastructure de souverainet\u00e9 \u00bb et un marqueur de justice territoriale :<br \/>\n<strong>\u00ab Nous parlons de dignit\u00e9, d\u2019inclusion et de justice territoriale. (\u2026) L\u00e0 o\u00f9 arrive l\u2019\u00e9lectricit\u00e9, l\u2019agriculture se modernise, les ateliers se d\u00e9veloppent, les femmes cr\u00e9ent des unit\u00e9s de transformation, les jeunes lancent des activit\u00e9s num\u00e9riques. \u00bb<\/strong><\/p>\n<p>La Guin\u00e9e, dot\u00e9e d\u2019un potentiel de\u00a0<strong>plus de 6 000 MW hydro\u00e9lectriques<\/strong>, d\u2019une forte irradiation solaire et de ressources en biomasse, reste encore\u00a0<strong>loin de son potentiel r\u00e9el<\/strong>.<\/p>\n<p>Le PNER Horizon 2040 se veut donc un tournant d\u00e9cisif, misant sur des solutions techniques adapt\u00e9es : mini-centrales solaires, syst\u00e8mes hybrides, extensions de r\u00e9seau, micro-hydro, etc.<\/p>\n<p>Entre vision strat\u00e9gique, financements massifs, innovations techniques et partenariats multisectoriels, la Guin\u00e9e veut d\u00e9sormais faire de l\u2019\u00e9lectricit\u00e9 un\u00a0<strong>droit accessible \u00e0 tous<\/strong>\u00a0et un moteur de croissance.<\/p>\n<p>Le d\u00e9fi est immense, mais les premi\u00e8res r\u00e9alisations montrent une dynamique r\u00e9solument engag\u00e9e vers une\u00a0<strong>transition \u00e9nerg\u00e9tique inclusive<\/strong>, mettant l\u2019accent sur l\u2019\u00e9quit\u00e9 territoriale et le d\u00e9veloppement \u00e9conomique des zones rurales.<\/p>\n<p>&nbsp;<\/p>\n<p>Aboubacar Moussa Camara<\/p>\n","protected":false},"excerpt":{"rendered":"<p>Seuls 53 % des Guin\u00e9ens\u00a0disposent aujourd\u2019hui d\u2019un acc\u00e8s \u00e0 l\u2019\u00e9lectricit\u00e9, le gouvernement multiplie les initiatives pour combler ce retard \u00e9nerg\u00e9tique qui freine encore la transformation \u00e9conomique du pays. Ce mercredi 26 novembre 2025, dans un r\u00e9ceptif h\u00f4telier \u00e0 Kaloum, le minist\u00e8re de l\u2019\u00c9nergie, le PNUD et l\u2019Agence Guin\u00e9enne pour l\u2019\u00c9lectrification Rurale (AGER) ont pr\u00e9sent\u00e9 aux [&hellip;]<\/p>\n","protected":false},"author":2,"featured_media":6183,"comment_status":"closed","ping_status":"closed","sticky":false,"template":"","format":"standard","meta":{"_jetpack_memberships_contains_paid_content":false,"footnotes":"","jetpack_publicize_message":"","jetpack_publicize_feature_enabled":true,"jetpack_social_post_already_shared":true,"jetpack_social_options":{"image_generator_settings":{"template":"highway","default_image_id":0,"font":"","enabled":false},"version":2}},"categories":[29,24],"tags":[1339,1340],"class_list":{"0":"post-6177","1":"post","2":"type-post","3":"status-publish","4":"format-standard","5":"has-post-thumbnail","7":"category-economie","8":"category-news","9":"tag-energie-solaire","10":"tag-table-ronde"},"jetpack_publicize_connections":[],"jetpack_featured_media_url":"https:\/\/ledenonciateur224.com\/wp-content\/uploads\/2025\/11\/fb-img-1764187089276.jpg","jetpack_sharing_enabled":true,"_links":{"self":[{"href":"https:\/\/ledenonciateur224.com\/index.php\/wp-json\/wp\/v2\/posts\/6177","targetHints":{"allow":["GET"]}}],"collection":[{"href":"https:\/\/ledenonciateur224.com\/index.php\/wp-json\/wp\/v2\/posts"}],"about":[{"href":"https:\/\/ledenonciateur224.com\/index.php\/wp-json\/wp\/v2\/types\/post"}],"author":[{"embeddable":true,"href":"https:\/\/ledenonciateur224.com\/index.php\/wp-json\/wp\/v2\/users\/2"}],"replies":[{"embeddable":true,"href":"https:\/\/ledenonciateur224.com\/index.php\/wp-json\/wp\/v2\/comments?post=6177"}],"version-history":[{"count":0,"href":"https:\/\/ledenonciateur224.com\/index.php\/wp-json\/wp\/v2\/posts\/6177\/revisions"}],"wp:featuredmedia":[{"embeddable":true,"href":"https:\/\/ledenonciateur224.com\/index.php\/wp-json\/wp\/v2\/media\/6183"}],"wp:attachment":[{"href":"https:\/\/ledenonciateur224.com\/index.php\/wp-json\/wp\/v2\/media?parent=6177"}],"wp:term":[{"taxonomy":"category","embeddable":true,"href":"https:\/\/ledenonciateur224.com\/index.php\/wp-json\/wp\/v2\/categories?post=6177"},{"taxonomy":"post_tag","embeddable":true,"href":"https:\/\/ledenonciateur224.com\/index.php\/wp-json\/wp\/v2\/tags?post=6177"}],"curies":[{"name":"wp","href":"https:\/\/api.w.org\/{rel}","templated":true}]}}