{"id":6185,"date":"2025-11-26T20:27:42","date_gmt":"2025-11-26T20:27:42","guid":{"rendered":"https:\/\/ledenonciateur224.com\/?p=6185"},"modified":"2025-11-26T20:27:42","modified_gmt":"2025-11-26T20:27:42","slug":"journees-nationales-de-la-qualite-la-guinee-fait-de-la-conformite-un-pilier-de-competitivite-et-de-protection-des-consommateurs","status":"publish","type":"post","link":"https:\/\/ledenonciateur224.com\/index.php\/journees-nationales-de-la-qualite-la-guinee-fait-de-la-conformite-un-pilier-de-competitivite-et-de-protection-des-consommateurs\/","title":{"rendered":"Journ\u00e9es nationales de la qualit\u00e9 : la Guin\u00e9e fait de la conformit\u00e9 un pilier de comp\u00e9titivit\u00e9 et de protection des consommateurs"},"content":{"rendered":"<p><span style=\"color: #111111;font-family: Roboto, sans-serif;font-size: 32px\">Le <\/span><strong style=\"color: #111111;font-family: Roboto, sans-serif;font-size: 32px\">minist\u00e8re du Commerce<\/strong><span style=\"color: #111111;font-family: Roboto, sans-serif;font-size: 32px\">, \u00e0 travers l\u2019<\/span><strong style=\"color: #111111;font-family: Roboto, sans-serif;font-size: 32px\">Office National de Contr\u00f4le de Qualit\u00e9 (ONCQ)<\/strong><span style=\"color: #111111;font-family: Roboto, sans-serif;font-size: 32px\">, a officiellement lanc\u00e9 ce mercredi 26 novembre 2025 les <\/span><strong style=\"color: #111111;font-family: Roboto, sans-serif;font-size: 32px\">Journ\u00e9es de portes ouvertes sur la qualit\u00e9<\/strong><span style=\"color: #111111;font-family: Roboto, sans-serif;font-size: 32px\">. L\u2019\u00e9v\u00e9nement, organis\u00e9 au <\/span><strong style=\"color: #111111;font-family: Roboto, sans-serif;font-size: 32px\">Palais du Peuple<\/strong><span style=\"color: #111111;font-family: Roboto, sans-serif;font-size: 32px\">, a r\u00e9uni membres du gouvernement, partenaires techniques et financiers, experts nationaux et internationaux autour d\u2019un th\u00e8me central :<\/span><\/p>\n<h1><strong>\u00ab La qualit\u00e9, le levier de comp\u00e9titivit\u00e9 et de protection des consommateurs \u00bb.<\/strong><\/h1>\n<p>Ce rendez-vous marque une \u00e9tape importante dans la volont\u00e9 des autorit\u00e9s d\u2019ancrer durablement la culture de la qualit\u00e9 au c\u0153ur des politiques publiques et des pratiques \u00e9conomiques en Guin\u00e9e.<\/p>\n<p><strong>Promouvoir la qualit\u00e9, un enjeu national<\/strong><\/p>\n<p><img loading=\"lazy\" decoding=\"async\" class=\"alignnone size-full wp-image-6186\" src=\"https:\/\/ledenonciateur224.com\/wp-content\/uploads\/2025\/11\/fb-img-1764188507365.jpg\" alt=\"\" width=\"762\" height=\"1080\" srcset=\"https:\/\/ledenonciateur224.com\/wp-content\/uploads\/2025\/11\/fb-img-1764188507365.jpg 762w, https:\/\/ledenonciateur224.com\/wp-content\/uploads\/2025\/11\/fb-img-1764188507365-212x300.jpg 212w, https:\/\/ledenonciateur224.com\/wp-content\/uploads\/2025\/11\/fb-img-1764188507365-722x1024.jpg 722w, https:\/\/ledenonciateur224.com\/wp-content\/uploads\/2025\/11\/fb-img-1764188507365-150x213.jpg 150w, https:\/\/ledenonciateur224.com\/wp-content\/uploads\/2025\/11\/fb-img-1764188507365-300x425.jpg 300w, https:\/\/ledenonciateur224.com\/wp-content\/uploads\/2025\/11\/fb-img-1764188507365-696x986.jpg 696w, https:\/\/ledenonciateur224.com\/wp-content\/uploads\/2025\/11\/fb-img-1764188507365-296x420.jpg 296w\" sizes=\"auto, (max-width: 762px) 100vw, 762px\" \/><\/p>\n<p>Dans son intervention, le Directeur g\u00e9n\u00e9ral de l\u2019ONCQ, <strong>Mohamed Kadiatou Sylla<\/strong>, a clairement d\u00e9fini les ambitions de ces journ\u00e9es :<br \/>\n<strong>\u00ab Les Journ\u00e9es Portes Ouvertes sur la Qualit\u00e9 (\u2026) visent trois objectifs essentiels : promouvoir la culture de la qualit\u00e9 aupr\u00e8s du grand public et des acteurs \u00e9conomiques ; renforcer la visibilit\u00e9 des missions (\u2026) de l\u2019ONCQ ; et favoriser le dialogue entre les institutions, le gouvernement, les op\u00e9rateurs \u00e9conomiques et les consommateurs autour de la question cruciale du contr\u00f4le de qualit\u00e9. \u00bb<\/strong><\/p>\n<p>Il a rappel\u00e9 que la qualit\u00e9 n\u2019est pas seulement une exigence technique, mais une vision structurante, indispensable \u00e0 la comp\u00e9titivit\u00e9 du pays :<br \/>\n<strong>\u00ab La qualit\u00e9 n\u2019est pas qu\u2019une norme, c\u2019est un \u00e9tat d\u2019esprit (\u2026) un gage de durabilit\u00e9 (\u2026) et un produit de qualit\u00e9 prot\u00e8ge le consommateur, valorise le producteur et honore la Nation. \u00bb<\/strong><\/p>\n<p><img loading=\"lazy\" decoding=\"async\" class=\"alignnone size-full wp-image-6187\" src=\"https:\/\/ledenonciateur224.com\/wp-content\/uploads\/2025\/11\/fb-img-1764188485838.jpg\" alt=\"\" width=\"1080\" height=\"720\" srcset=\"https:\/\/ledenonciateur224.com\/wp-content\/uploads\/2025\/11\/fb-img-1764188485838.jpg 1080w, https:\/\/ledenonciateur224.com\/wp-content\/uploads\/2025\/11\/fb-img-1764188485838-300x200.jpg 300w, https:\/\/ledenonciateur224.com\/wp-content\/uploads\/2025\/11\/fb-img-1764188485838-1024x683.jpg 1024w, https:\/\/ledenonciateur224.com\/wp-content\/uploads\/2025\/11\/fb-img-1764188485838-768x512.jpg 768w, https:\/\/ledenonciateur224.com\/wp-content\/uploads\/2025\/11\/fb-img-1764188485838-150x100.jpg 150w, https:\/\/ledenonciateur224.com\/wp-content\/uploads\/2025\/11\/fb-img-1764188485838-696x464.jpg 696w, https:\/\/ledenonciateur224.com\/wp-content\/uploads\/2025\/11\/fb-img-1764188485838-1068x712.jpg 1068w, https:\/\/ledenonciateur224.com\/wp-content\/uploads\/2025\/11\/fb-img-1764188485838-630x420.jpg 630w\" sizes=\"auto, (max-width: 1080px) 100vw, 1080px\" \/><\/p>\n<p>Le DG a \u00e9galement mis en avant les efforts engag\u00e9s par l\u2019ONCQ pour moderniser son fonctionnement :<br \/>\n\u2013 renforcement du laboratoire,<br \/>\n\u2013 d\u00e9centralisation des services de contr\u00f4le,<br \/>\n\u2013 formation continue des agents,<br \/>\n\u2013 am\u00e9lioration des outils et proc\u00e9dures.<\/p>\n<p>Ces \u00e9volutions doivent permettre, dit-il, de <strong>\u00ab garantir la conformit\u00e9, la s\u00e9curit\u00e9 et la fiabilit\u00e9 des produits consomm\u00e9s en Guin\u00e9e et \u00e0 l\u2019ext\u00e9rieur \u00bb.<\/strong><\/p>\n<p>Il a par ailleurs plaid\u00e9 pour <strong>institutionnaliser ces journ\u00e9es<\/strong>, estimant qu\u2019elles constituent <strong>\u00ab le d\u00e9but d\u2019une nouvelle dynamique \u00bb<\/strong>, essentielle pour la valorisation du label guin\u00e9en et la promotion de l\u2019excellence.<\/p>\n<p><strong>L\u2019avis des experts internationaux : renforcer la gouvernance de l\u2019infrastructure qualit\u00e9<\/strong><\/p>\n<p>Pr\u00e9sent en Guin\u00e9e, le Pr\u00e9sident du Conseil d\u2019Administration de la Soci\u00e9t\u00e9 Ouest Africaine d\u2019Accr\u00e9ditation, le Professeur <strong>Boubakry Ibaro<\/strong>, a salu\u00e9 l\u2019initiative tout en formulant des recommandations.<\/p>\n<p>Il appelle notamment \u00e0 une meilleure structuration de l\u2019infrastructure qualit\u00e9 :<br \/>\n<strong>\u00ab Ce que nous recommandons, c\u2019est au niveau de la gouvernance de cette infrastructure, qui est tr\u00e8s transversale (\u2026) avec les organes d\u2019inspection, de certification ainsi que les laboratoires, qui doivent (\u2026) garantir toute cette fiabilit\u00e9. \u00bb<\/strong><\/p>\n<p>Il a \u00e9galement insist\u00e9 sur la <strong>m\u00e9trologie<\/strong>, un volet crucial mais souvent n\u00e9glig\u00e9, rappelant que<br \/>\n<strong>\u00ab la science des mesures (\u2026) est au service de la protection des consommateurs \u00bb.<\/strong><\/p>\n<p>Pour lui, le consommateur doit rester au centre de toute d\u00e9marche :<br \/>\n<strong>\u00ab Le b\u00e9n\u00e9ficiaire direct, c\u2019est le consommateur : il doit \u00eatre rassur\u00e9, s\u00e9curis\u00e9 et prot\u00e9g\u00e9 (\u2026) par ce que nous consommons, mais \u00e9galement ce que nous produisons. \u00bb<\/strong><\/p>\n<p>Il a enfin illustr\u00e9 l\u2019importance de l\u2019infrastructure qualit\u00e9 en \u00e9voquant le secteur de la sant\u00e9, o\u00f9 <strong>la fiabilit\u00e9 des r\u00e9sultats d\u2019essais conditionne la qualit\u00e9 du diagnostic m\u00e9dical<\/strong>.<\/p>\n<h2><strong>Fatima Camara : \u00ab La qualit\u00e9, un pilier de la sant\u00e9 publique, du pouvoir d\u2019achat et de la cr\u00e9dibilit\u00e9 du pays \u00bb<\/strong><\/h2>\n<p><img loading=\"lazy\" decoding=\"async\" class=\"alignnone size-full wp-image-6188\" src=\"https:\/\/ledenonciateur224.com\/wp-content\/uploads\/2025\/11\/fb-img-1764188467719.jpg\" alt=\"\" width=\"1592\" height=\"2048\" srcset=\"https:\/\/ledenonciateur224.com\/wp-content\/uploads\/2025\/11\/fb-img-1764188467719.jpg 1592w, https:\/\/ledenonciateur224.com\/wp-content\/uploads\/2025\/11\/fb-img-1764188467719-233x300.jpg 233w, https:\/\/ledenonciateur224.com\/wp-content\/uploads\/2025\/11\/fb-img-1764188467719-796x1024.jpg 796w, https:\/\/ledenonciateur224.com\/wp-content\/uploads\/2025\/11\/fb-img-1764188467719-768x988.jpg 768w, https:\/\/ledenonciateur224.com\/wp-content\/uploads\/2025\/11\/fb-img-1764188467719-1194x1536.jpg 1194w, https:\/\/ledenonciateur224.com\/wp-content\/uploads\/2025\/11\/fb-img-1764188467719-150x193.jpg 150w, https:\/\/ledenonciateur224.com\/wp-content\/uploads\/2025\/11\/fb-img-1764188467719-300x386.jpg 300w, https:\/\/ledenonciateur224.com\/wp-content\/uploads\/2025\/11\/fb-img-1764188467719-696x895.jpg 696w, https:\/\/ledenonciateur224.com\/wp-content\/uploads\/2025\/11\/fb-img-1764188467719-1068x1374.jpg 1068w, https:\/\/ledenonciateur224.com\/wp-content\/uploads\/2025\/11\/fb-img-1764188467719-326x420.jpg 326w\" sizes=\"auto, (max-width: 1592px) 100vw, 1592px\" \/><\/p>\n<p>Repr\u00e9sentant le gouvernement, la ministre <strong>Fatima Camara<\/strong> a rappel\u00e9 que la qualit\u00e9 s\u2019inscrit au c\u0153ur du <strong>programme Simandou 2040<\/strong>, aux c\u00f4t\u00e9s d&rsquo;infrastructures modernes et d\u2019un environnement d\u2019affaires plus attractif.<\/p>\n<p>Elle a soulign\u00e9 les enjeux nationaux :<br \/>\n<strong>\u00ab La qualit\u00e9 des produits (\u2026) concerne la sant\u00e9 des familles, la protection du pouvoir d\u2019achat, la stabilit\u00e9 des march\u00e9s et la cr\u00e9dibilit\u00e9 du pays. \u00bb<\/strong><\/p>\n<p>Elle met en garde contre les risques li\u00e9s \u00e0 l\u2019absence de contr\u00f4le :<br \/>\n<strong>\u00ab Un aliment mal contr\u00f4l\u00e9, un produit de consommation douteux (\u2026) ab\u00eement la confiance des consommateurs (\u2026) et p\u00e8sent sur la r\u00e9putation nationale. \u00bb<\/strong><\/p>\n<p>Elle rappelle que la Guin\u00e9e dispose d\u00e9sormais d\u2019une <strong>loi alimentaire moderne<\/strong>, confiant \u00e0 l\u2019ONCQ un r\u00f4le cl\u00e9 de contr\u00f4le, d\u2019analyse, de veille et de conseil, sur l\u2019ensemble du territoire \u2013 fronti\u00e8res, march\u00e9s, entrep\u00f4ts et laboratoires.<\/p>\n<p><img loading=\"lazy\" decoding=\"async\" class=\"alignnone size-full wp-image-6189\" src=\"https:\/\/ledenonciateur224.com\/wp-content\/uploads\/2025\/11\/fb-img-1764188555492.jpg\" alt=\"\" width=\"1080\" height=\"720\" srcset=\"https:\/\/ledenonciateur224.com\/wp-content\/uploads\/2025\/11\/fb-img-1764188555492.jpg 1080w, https:\/\/ledenonciateur224.com\/wp-content\/uploads\/2025\/11\/fb-img-1764188555492-300x200.jpg 300w, https:\/\/ledenonciateur224.com\/wp-content\/uploads\/2025\/11\/fb-img-1764188555492-1024x683.jpg 1024w, https:\/\/ledenonciateur224.com\/wp-content\/uploads\/2025\/11\/fb-img-1764188555492-768x512.jpg 768w, https:\/\/ledenonciateur224.com\/wp-content\/uploads\/2025\/11\/fb-img-1764188555492-150x100.jpg 150w, https:\/\/ledenonciateur224.com\/wp-content\/uploads\/2025\/11\/fb-img-1764188555492-696x464.jpg 696w, https:\/\/ledenonciateur224.com\/wp-content\/uploads\/2025\/11\/fb-img-1764188555492-1068x712.jpg 1068w, https:\/\/ledenonciateur224.com\/wp-content\/uploads\/2025\/11\/fb-img-1764188555492-630x420.jpg 630w\" sizes=\"auto, (max-width: 1080px) 100vw, 1080px\" \/><\/p>\n<p>Ces journ\u00e9es permettent de <strong>mettre en lumi\u00e8re un travail souvent invisible<\/strong>, mais indispensable au bon fonctionnement des cha\u00eenes de valeur nationales.<\/p>\n<p>La ministre pr\u00e9cise :<br \/>\n<strong>\u00ab Le th\u00e8me choisi exprime une double ambition : la protection des Guin\u00e9ennes et Guin\u00e9ens (\u2026) et la comp\u00e9titivit\u00e9 de nos op\u00e9rateurs. \u00bb<\/strong><\/p>\n<h2><strong>Vers une institutionnalisation des Journ\u00e9es nationales de la qualit\u00e9<\/strong><\/h2>\n<p>En conclusion, Fatima Camara a affirm\u00e9 la volont\u00e9 du gouvernement de faire de cet \u00e9v\u00e9nement un <strong>rendez-vous annuel<\/strong>, permettant :<br \/>\n\u2013 d\u2019\u00e9valuer les progr\u00e8s,<br \/>\n\u2013 de valoriser les entreprises exemplaires,<br \/>\n\u2013 d\u2019identifier les faiblesses,<br \/>\n\u2013 de proposer des ajustements.<\/p>\n<p>Elle r\u00e9sume cette ambition :<br \/>\n<strong>\u00ab Ce rendez-vous devra permettre (\u2026) de dresser un bilan des progr\u00e8s accomplis, (\u2026) de mettre en lumi\u00e8re les op\u00e9rateurs qui font le choix de la qualit\u00e9 (\u2026) et de proposer des ajustements op\u00e9rationnels. \u00bb<\/strong><\/p>\n<p>&nbsp;<\/p>\n<p>Ledenonciateur224.com<\/p>\n","protected":false},"excerpt":{"rendered":"<p>Le minist\u00e8re du Commerce, \u00e0 travers l\u2019Office National de Contr\u00f4le de Qualit\u00e9 (ONCQ), a officiellement lanc\u00e9 ce mercredi 26 novembre 2025 les Journ\u00e9es de portes ouvertes sur la qualit\u00e9. L\u2019\u00e9v\u00e9nement, organis\u00e9 au Palais du Peuple, a r\u00e9uni membres du gouvernement, partenaires techniques et financiers, experts nationaux et internationaux autour d\u2019un th\u00e8me central : \u00ab La [&hellip;]<\/p>\n","protected":false},"author":2,"featured_media":6190,"comment_status":"closed","ping_status":"closed","sticky":false,"template":"","format":"standard","meta":{"_jetpack_memberships_contains_paid_content":false,"footnotes":"","jetpack_publicize_message":"","jetpack_publicize_feature_enabled":true,"jetpack_social_post_already_shared":true,"jetpack_social_options":{"image_generator_settings":{"template":"highway","default_image_id":0,"font":"","enabled":false},"version":2}},"categories":[29,24],"tags":[990,1341],"class_list":{"0":"post-6185","1":"post","2":"type-post","3":"status-publish","4":"format-standard","5":"has-post-thumbnail","7":"category-economie","8":"category-news","9":"tag-controle-de-qualite","10":"tag-loncq"},"jetpack_publicize_connections":[],"jetpack_featured_media_url":"https:\/\/ledenonciateur224.com\/wp-content\/uploads\/2025\/11\/fb-img-1764188567095.jpg","jetpack_sharing_enabled":true,"_links":{"self":[{"href":"https:\/\/ledenonciateur224.com\/index.php\/wp-json\/wp\/v2\/posts\/6185","targetHints":{"allow":["GET"]}}],"collection":[{"href":"https:\/\/ledenonciateur224.com\/index.php\/wp-json\/wp\/v2\/posts"}],"about":[{"href":"https:\/\/ledenonciateur224.com\/index.php\/wp-json\/wp\/v2\/types\/post"}],"author":[{"embeddable":true,"href":"https:\/\/ledenonciateur224.com\/index.php\/wp-json\/wp\/v2\/users\/2"}],"replies":[{"embeddable":true,"href":"https:\/\/ledenonciateur224.com\/index.php\/wp-json\/wp\/v2\/comments?post=6185"}],"version-history":[{"count":0,"href":"https:\/\/ledenonciateur224.com\/index.php\/wp-json\/wp\/v2\/posts\/6185\/revisions"}],"wp:featuredmedia":[{"embeddable":true,"href":"https:\/\/ledenonciateur224.com\/index.php\/wp-json\/wp\/v2\/media\/6190"}],"wp:attachment":[{"href":"https:\/\/ledenonciateur224.com\/index.php\/wp-json\/wp\/v2\/media?parent=6185"}],"wp:term":[{"taxonomy":"category","embeddable":true,"href":"https:\/\/ledenonciateur224.com\/index.php\/wp-json\/wp\/v2\/categories?post=6185"},{"taxonomy":"post_tag","embeddable":true,"href":"https:\/\/ledenonciateur224.com\/index.php\/wp-json\/wp\/v2\/tags?post=6185"}],"curies":[{"name":"wp","href":"https:\/\/api.w.org\/{rel}","templated":true}]}}