{"id":6205,"date":"2025-11-27T14:21:37","date_gmt":"2025-11-27T14:21:37","guid":{"rendered":"https:\/\/ledenonciateur224.com\/?p=6205"},"modified":"2025-11-27T14:21:37","modified_gmt":"2025-11-27T14:21:37","slug":"presidentielle-2025-la-cour-supreme-se-prepare-au-contentieux-electoral-avec-lappui-de-loif","status":"publish","type":"post","link":"https:\/\/ledenonciateur224.com\/index.php\/presidentielle-2025-la-cour-supreme-se-prepare-au-contentieux-electoral-avec-lappui-de-loif\/","title":{"rendered":"Pr\u00e9sidentielle 2025 : la Cour supr\u00eame se pr\u00e9pare au contentieux \u00e9lectoral avec l\u2019appui de l\u2019OIF"},"content":{"rendered":"<p>\u00c0 un mois de l\u2019\u00e9lection pr\u00e9sidentielle du <strong>28 d\u00e9cembre 2025<\/strong>, la Cour supr\u00eame de Guin\u00e9e a lanc\u00e9 ce jeudi 27 novembre \u00e0 Conakry un\u00a0<strong>atelier de renforcement des capacit\u00e9s sur le contentieux \u00e9lectoral<\/strong>, destin\u00e9 \u00e0 ses magistrats et greffiers. Organis\u00e9e avec le soutien de l\u2019<strong>Organisation internationale de la Francophonie (OIF)<\/strong>, cette session vise \u00e0 pr\u00e9parer l\u2019institution \u00e0 jouer pleinement son r\u00f4le dans ce scrutin historique, qui doit marquer le\u00a0<strong>retour du pays \u00e0 l\u2019ordre constitutionnel<\/strong>\u00a0apr\u00e8s plusieurs ann\u00e9es de transition militaire.<\/p>\n<h3>Dans son allocution d\u2019ouverture, le premier pr\u00e9sident de la Cour supr\u00eame,\u00a0<strong>Fod\u00e9 Bangoura<\/strong>, a soulign\u00e9 le caract\u00e8re crucial de ce rendez-vous \u00e9lectoral et l\u2019importance de la rigueur dans le traitement des futurs litiges \u00e9lectoraux.<\/h3>\n<p>Il a d\u2019abord tenu \u00e0 exprimer sa gratitude envers l\u2019OIF et les partenaires techniques mobilis\u00e9s :<\/p>\n<p><img loading=\"lazy\" decoding=\"async\" class=\"alignnone size-full wp-image-6206\" src=\"https:\/\/ledenonciateur224.com\/wp-content\/uploads\/2025\/11\/motion-photo-6564658918339244447.jpg\" alt=\"\" width=\"1280\" height=\"960\" srcset=\"https:\/\/ledenonciateur224.com\/wp-content\/uploads\/2025\/11\/motion-photo-6564658918339244447.jpg 1280w, https:\/\/ledenonciateur224.com\/wp-content\/uploads\/2025\/11\/motion-photo-6564658918339244447-300x225.jpg 300w, https:\/\/ledenonciateur224.com\/wp-content\/uploads\/2025\/11\/motion-photo-6564658918339244447-1024x768.jpg 1024w, https:\/\/ledenonciateur224.com\/wp-content\/uploads\/2025\/11\/motion-photo-6564658918339244447-768x576.jpg 768w, https:\/\/ledenonciateur224.com\/wp-content\/uploads\/2025\/11\/motion-photo-6564658918339244447-150x113.jpg 150w, https:\/\/ledenonciateur224.com\/wp-content\/uploads\/2025\/11\/motion-photo-6564658918339244447-696x522.jpg 696w, https:\/\/ledenonciateur224.com\/wp-content\/uploads\/2025\/11\/motion-photo-6564658918339244447-1068x801.jpg 1068w, https:\/\/ledenonciateur224.com\/wp-content\/uploads\/2025\/11\/motion-photo-6564658918339244447-560x420.jpg 560w, https:\/\/ledenonciateur224.com\/wp-content\/uploads\/2025\/11\/motion-photo-6564658918339244447-80x60.jpg 80w, https:\/\/ledenonciateur224.com\/wp-content\/uploads\/2025\/11\/motion-photo-6564658918339244447-265x198.jpg 265w\" sizes=\"auto, (max-width: 1280px) 100vw, 1280px\" \/><\/p>\n<p><em>\u00ab Permettez-moi d&rsquo;exprimer ma profonde gratitude \u00e0 l&rsquo;OIF et \u00e0 nos partenaires, pour l&rsquo;appui constant qu&rsquo;ils apportent au renforcement de l&rsquo;\u00c9tat de droit et de la justice dans notre pays. \u00bb<\/em><\/p>\n<p>Rappelant le contexte politique, Fod\u00e9 Bangoura a insist\u00e9 sur la port\u00e9e exceptionnelle de l\u2019\u00e9lection de d\u00e9cembre :<\/p>\n<p><em>\u00ab La Guin\u00e9e s&rsquo;appr\u00eate \u00e0 organiser une \u00e9lection pr\u00e9sidentielle qui rev\u00eat une port\u00e9e historique : celle du retour \u00e0 l&rsquo;ordre constitutionnel, apr\u00e8s une p\u00e9riode de transition ouverte le 5 septembre 2021. \u00bb<\/em><\/p>\n<p>Selon lui, la cr\u00e9dibilit\u00e9 du scrutin d\u00e9pendra de l\u2019engagement de toutes les institutions \u00e0 agir\u00a0<strong>avec rigueur, impartialit\u00e9 et professionnalisme<\/strong>.<\/p>\n<p>En tant que juridiction comp\u00e9tente pour trancher le contentieux \u00e9lectoral en dernier ressort, la Cour supr\u00eame porte, selon Bangoura, une responsabilit\u00e9 d\u00e9terminante :<\/p>\n<p><em>\u00ab Elle exige une ma\u00eetrise parfaite des normes constitutionnelles, l\u00e9gales et jurisprudentielles, ainsi qu\u2019une compr\u00e9hension approfondie des enjeux pratiques li\u00e9s \u00e0 l\u2019examen des recours. \u00bb<\/em><\/p>\n<p><img loading=\"lazy\" decoding=\"async\" class=\"alignnone size-full wp-image-6207\" src=\"https:\/\/ledenonciateur224.com\/wp-content\/uploads\/2025\/11\/img-20251127-wa0118.jpg\" alt=\"\" width=\"1020\" height=\"459\" srcset=\"https:\/\/ledenonciateur224.com\/wp-content\/uploads\/2025\/11\/img-20251127-wa0118.jpg 1020w, https:\/\/ledenonciateur224.com\/wp-content\/uploads\/2025\/11\/img-20251127-wa0118-300x135.jpg 300w, https:\/\/ledenonciateur224.com\/wp-content\/uploads\/2025\/11\/img-20251127-wa0118-768x346.jpg 768w, https:\/\/ledenonciateur224.com\/wp-content\/uploads\/2025\/11\/img-20251127-wa0118-150x68.jpg 150w, https:\/\/ledenonciateur224.com\/wp-content\/uploads\/2025\/11\/img-20251127-wa0118-696x313.jpg 696w, https:\/\/ledenonciateur224.com\/wp-content\/uploads\/2025\/11\/img-20251127-wa0118-933x420.jpg 933w\" sizes=\"auto, (max-width: 1020px) 100vw, 1020px\" \/><\/p>\n<p>L\u2019atelier vise pr\u00e9cis\u00e9ment \u00e0 harmoniser les pratiques, renforcer les comp\u00e9tences des magistrats et consolider la capacit\u00e9 de la Cour \u00e0 g\u00e9rer les litiges post-\u00e9lectoraux dans un climat de confiance.<\/p>\n<p>Le premier pr\u00e9sident a \u00e9galement salu\u00e9 la participation de deux experts reconnus :<\/p>\n<ul>\n<li><strong>Pr. Babacar Kant\u00e9<\/strong>, constitutionnaliste de renom dans l\u2019espace francophone<\/li>\n<li><strong>M. Claudy<\/strong>, expert de l\u2019OIF et de l\u2019Union europ\u00e9enne<\/li>\n<\/ul>\n<p>Leur expertise est appel\u00e9e \u00e0 enrichir les travaux, notamment \u00e0 travers l\u2019\u00e9tude de cas pratiques et la comparaison d\u2019exp\u00e9riences internationales.<\/p>\n<p>Fod\u00e9 Bangoura a rappel\u00e9 que la justice \u00e9lectorale est bien plus qu\u2019un ensemble de r\u00e8gles techniques : elle constitue un\u00a0<strong>pilier de la paix sociale<\/strong>, un garant de la\u00a0<strong>stabilit\u00e9 politique<\/strong>\u00a0et un fondement de la\u00a0<strong>confiance citoyenne<\/strong>.<\/p>\n<p><em>\u00ab Elle exige une attitude de neutralit\u00e9, de professionnalisme exemplaire et un sens aigu du devoir public. \u00bb<\/em><\/p>\n<p>En conclusion, il a r\u00e9affirm\u00e9 l\u2019engagement ferme de la Cour \u00e0 remplir son r\u00f4le conform\u00e9ment aux\u00a0<strong>valeurs r\u00e9publicaines<\/strong>, \u00e0 la\u00a0<strong>transparence<\/strong>\u00a0et au\u00a0<strong>droit<\/strong>, avant de d\u00e9clarer officiellement ouverts les travaux.<\/p>\n<p>&nbsp;<\/p>\n<p>N&rsquo;sira Tchappi Sylla<\/p>\n","protected":false},"excerpt":{"rendered":"<p>\u00c0 un mois de l\u2019\u00e9lection pr\u00e9sidentielle du 28 d\u00e9cembre 2025, la Cour supr\u00eame de Guin\u00e9e a lanc\u00e9 ce jeudi 27 novembre \u00e0 Conakry un\u00a0atelier de renforcement des capacit\u00e9s sur le contentieux \u00e9lectoral, destin\u00e9 \u00e0 ses magistrats et greffiers. Organis\u00e9e avec le soutien de l\u2019Organisation internationale de la Francophonie (OIF), cette session vise \u00e0 pr\u00e9parer l\u2019institution [&hellip;]<\/p>\n","protected":false},"author":2,"featured_media":6208,"comment_status":"closed","ping_status":"closed","sticky":false,"template":"","format":"standard","meta":{"_jetpack_memberships_contains_paid_content":false,"footnotes":"","jetpack_publicize_message":"","jetpack_publicize_feature_enabled":true,"jetpack_social_post_already_shared":true,"jetpack_social_options":{"image_generator_settings":{"template":"highway","default_image_id":0,"font":"","enabled":false},"version":2}},"categories":[30,24],"tags":[1185,189],"class_list":{"0":"post-6205","1":"post","2":"type-post","3":"status-publish","4":"format-standard","5":"has-post-thumbnail","7":"category-faits-divers","8":"category-news","9":"tag-cour-supreme","10":"tag-election-presidentielle"},"jetpack_publicize_connections":[],"jetpack_featured_media_url":"https:\/\/ledenonciateur224.com\/wp-content\/uploads\/2025\/11\/img-20251127-wa0116.jpg","jetpack_sharing_enabled":true,"_links":{"self":[{"href":"https:\/\/ledenonciateur224.com\/index.php\/wp-json\/wp\/v2\/posts\/6205","targetHints":{"allow":["GET"]}}],"collection":[{"href":"https:\/\/ledenonciateur224.com\/index.php\/wp-json\/wp\/v2\/posts"}],"about":[{"href":"https:\/\/ledenonciateur224.com\/index.php\/wp-json\/wp\/v2\/types\/post"}],"author":[{"embeddable":true,"href":"https:\/\/ledenonciateur224.com\/index.php\/wp-json\/wp\/v2\/users\/2"}],"replies":[{"embeddable":true,"href":"https:\/\/ledenonciateur224.com\/index.php\/wp-json\/wp\/v2\/comments?post=6205"}],"version-history":[{"count":0,"href":"https:\/\/ledenonciateur224.com\/index.php\/wp-json\/wp\/v2\/posts\/6205\/revisions"}],"wp:featuredmedia":[{"embeddable":true,"href":"https:\/\/ledenonciateur224.com\/index.php\/wp-json\/wp\/v2\/media\/6208"}],"wp:attachment":[{"href":"https:\/\/ledenonciateur224.com\/index.php\/wp-json\/wp\/v2\/media?parent=6205"}],"wp:term":[{"taxonomy":"category","embeddable":true,"href":"https:\/\/ledenonciateur224.com\/index.php\/wp-json\/wp\/v2\/categories?post=6205"},{"taxonomy":"post_tag","embeddable":true,"href":"https:\/\/ledenonciateur224.com\/index.php\/wp-json\/wp\/v2\/tags?post=6205"}],"curies":[{"name":"wp","href":"https:\/\/api.w.org\/{rel}","templated":true}]}}