{"id":621,"date":"2024-12-25T20:27:45","date_gmt":"2024-12-25T20:27:45","guid":{"rendered":"https:\/\/ledenonciateur224.com\/?p=621"},"modified":"2024-12-25T20:30:09","modified_gmt":"2024-12-25T20:30:09","slug":"celebration-de-noel-2024-le-president-mamadi-doumbouya-en-communion-avec-les-chretiens-de-guinee","status":"publish","type":"post","link":"https:\/\/ledenonciateur224.com\/index.php\/celebration-de-noel-2024-le-president-mamadi-doumbouya-en-communion-avec-les-chretiens-de-guinee\/","title":{"rendered":"F\u00eates de No\u00ebl : Le G\u00e9n\u00e9ral Mamadi Doumbouya en communion avec les chr\u00e9tiens de Guin\u00e9e"},"content":{"rendered":"<div dir=\"auto\">\n<div dir=\"auto\"><\/div>\n<div dir=\"auto\"><\/div>\n<div dir=\"auto\"><\/div>\n<div dir=\"auto\">Le mercredi 25 d\u00e9cembre 2024, Son Excellence le G\u00e9n\u00e9ral Mamadi Doumbouya a partag\u00e9 un moment de pri\u00e8re et de fraternit\u00e9 avec les fid\u00e8les chr\u00e9tiens, c\u00e9l\u00e9brant la naissance de J\u00e9sus-Christ et r\u00e9affirmant son engagement pour la paix et l&rsquo;unit\u00e9 nationale.<\/div>\n<div dir=\"auto\"><\/div>\n<div dir=\"auto\">Le mercredi 25 d\u00e9cembre 2024, \u00e0 l&rsquo;occasion de la f\u00eate de No\u00ebl, Son Excellence le G\u00e9n\u00e9ral Mamadi Doumbouya, Pr\u00e9sident de la R\u00e9publique et Chef de l\u2019\u00c9tat, a pris part \u00e0 une messe de No\u00ebl en communion avec les chr\u00e9tiens de Guin\u00e9e. Cette c\u00e9l\u00e9bration de la Nativit\u00e9 s\u2019est d\u00e9roul\u00e9e \u00e0 la Paroisse Anne Marie Javouhey de Nongo, dans une ambiance de recueillement et de ferveur spirituelle.<\/div>\n<\/div>\n<div dir=\"auto\"><\/div>\n<div dir=\"auto\"><img loading=\"lazy\" decoding=\"async\" class=\"alignnone size-medium wp-image-622\" src=\"https:\/\/ledenonciateur224.com\/wp-content\/uploads\/2024\/12\/fb-img-1735154962854-300x200.jpg\" alt=\"\" width=\"300\" height=\"200\" srcset=\"https:\/\/ledenonciateur224.com\/wp-content\/uploads\/2024\/12\/fb-img-1735154962854-300x200.jpg 300w, https:\/\/ledenonciateur224.com\/wp-content\/uploads\/2024\/12\/fb-img-1735154962854-1024x683.jpg 1024w, https:\/\/ledenonciateur224.com\/wp-content\/uploads\/2024\/12\/fb-img-1735154962854-768x512.jpg 768w, https:\/\/ledenonciateur224.com\/wp-content\/uploads\/2024\/12\/fb-img-1735154962854-150x100.jpg 150w, https:\/\/ledenonciateur224.com\/wp-content\/uploads\/2024\/12\/fb-img-1735154962854-696x464.jpg 696w, https:\/\/ledenonciateur224.com\/wp-content\/uploads\/2024\/12\/fb-img-1735154962854-1068x712.jpg 1068w, https:\/\/ledenonciateur224.com\/wp-content\/uploads\/2024\/12\/fb-img-1735154962854-630x420.jpg 630w, https:\/\/ledenonciateur224.com\/wp-content\/uploads\/2024\/12\/fb-img-1735154962854.jpg 1080w\" sizes=\"auto, (max-width: 300px) 100vw, 300px\" \/><\/div>\n<div dir=\"auto\">\n<div dir=\"auto\"><\/div>\n<div dir=\"auto\">Accompagn\u00e9 de plusieurs personnalit\u00e9s politiques, dont le Ministre Secr\u00e9taire G\u00e9n\u00e9ral de la Pr\u00e9sidence, le G\u00e9n\u00e9ral Amara Camara, le Ministre Directeur de Cabinet de la Pr\u00e9sidence, Djiba Diakit\u00e9, et le Ministre de l\u2019Agriculture et de l\u2019\u00c9levage, F\u00e9lix Lamah, le Pr\u00e9sident a partag\u00e9 un moment de pri\u00e8re avec les fid\u00e8les venus c\u00e9l\u00e9brer la naissance de J\u00e9sus-Christ, le R\u00e9dempteur.<\/div>\n<div dir=\"auto\"><\/div>\n<div dir=\"auto\">Cette c\u00e9r\u00e9monie a rev\u00eatu une signification particuli\u00e8re, notamment en raison de la participation du Pr\u00e9sident \u00e0 l\u2019Eucharistie, soulignant son engagement envers les valeurs chr\u00e9tiennes et son souhait de renforcer l&rsquo;unit\u00e9 nationale tout en respectant la la\u00efcit\u00e9 r\u00e9publicaine. \u00c0 travers sa pr\u00e9sence, il a r\u00e9affirm\u00e9 son soutien \u00e0 la paix et au vivre-ensemble, valeurs essentielles pour l&rsquo;avenir du pays.<\/div>\n<\/div>\n<div dir=\"auto\"><\/div>\n<div dir=\"auto\"><img loading=\"lazy\" decoding=\"async\" class=\"alignnone size-medium wp-image-623\" src=\"https:\/\/ledenonciateur224.com\/wp-content\/uploads\/2024\/12\/img-20241225-wa0153-200x300.jpg\" alt=\"\" width=\"200\" height=\"300\" srcset=\"https:\/\/ledenonciateur224.com\/wp-content\/uploads\/2024\/12\/img-20241225-wa0153-200x300.jpg 200w, https:\/\/ledenonciateur224.com\/wp-content\/uploads\/2024\/12\/img-20241225-wa0153-683x1024.jpg 683w, https:\/\/ledenonciateur224.com\/wp-content\/uploads\/2024\/12\/img-20241225-wa0153-768x1151.jpg 768w, https:\/\/ledenonciateur224.com\/wp-content\/uploads\/2024\/12\/img-20241225-wa0153-1025x1536.jpg 1025w, https:\/\/ledenonciateur224.com\/wp-content\/uploads\/2024\/12\/img-20241225-wa0153-150x225.jpg 150w, https:\/\/ledenonciateur224.com\/wp-content\/uploads\/2024\/12\/img-20241225-wa0153-300x450.jpg 300w, https:\/\/ledenonciateur224.com\/wp-content\/uploads\/2024\/12\/img-20241225-wa0153-696x1043.jpg 696w, https:\/\/ledenonciateur224.com\/wp-content\/uploads\/2024\/12\/img-20241225-wa0153-1068x1601.jpg 1068w, https:\/\/ledenonciateur224.com\/wp-content\/uploads\/2024\/12\/img-20241225-wa0153-280x420.jpg 280w, https:\/\/ledenonciateur224.com\/wp-content\/uploads\/2024\/12\/img-20241225-wa0153.jpg 1080w\" sizes=\"auto, (max-width: 200px) 100vw, 200px\" \/><\/div>\n<div dir=\"auto\"><\/div>\n<div dir=\"auto\">\n<div dir=\"auto\"><\/div>\n<div dir=\"auto\">Dans son hom\u00e9lie, le cur\u00e9 Jack Folly Sallessien a mis en lumi\u00e8re les valeurs de r\u00e9conciliation, de pardon et d\u2019amour du prochain, \u00e9l\u00e9ments centraux du message chr\u00e9tien. Il a exhort\u00e9 les Guin\u00e9ens \u00e0 surmonter l\u2019intol\u00e9rance et \u00e0 privil\u00e9gier les int\u00e9r\u00eats sup\u00e9rieurs de la R\u00e9publique. Le pr\u00eatre a \u00e9galement adress\u00e9 une pri\u00e8re pour le Pr\u00e9sident et pour la r\u00e9ussite de la refondation de l&rsquo;\u00c9tat, tout en implorant la paix et le progr\u00e8s pour la Nation. Il a insist\u00e9 sur la n\u00e9cessit\u00e9 d\u2019une unit\u00e9 et d\u2019une solidarit\u00e9 retrouv\u00e9es, au-del\u00e0 des diff\u00e9rences politiques ou religieuses.<\/div>\n<\/div>\n<div dir=\"auto\"><\/div>\n<div dir=\"auto\"><\/div>\n<div dir=\"auto\"><img loading=\"lazy\" decoding=\"async\" class=\"alignnone size-medium wp-image-624\" src=\"https:\/\/ledenonciateur224.com\/wp-content\/uploads\/2024\/12\/img-20241225-wa0143-300x200.jpg\" alt=\"\" width=\"300\" height=\"200\" srcset=\"https:\/\/ledenonciateur224.com\/wp-content\/uploads\/2024\/12\/img-20241225-wa0143-300x200.jpg 300w, https:\/\/ledenonciateur224.com\/wp-content\/uploads\/2024\/12\/img-20241225-wa0143-1024x683.jpg 1024w, https:\/\/ledenonciateur224.com\/wp-content\/uploads\/2024\/12\/img-20241225-wa0143-768x512.jpg 768w, https:\/\/ledenonciateur224.com\/wp-content\/uploads\/2024\/12\/img-20241225-wa0143-150x100.jpg 150w, https:\/\/ledenonciateur224.com\/wp-content\/uploads\/2024\/12\/img-20241225-wa0143-696x464.jpg 696w, https:\/\/ledenonciateur224.com\/wp-content\/uploads\/2024\/12\/img-20241225-wa0143-1068x712.jpg 1068w, https:\/\/ledenonciateur224.com\/wp-content\/uploads\/2024\/12\/img-20241225-wa0143-630x420.jpg 630w, https:\/\/ledenonciateur224.com\/wp-content\/uploads\/2024\/12\/img-20241225-wa0143.jpg 1080w\" sizes=\"auto, (max-width: 300px) 100vw, 300px\" \/><\/div>\n<div dir=\"auto\">\n<div dir=\"auto\"><\/div>\n<div dir=\"auto\">Au nom du Pr\u00e9sident de la R\u00e9publique, le Ministre F\u00e9lix Lamah a adress\u00e9 des v\u0153ux de paix et d\u2019unit\u00e9 aux chr\u00e9tiens de Guin\u00e9e. Il a \u00e9galement soulign\u00e9 l&rsquo;importance de la tol\u00e9rance pour b\u00e2tir une soci\u00e9t\u00e9 plus soud\u00e9e et plus prosp\u00e8re, tout en mettant en avant le programme strat\u00e9gique \u00ab Simandou 2040 \u00bb, destin\u00e9 \u00e0 assurer le d\u00e9veloppement durable du pays sur les 15 prochaines ann\u00e9es.<\/div>\n<div dir=\"auto\"><\/div>\n<div dir=\"auto\">Un autre moment symbolique de cette messe a \u00e9t\u00e9 le bapt\u00eame de quatre enfants, acte de renouveau spirituel auquel le Pr\u00e9sident a assist\u00e9. En saluant chaleureusement les nombreux fid\u00e8les pr\u00e9sents, le G\u00e9n\u00e9ral Mamadi Doumbouya a r\u00e9affirm\u00e9 son engagement \u00e0 \u0153uvrer pour le bien-\u00eatre de tous les Guin\u00e9ens, dans une Guin\u00e9e unie et pacifi\u00e9e.<\/div>\n<div dir=\"auto\"><\/div>\n<\/div>\n<div dir=\"auto\"><\/div>\n<div dir=\"auto\"><\/div>\n<div dir=\"auto\">\n<div dir=\"auto\"><\/div>\n<div dir=\"auto\"><\/div>\n<div dir=\"auto\">Ledenonciateur224.com<\/div>\n<div dir=\"auto\"><\/div>\n<\/div>\n<div dir=\"auto\"><\/div>\n","protected":false},"excerpt":{"rendered":"<p>Le mercredi 25 d\u00e9cembre 2024, Son Excellence le G\u00e9n\u00e9ral Mamadi Doumbouya a partag\u00e9 un moment de pri\u00e8re et de fraternit\u00e9 avec les fid\u00e8les chr\u00e9tiens, c\u00e9l\u00e9brant la naissance de J\u00e9sus-Christ et r\u00e9affirmant son engagement pour la paix et l&rsquo;unit\u00e9 nationale. Le mercredi 25 d\u00e9cembre 2024, \u00e0 l&rsquo;occasion de la f\u00eate de No\u00ebl, Son Excellence le G\u00e9n\u00e9ral [&hellip;]<\/p>\n","protected":false},"author":2,"featured_media":625,"comment_status":"open","ping_status":"open","sticky":false,"template":"","format":"standard","meta":{"_jetpack_memberships_contains_paid_content":false,"footnotes":"","jetpack_publicize_message":"","jetpack_publicize_feature_enabled":true,"jetpack_social_post_already_shared":false,"jetpack_social_options":{"image_generator_settings":{"template":"highway","default_image_id":0,"font":"","enabled":false},"version":2}},"categories":[30,24],"tags":[36,131,35],"class_list":{"0":"post-621","1":"post","2":"type-post","3":"status-publish","4":"format-standard","5":"has-post-thumbnail","7":"category-faits-divers","8":"category-news","9":"tag-conakry","10":"tag-fetes-de-noel","11":"tag-guinee"},"jetpack_publicize_connections":[],"jetpack_featured_media_url":"https:\/\/ledenonciateur224.com\/wp-content\/uploads\/2024\/12\/img-20241225-wa0155.jpg","jetpack_sharing_enabled":true,"_links":{"self":[{"href":"https:\/\/ledenonciateur224.com\/index.php\/wp-json\/wp\/v2\/posts\/621","targetHints":{"allow":["GET"]}}],"collection":[{"href":"https:\/\/ledenonciateur224.com\/index.php\/wp-json\/wp\/v2\/posts"}],"about":[{"href":"https:\/\/ledenonciateur224.com\/index.php\/wp-json\/wp\/v2\/types\/post"}],"author":[{"embeddable":true,"href":"https:\/\/ledenonciateur224.com\/index.php\/wp-json\/wp\/v2\/users\/2"}],"replies":[{"embeddable":true,"href":"https:\/\/ledenonciateur224.com\/index.php\/wp-json\/wp\/v2\/comments?post=621"}],"version-history":[{"count":0,"href":"https:\/\/ledenonciateur224.com\/index.php\/wp-json\/wp\/v2\/posts\/621\/revisions"}],"wp:featuredmedia":[{"embeddable":true,"href":"https:\/\/ledenonciateur224.com\/index.php\/wp-json\/wp\/v2\/media\/625"}],"wp:attachment":[{"href":"https:\/\/ledenonciateur224.com\/index.php\/wp-json\/wp\/v2\/media?parent=621"}],"wp:term":[{"taxonomy":"category","embeddable":true,"href":"https:\/\/ledenonciateur224.com\/index.php\/wp-json\/wp\/v2\/categories?post=621"},{"taxonomy":"post_tag","embeddable":true,"href":"https:\/\/ledenonciateur224.com\/index.php\/wp-json\/wp\/v2\/tags?post=621"}],"curies":[{"name":"wp","href":"https:\/\/api.w.org\/{rel}","templated":true}]}}