{"id":6210,"date":"2025-11-27T15:19:30","date_gmt":"2025-11-27T15:19:30","guid":{"rendered":"https:\/\/ledenonciateur224.com\/?p=6210"},"modified":"2025-11-27T15:19:30","modified_gmt":"2025-11-27T15:19:30","slug":"guinee-bissau-le-general-horta-ntam-prend-officiellement-la-tete-de-la-transition-pour-un-an","status":"publish","type":"post","link":"https:\/\/ledenonciateur224.com\/index.php\/guinee-bissau-le-general-horta-ntam-prend-officiellement-la-tete-de-la-transition-pour-un-an\/","title":{"rendered":"Guin\u00e9e-Bissau : le g\u00e9n\u00e9ral Horta N\u2019Tam prend officiellement la t\u00eate de la transition pour un an"},"content":{"rendered":"<p>Le g\u00e9n\u00e9ral <strong>Horta N\u2019Tam<\/strong>, ancien chef d\u2019\u00e9tat-major de l\u2019arm\u00e9e de terre, a \u00e9t\u00e9 officiellement investi ce jeudi 27 novembre comme <strong>pr\u00e9sident de la transition<\/strong> et chef du <strong>Haut commandement militaire<\/strong> charg\u00e9 de diriger la Guin\u00e9e-Bissau pendant une p\u00e9riode d\u2019un an. L\u2019annonce a \u00e9t\u00e9 faite au cours d\u2019une conf\u00e9rence de presse \u00e0 Bissau, au lendemain de la prise de contr\u00f4le totale du pays par les forces arm\u00e9es.<\/p>\n<h3><strong>Une investiture sous haute s\u00e9curit\u00e9<\/strong><\/h3>\n<p>Apr\u00e8s avoir pr\u00eat\u00e9 serment lors d\u2019une c\u00e9r\u00e9monie organis\u00e9e au si\u00e8ge de l\u2019\u00e9tat-major, le g\u00e9n\u00e9ral Horta N\u2019Tam a d\u00e9clar\u00e9 :<\/p>\n<p><em>\u00ab Je viens d\u2019\u00eatre investi pour assurer la direction du Haut commandement. \u00bb<\/em><\/p>\n<p>La c\u00e9r\u00e9monie, d\u00e9crite comme sobre et d\u00e9pouill\u00e9e, s\u2019est tenue sans hymne national, dans une salle de conf\u00e9rence de l\u2019\u00e9tat-major devenu d\u00e9sormais <strong>le nouveau centre du pouvoir<\/strong>, situ\u00e9 non loin du port de Bissau. Le dispositif s\u00e9curitaire avait \u00e9t\u00e9 significativement renforc\u00e9 pour l\u2019occasion.<\/p>\n<h3><strong>Un officier proche de l\u2019ancien pr\u00e9sident Embalo<\/strong><\/h3>\n<p>Figure connue au sein de l\u2019appareil militaire, Horta N\u2019Tam est pr\u00e9sent\u00e9 comme un <strong>proche du pr\u00e9sident sortant Umaro Cissoko Embalo<\/strong>, avec lequel il s\u2019est form\u00e9 \u00e0 l\u2019entr\u00e9e de ce dernier dans l\u2019arm\u00e9e. Sous la pr\u00e9sidence d\u2019Embalo, il avait \u00e9t\u00e9 promu au rang de <strong>major g\u00e9n\u00e9ral<\/strong>, consolidant ainsi son influence au sein de l\u2019arm\u00e9e.<\/p>\n<h3>Les trois branches des forces arm\u00e9es \u2013 <strong>terre, air et marine<\/strong> \u2013 ont conjointement proclam\u00e9 \u00ab <strong>l\u2019installation officielle<\/strong> \u00bb du g\u00e9n\u00e9ral Horta N\u2019Tam \u00e0 la t\u00eate de la transition. Le Haut commandement militaire exercera donc l\u2019ensemble des pr\u00e9rogatives de l\u2019\u00c9tat durant les douze prochains mois, p\u00e9riode cens\u00e9e pr\u00e9parer un retour \u00e0 la normalit\u00e9 institutionnelle.<\/h3>\n<p>&nbsp;<\/p>\n<p>Ledenonciateur224.com<\/p>\n","protected":false},"excerpt":{"rendered":"<p>Le g\u00e9n\u00e9ral Horta N\u2019Tam, ancien chef d\u2019\u00e9tat-major de l\u2019arm\u00e9e de terre, a \u00e9t\u00e9 officiellement investi ce jeudi 27 novembre comme pr\u00e9sident de la transition et chef du Haut commandement militaire charg\u00e9 de diriger la Guin\u00e9e-Bissau pendant une p\u00e9riode d\u2019un an. L\u2019annonce a \u00e9t\u00e9 faite au cours d\u2019une conf\u00e9rence de presse \u00e0 Bissau, au lendemain de [&hellip;]<\/p>\n","protected":false},"author":2,"featured_media":6211,"comment_status":"closed","ping_status":"closed","sticky":false,"template":"","format":"standard","meta":{"_jetpack_memberships_contains_paid_content":false,"footnotes":"","jetpack_publicize_message":"","jetpack_publicize_feature_enabled":true,"jetpack_social_post_already_shared":true,"jetpack_social_options":{"image_generator_settings":{"template":"highway","default_image_id":0,"font":"","enabled":false},"version":2}},"categories":[38,24],"tags":[1342,1345],"class_list":{"0":"post-6210","1":"post","2":"type-post","3":"status-publish","4":"format-standard","5":"has-post-thumbnail","7":"category-international","8":"category-news","9":"tag-bissau-guineens","10":"tag-investiture"},"jetpack_publicize_connections":[],"jetpack_featured_media_url":"https:\/\/ledenonciateur224.com\/wp-content\/uploads\/2025\/11\/fb-img-1764256490866.jpg","jetpack_sharing_enabled":true,"_links":{"self":[{"href":"https:\/\/ledenonciateur224.com\/index.php\/wp-json\/wp\/v2\/posts\/6210","targetHints":{"allow":["GET"]}}],"collection":[{"href":"https:\/\/ledenonciateur224.com\/index.php\/wp-json\/wp\/v2\/posts"}],"about":[{"href":"https:\/\/ledenonciateur224.com\/index.php\/wp-json\/wp\/v2\/types\/post"}],"author":[{"embeddable":true,"href":"https:\/\/ledenonciateur224.com\/index.php\/wp-json\/wp\/v2\/users\/2"}],"replies":[{"embeddable":true,"href":"https:\/\/ledenonciateur224.com\/index.php\/wp-json\/wp\/v2\/comments?post=6210"}],"version-history":[{"count":0,"href":"https:\/\/ledenonciateur224.com\/index.php\/wp-json\/wp\/v2\/posts\/6210\/revisions"}],"wp:featuredmedia":[{"embeddable":true,"href":"https:\/\/ledenonciateur224.com\/index.php\/wp-json\/wp\/v2\/media\/6211"}],"wp:attachment":[{"href":"https:\/\/ledenonciateur224.com\/index.php\/wp-json\/wp\/v2\/media?parent=6210"}],"wp:term":[{"taxonomy":"category","embeddable":true,"href":"https:\/\/ledenonciateur224.com\/index.php\/wp-json\/wp\/v2\/categories?post=6210"},{"taxonomy":"post_tag","embeddable":true,"href":"https:\/\/ledenonciateur224.com\/index.php\/wp-json\/wp\/v2\/tags?post=6210"}],"curies":[{"name":"wp","href":"https:\/\/api.w.org\/{rel}","templated":true}]}}