{"id":6248,"date":"2025-11-29T14:17:25","date_gmt":"2025-11-29T14:17:25","guid":{"rendered":"https:\/\/ledenonciateur224.com\/?p=6248"},"modified":"2025-11-29T14:17:25","modified_gmt":"2025-11-29T14:17:25","slug":"tanene-dubreka-long-developpement-pour-tous-forme-plusieurs-acteurs-locaux-a-la-preservation-de-lenvironnement","status":"publish","type":"post","link":"https:\/\/ledenonciateur224.com\/index.php\/tanene-dubreka-long-developpement-pour-tous-forme-plusieurs-acteurs-locaux-a-la-preservation-de-lenvironnement\/","title":{"rendered":"Tan\u00e9n\u00e9-Dubr\u00e9ka : l\u2019ONG D\u00e9veloppement Pour Tous forme plusieurs acteurs locaux \u00e0 la pr\u00e9servation de l\u2019environnement"},"content":{"rendered":"<p>L\u2019ONG D\u00e9veloppement Pour Tous a organis\u00e9, du 26 au 27 novembre 2025, une formation de deux jours \u00e0 l\u2019intention des acteurs locaux de la sous-pr\u00e9fecture de Tan\u00e9n\u00e9, dans la pr\u00e9fecture de Dubr\u00e9ka. Cet atelier s\u2019inscrit dans le cadre du projet Sauvegarde participative des Aires du Patrimoine Autochtones et Communautaires (APAC), financ\u00e9 par BirdLife International.<\/p>\n<p>Pendant ces deux jours, les participants ont \u00e9t\u00e9 form\u00e9s sur les bonnes pratiques de protection de l\u2019environnement. L\u2019objectif principal de cette initiative \u00e9tait d\u2019informer, de sensibiliser et de renforcer les capacit\u00e9s des acteurs communautaires face \u00e0 la forte d\u00e9gradation du couvert v\u00e9g\u00e9tal dans la localit\u00e9.<\/p>\n<p>Plusieurs th\u00e9matiques majeures, consid\u00e9r\u00e9es comme des pr\u00e9occupations prioritaires pour la communaut\u00e9, ont \u00e9t\u00e9 abord\u00e9es. Il s\u2019agit entre autres, la pr\u00e9vention, la sauvegarde, la lutte contre la d\u00e9gradation, la pollution, ainsi que la protection de l\u2019environnement. Ces sujets constituent non seulement des enjeux importants pour les populations locales, mais aussi pour les autorit\u00e9s sous-pr\u00e9fectorales et pr\u00e9fectorales.<\/p>\n<p>L\u2019atelier a \u00e9galement permis aux participants d\u2019\u00e9changer leurs exp\u00e9riences et de partager leurs connaissances sur les d\u00e9fis li\u00e9s \u00e0 la conservation de la nature, en mettant en avant le r\u00f4le crucial que les acteurs communautaires doivent jouer dans la pr\u00e9servation des \u00e9cosyst\u00e8mes.<\/p>\n<p>Les organisateurs, notamment l\u2019ONG D\u00e9veloppement Pour Tous avec l\u2019appui de BirdLife International, ont soulign\u00e9 l\u2019importance de ces deux jours de renforcement de capacit\u00e9s. Selon eux, cette formation a permis la population de Dubr\u00e9ka, et particuli\u00e8rement \u00e0 celle de Tan\u00e9n\u00e9, de mieux comprendre l\u2019importance de la sauvegarde et de la protection de l\u2019\u00e9cosyst\u00e8me en Guin\u00e9e.<\/p>\n<p>Ce renforcement de capacit\u00e9s s\u2019inscrit dans un vaste programme de 12 mois couvrant l\u2019ensemble de la Commune Rurale de Tan\u00e8n\u00e8 . Il regroupera 38 participants, qui b\u00e9n\u00e9ficieront chacun de deux jours de formation intensive. Ils seront outill\u00e9s sur les notions essentielles de protection de la nature afin de susciter une prise de conscience collective et d\u2019encourager un changement de comportement durable au sein des communaut\u00e9s.<br \/>\nLe coordinateur de l&rsquo;ONG a mis l&rsquo;occasion \u00e0 profit, pour remercier chaleureusement leur partenaire BirdLife International pour sa contribution financi\u00e8re et technique sans lesquelles, ce projet de pr\u00e9servation de l\u2019environnement dans la localit\u00e9 de Tan\u00e9n\u00e9, ne serait pas possible.<\/p>\n<p>&nbsp;<\/p>\n<p>Ledenonciateur224.com<\/p>\n","protected":false},"excerpt":{"rendered":"<p>L\u2019ONG D\u00e9veloppement Pour Tous a organis\u00e9, du 26 au 27 novembre 2025, une formation de deux jours \u00e0 l\u2019intention des acteurs locaux de la sous-pr\u00e9fecture de Tan\u00e9n\u00e9, dans la pr\u00e9fecture de Dubr\u00e9ka. Cet atelier s\u2019inscrit dans le cadre du projet Sauvegarde participative des Aires du Patrimoine Autochtones et Communautaires (APAC), financ\u00e9 par BirdLife International. Pendant [&hellip;]<\/p>\n","protected":false},"author":2,"featured_media":6249,"comment_status":"closed","ping_status":"closed","sticky":false,"template":"","format":"standard","meta":{"_jetpack_memberships_contains_paid_content":false,"footnotes":"","jetpack_publicize_message":"","jetpack_publicize_feature_enabled":true,"jetpack_social_post_already_shared":true,"jetpack_social_options":{"image_generator_settings":{"template":"highway","default_image_id":0,"font":"","enabled":false},"version":2}},"categories":[30,24],"tags":[1350,1080],"class_list":{"0":"post-6248","1":"post","2":"type-post","3":"status-publish","4":"format-standard","5":"has-post-thumbnail","7":"category-faits-divers","8":"category-news","9":"tag-developpement","10":"tag-environnement"},"jetpack_publicize_connections":[],"jetpack_featured_media_url":"https:\/\/ledenonciateur224.com\/wp-content\/uploads\/2025\/11\/img-20251129-wa0105.jpg","jetpack_sharing_enabled":true,"_links":{"self":[{"href":"https:\/\/ledenonciateur224.com\/index.php\/wp-json\/wp\/v2\/posts\/6248","targetHints":{"allow":["GET"]}}],"collection":[{"href":"https:\/\/ledenonciateur224.com\/index.php\/wp-json\/wp\/v2\/posts"}],"about":[{"href":"https:\/\/ledenonciateur224.com\/index.php\/wp-json\/wp\/v2\/types\/post"}],"author":[{"embeddable":true,"href":"https:\/\/ledenonciateur224.com\/index.php\/wp-json\/wp\/v2\/users\/2"}],"replies":[{"embeddable":true,"href":"https:\/\/ledenonciateur224.com\/index.php\/wp-json\/wp\/v2\/comments?post=6248"}],"version-history":[{"count":1,"href":"https:\/\/ledenonciateur224.com\/index.php\/wp-json\/wp\/v2\/posts\/6248\/revisions"}],"predecessor-version":[{"id":6250,"href":"https:\/\/ledenonciateur224.com\/index.php\/wp-json\/wp\/v2\/posts\/6248\/revisions\/6250"}],"wp:featuredmedia":[{"embeddable":true,"href":"https:\/\/ledenonciateur224.com\/index.php\/wp-json\/wp\/v2\/media\/6249"}],"wp:attachment":[{"href":"https:\/\/ledenonciateur224.com\/index.php\/wp-json\/wp\/v2\/media?parent=6248"}],"wp:term":[{"taxonomy":"category","embeddable":true,"href":"https:\/\/ledenonciateur224.com\/index.php\/wp-json\/wp\/v2\/categories?post=6248"},{"taxonomy":"post_tag","embeddable":true,"href":"https:\/\/ledenonciateur224.com\/index.php\/wp-json\/wp\/v2\/tags?post=6248"}],"curies":[{"name":"wp","href":"https:\/\/api.w.org\/{rel}","templated":true}]}}