{"id":6262,"date":"2025-11-30T16:07:34","date_gmt":"2025-11-30T16:07:34","guid":{"rendered":"https:\/\/ledenonciateur224.com\/?p=6262"},"modified":"2025-11-30T16:07:34","modified_gmt":"2025-11-30T16:07:34","slug":"lecture-du-saint-coran-a-gbessia-le-mouvement-payi-payi-mobilise-pour-la-paix-durant-la-campagne-electorale","status":"publish","type":"post","link":"https:\/\/ledenonciateur224.com\/index.php\/lecture-du-saint-coran-a-gbessia-le-mouvement-payi-payi-mobilise-pour-la-paix-durant-la-campagne-electorale\/","title":{"rendered":"Lecture du Saint Coran \u00e0 Gbessia : Le mouvement Payi Payi mobilise pour la paix durant la campagne \u00e9lectorale"},"content":{"rendered":"<p>Dans un climat politique marqu\u00e9 par l\u2019approche de l\u2019\u00e9lection pr\u00e9sidentielle pr\u00e9vue le 28 d\u00e9cembre prochain, le mouvement\u00a0<em>Payi Payi<\/em>, dirig\u00e9 par l\u2019artiste Fod\u00e9 F\u00e9kanyi Camara, a organis\u00e9 ce dimanche une lecture publique du Saint Coran. L\u2019objectif affich\u00e9 de cette mobilisation \u00e9tait de formuler des pri\u00e8res pour la stabilit\u00e9 du pays durant cette p\u00e9riode \u00e9lectorale particuli\u00e8rement sensible, ainsi que pour accompagner la candidature de Mamadi Doumbouya.<\/p>\n<p>La c\u00e9r\u00e9monie s\u2019est tenue dans la commune de Gbessia et a rassembl\u00e9 de nombreuses personnalit\u00e9s. Parmi elles figuraient notamment Alseny S\u00e9kou Bangoura, directeur de campagne pour la r\u00e9gion de Conakry, Baidy Aribo, ainsi que le chef du protocole du pr\u00e9sident Mamadi Doumbouya. Leur pr\u00e9sence a \u00e9t\u00e9 per\u00e7ue comme un signe d\u2019importance accord\u00e9e \u00e0 cette initiative spirituelle et communautaire.<\/p>\n<p>Au cours de l\u2019\u00e9v\u00e9nement, plusieurs lectures r\u00e9p\u00e9t\u00e9es du Saint Coran ont \u00e9t\u00e9 effectu\u00e9es par des ma\u00eetres coraniques et fid\u00e8les venus pour l\u2019occasion. Ces pri\u00e8res visaient non seulement \u00e0 implorer la paix et la coh\u00e9sion nationale, mais \u00e9galement \u00e0 invoquer des b\u00e9n\u00e9dictions pour la r\u00e9ussite du processus \u00e9lectoral.<\/p>\n<p>\u00c0 l\u2019issue de la c\u00e9r\u00e9monie, le coordinateur du mouvement, Fod\u00e9 F\u00e9kanyi Camara, a r\u00e9affirm\u00e9 son engagement et son soutien constant au candidat Mamadi Doumbouya, tout en rappelant l\u2019importance de pr\u00e9server l\u2019unit\u00e9 du pays durant cette p\u00e9riode d\u00e9terminante.<\/p>\n<p>&nbsp;<\/p>\n<p>Ledenonciateur224.com<\/p>\n","protected":false},"excerpt":{"rendered":"<p>Dans un climat politique marqu\u00e9 par l\u2019approche de l\u2019\u00e9lection pr\u00e9sidentielle pr\u00e9vue le 28 d\u00e9cembre prochain, le mouvement\u00a0Payi Payi, dirig\u00e9 par l\u2019artiste Fod\u00e9 F\u00e9kanyi Camara, a organis\u00e9 ce dimanche une lecture publique du Saint Coran. L\u2019objectif affich\u00e9 de cette mobilisation \u00e9tait de formuler des pri\u00e8res pour la stabilit\u00e9 du pays durant cette p\u00e9riode \u00e9lectorale particuli\u00e8rement sensible, [&hellip;]<\/p>\n","protected":false},"author":2,"featured_media":6263,"comment_status":"closed","ping_status":"closed","sticky":false,"template":"","format":"standard","meta":{"_jetpack_memberships_contains_paid_content":false,"footnotes":"","jetpack_publicize_message":"","jetpack_publicize_feature_enabled":true,"jetpack_social_post_already_shared":true,"jetpack_social_options":{"image_generator_settings":{"template":"highway","default_image_id":0,"font":"","enabled":false},"version":2}},"categories":[24,27],"tags":[1119,966],"class_list":{"0":"post-6262","1":"post","2":"type-post","3":"status-publish","4":"format-standard","5":"has-post-thumbnail","7":"category-news","8":"category-politique","9":"tag-campagne","10":"tag-presidentielle"},"jetpack_publicize_connections":[],"jetpack_featured_media_url":"https:\/\/ledenonciateur224.com\/wp-content\/uploads\/2025\/11\/fb-img-1764516019158.jpg","jetpack_sharing_enabled":true,"_links":{"self":[{"href":"https:\/\/ledenonciateur224.com\/index.php\/wp-json\/wp\/v2\/posts\/6262","targetHints":{"allow":["GET"]}}],"collection":[{"href":"https:\/\/ledenonciateur224.com\/index.php\/wp-json\/wp\/v2\/posts"}],"about":[{"href":"https:\/\/ledenonciateur224.com\/index.php\/wp-json\/wp\/v2\/types\/post"}],"author":[{"embeddable":true,"href":"https:\/\/ledenonciateur224.com\/index.php\/wp-json\/wp\/v2\/users\/2"}],"replies":[{"embeddable":true,"href":"https:\/\/ledenonciateur224.com\/index.php\/wp-json\/wp\/v2\/comments?post=6262"}],"version-history":[{"count":1,"href":"https:\/\/ledenonciateur224.com\/index.php\/wp-json\/wp\/v2\/posts\/6262\/revisions"}],"predecessor-version":[{"id":6264,"href":"https:\/\/ledenonciateur224.com\/index.php\/wp-json\/wp\/v2\/posts\/6262\/revisions\/6264"}],"wp:featuredmedia":[{"embeddable":true,"href":"https:\/\/ledenonciateur224.com\/index.php\/wp-json\/wp\/v2\/media\/6263"}],"wp:attachment":[{"href":"https:\/\/ledenonciateur224.com\/index.php\/wp-json\/wp\/v2\/media?parent=6262"}],"wp:term":[{"taxonomy":"category","embeddable":true,"href":"https:\/\/ledenonciateur224.com\/index.php\/wp-json\/wp\/v2\/categories?post=6262"},{"taxonomy":"post_tag","embeddable":true,"href":"https:\/\/ledenonciateur224.com\/index.php\/wp-json\/wp\/v2\/tags?post=6262"}],"curies":[{"name":"wp","href":"https:\/\/api.w.org\/{rel}","templated":true}]}}