{"id":6268,"date":"2025-11-30T21:01:01","date_gmt":"2025-11-30T21:01:01","guid":{"rendered":"https:\/\/ledenonciateur224.com\/?p=6268"},"modified":"2025-11-30T21:01:01","modified_gmt":"2025-11-30T21:01:01","slug":"presidentielle-2025-le-rgp-lance-officiellement-sa-campagne-a-conakry","status":"publish","type":"post","link":"https:\/\/ledenonciateur224.com\/index.php\/presidentielle-2025-le-rgp-lance-officiellement-sa-campagne-a-conakry\/","title":{"rendered":"Pr\u00e9sidentielle 2025 : Le RGP lance officiellement sa campagne \u00e0 Conakry"},"content":{"rendered":"<h3>Le <strong>Rassemblement pour une Guin\u00e9e Prosp\u00e8re (RGP)<\/strong>\u00a0a lanc\u00e9, ce week-end \u00e0 Conakry, les activit\u00e9s officielles de sa campagne pour l\u2019\u00e9lection pr\u00e9sidentielle du\u00a0<strong>28 d\u00e9cembre 2025<\/strong>. Ce premier grand rassemblement s\u2019est tenu au si\u00e8ge du parti \u00e0 Kissosso, dans la commune de Matoto, o\u00f9 militants et sympathisants se sont mobilis\u00e9s en nombre pour marquer leur adh\u00e9sion aux id\u00e9aux du RGP et \u00e0 la vision de son candidat,\u00a0<strong>Elhadj Bouna Ke\u00efta<\/strong>.<\/h3>\n<p>Au cours de son intervention, le candidat a d\u00e9voil\u00e9 les\u00a0<strong>axes majeurs de son projet de soci\u00e9t\u00e9<\/strong>, un programme qu\u2019il d\u00e9crit comme orient\u00e9 vers les secteurs cl\u00e9s du d\u00e9veloppement national. Il a insist\u00e9 sur la n\u00e9cessit\u00e9 de renforcer la formation, d\u2019acc\u00e9l\u00e9rer l\u2019industrialisation et de doter toutes les pr\u00e9fectures et communes du pays d\u2019<strong>infrastructures \u00e9ducatives et sanitaires modernes<\/strong>.<\/p>\n<p><img loading=\"lazy\" decoding=\"async\" class=\"alignnone size-full wp-image-6269\" src=\"https:\/\/ledenonciateur224.com\/wp-content\/uploads\/2025\/11\/screenshot-20251130-205535-facebook.jpg\" alt=\"\" width=\"621\" height=\"411\" srcset=\"https:\/\/ledenonciateur224.com\/wp-content\/uploads\/2025\/11\/screenshot-20251130-205535-facebook.jpg 621w, https:\/\/ledenonciateur224.com\/wp-content\/uploads\/2025\/11\/screenshot-20251130-205535-facebook-300x199.jpg 300w, https:\/\/ledenonciateur224.com\/wp-content\/uploads\/2025\/11\/screenshot-20251130-205535-facebook-150x99.jpg 150w\" sizes=\"auto, (max-width: 621px) 100vw, 621px\" \/><\/p>\n<p>Elhadj Bouna Ke\u00efta a \u00e9galement plac\u00e9 l\u2019<strong>agro-industrie<\/strong>\u00a0au c\u0153ur de ses priorit\u00e9s. Il propose notamment la cr\u00e9ation d\u2019une\u00a0<strong>banque destin\u00e9e \u00e0 soutenir les agriculteurs<\/strong>\u00a0ainsi que la mise en place d\u2019unit\u00e9s industrielles afin de g\u00e9n\u00e9rer des milliers d\u2019emplois pour les jeunes. Rappelant l\u2019h\u00e9ritage industriel de la Guin\u00e9e \u00e0 l\u2019\u00e9poque d\u2019Ahmed S\u00e9kou Tour\u00e9, il a exprim\u00e9 sa volont\u00e9 de redonner au pays une capacit\u00e9 industrielle solide, estimant qu\u2019\u00ab une centaine d\u2019industries employant chacune des dizaines de personnes transformeraient la vie de milliers de familles \u00bb.<\/p>\n<p><img loading=\"lazy\" decoding=\"async\" class=\"alignnone size-full wp-image-6270\" src=\"https:\/\/ledenonciateur224.com\/wp-content\/uploads\/2025\/11\/fb-img-1764535976547.jpg\" alt=\"\" width=\"1068\" height=\"1600\" srcset=\"https:\/\/ledenonciateur224.com\/wp-content\/uploads\/2025\/11\/fb-img-1764535976547.jpg 1068w, https:\/\/ledenonciateur224.com\/wp-content\/uploads\/2025\/11\/fb-img-1764535976547-200x300.jpg 200w, https:\/\/ledenonciateur224.com\/wp-content\/uploads\/2025\/11\/fb-img-1764535976547-684x1024.jpg 684w, https:\/\/ledenonciateur224.com\/wp-content\/uploads\/2025\/11\/fb-img-1764535976547-768x1151.jpg 768w, https:\/\/ledenonciateur224.com\/wp-content\/uploads\/2025\/11\/fb-img-1764535976547-1025x1536.jpg 1025w, https:\/\/ledenonciateur224.com\/wp-content\/uploads\/2025\/11\/fb-img-1764535976547-150x225.jpg 150w, https:\/\/ledenonciateur224.com\/wp-content\/uploads\/2025\/11\/fb-img-1764535976547-300x449.jpg 300w, https:\/\/ledenonciateur224.com\/wp-content\/uploads\/2025\/11\/fb-img-1764535976547-696x1043.jpg 696w, https:\/\/ledenonciateur224.com\/wp-content\/uploads\/2025\/11\/fb-img-1764535976547-280x420.jpg 280w\" sizes=\"auto, (max-width: 1068px) 100vw, 1068px\" \/><\/p>\n<p>Dans cette m\u00eame dynamique, le candidat entend investir dans la\u00a0<strong>relance des fili\u00e8res caf\u00e9 et cacao<\/strong>, avec l\u2019ambition de hisser la Guin\u00e9e parmi les principaux producteurs de la sous-r\u00e9gion ouest-africaine. Son programme inclut \u00e9galement l\u2019installation d\u2019usines textiles, le renforcement de l\u2019<strong>autonomisation des femmes<\/strong>, ainsi que le d\u00e9veloppement d\u2019infrastructures essentielles sur l\u2019ensemble du territoire.<\/p>\n<p>De son c\u00f4t\u00e9, le\u00a0<strong>Directeur de campagne du RGP<\/strong>\u00a0a rappel\u00e9 que leur projet politique repose sur une vision ax\u00e9e sur le\u00a0<strong>d\u00e9veloppement durable<\/strong>. Il a cit\u00e9 parmi les priorit\u00e9s la modernisation de l\u2019agriculture, de l\u2019\u00e9levage, de la p\u00eache, mais aussi des secteurs de l\u2019\u00e9ducation, de la sant\u00e9, de la jeunesse, de l\u2019emploi et de la valorisation du\u00a0<strong>potentiel minier<\/strong>\u00a0du pays.<\/p>\n<p><img loading=\"lazy\" decoding=\"async\" class=\"alignnone size-full wp-image-6271\" src=\"https:\/\/ledenonciateur224.com\/wp-content\/uploads\/2025\/11\/img-20251130-wa0055.jpg\" alt=\"\" width=\"768\" height=\"432\" srcset=\"https:\/\/ledenonciateur224.com\/wp-content\/uploads\/2025\/11\/img-20251130-wa0055.jpg 768w, https:\/\/ledenonciateur224.com\/wp-content\/uploads\/2025\/11\/img-20251130-wa0055-300x169.jpg 300w, https:\/\/ledenonciateur224.com\/wp-content\/uploads\/2025\/11\/img-20251130-wa0055-150x84.jpg 150w, https:\/\/ledenonciateur224.com\/wp-content\/uploads\/2025\/11\/img-20251130-wa0055-696x392.jpg 696w, https:\/\/ledenonciateur224.com\/wp-content\/uploads\/2025\/11\/img-20251130-wa0055-747x420.jpg 747w\" sizes=\"auto, (max-width: 768px) 100vw, 768px\" \/><\/p>\n<p>Selon lui, les retomb\u00e9es \u00e9conomiques g\u00e9n\u00e9r\u00e9es par ces transformations devraient permettre d\u2019investir massivement dans les infrastructures dont la Guin\u00e9e a besoin, \u00ab de Conakry \u00e0 Yomou \u00bb.<\/p>\n<p>En conclusion, la direction du RGP a pr\u00e9sent\u00e9 son candidat comme une figure capable de r\u00e9pondre aux attentes sociales et \u00e9conomiques du pays, tout en appelant les citoyens \u00e0 s\u2019impliquer pleinement dans le processus \u00e9lectoral pour l\u2019avenir de la nation.<\/p>\n<p>&nbsp;<\/p>\n<p>Aboubacar Moussa Camara<\/p>\n","protected":false},"excerpt":{"rendered":"<p>Le Rassemblement pour une Guin\u00e9e Prosp\u00e8re (RGP)\u00a0a lanc\u00e9, ce week-end \u00e0 Conakry, les activit\u00e9s officielles de sa campagne pour l\u2019\u00e9lection pr\u00e9sidentielle du\u00a028 d\u00e9cembre 2025. Ce premier grand rassemblement s\u2019est tenu au si\u00e8ge du parti \u00e0 Kissosso, dans la commune de Matoto, o\u00f9 militants et sympathisants se sont mobilis\u00e9s en nombre pour marquer leur adh\u00e9sion aux [&hellip;]<\/p>\n","protected":false},"author":2,"featured_media":6272,"comment_status":"closed","ping_status":"closed","sticky":false,"template":"","format":"standard","meta":{"_jetpack_memberships_contains_paid_content":false,"footnotes":"","jetpack_publicize_message":"","jetpack_publicize_feature_enabled":true,"jetpack_social_post_already_shared":true,"jetpack_social_options":{"image_generator_settings":{"template":"highway","default_image_id":0,"font":"","enabled":false},"version":2}},"categories":[24,27],"tags":[1119,966],"class_list":{"0":"post-6268","1":"post","2":"type-post","3":"status-publish","4":"format-standard","5":"has-post-thumbnail","7":"category-news","8":"category-politique","9":"tag-campagne","10":"tag-presidentielle"},"jetpack_publicize_connections":[],"jetpack_featured_media_url":"https:\/\/ledenonciateur224.com\/wp-content\/uploads\/2025\/11\/img-20251130-wa0049.jpg","jetpack_sharing_enabled":true,"_links":{"self":[{"href":"https:\/\/ledenonciateur224.com\/index.php\/wp-json\/wp\/v2\/posts\/6268","targetHints":{"allow":["GET"]}}],"collection":[{"href":"https:\/\/ledenonciateur224.com\/index.php\/wp-json\/wp\/v2\/posts"}],"about":[{"href":"https:\/\/ledenonciateur224.com\/index.php\/wp-json\/wp\/v2\/types\/post"}],"author":[{"embeddable":true,"href":"https:\/\/ledenonciateur224.com\/index.php\/wp-json\/wp\/v2\/users\/2"}],"replies":[{"embeddable":true,"href":"https:\/\/ledenonciateur224.com\/index.php\/wp-json\/wp\/v2\/comments?post=6268"}],"version-history":[{"count":1,"href":"https:\/\/ledenonciateur224.com\/index.php\/wp-json\/wp\/v2\/posts\/6268\/revisions"}],"predecessor-version":[{"id":6273,"href":"https:\/\/ledenonciateur224.com\/index.php\/wp-json\/wp\/v2\/posts\/6268\/revisions\/6273"}],"wp:featuredmedia":[{"embeddable":true,"href":"https:\/\/ledenonciateur224.com\/index.php\/wp-json\/wp\/v2\/media\/6272"}],"wp:attachment":[{"href":"https:\/\/ledenonciateur224.com\/index.php\/wp-json\/wp\/v2\/media?parent=6268"}],"wp:term":[{"taxonomy":"category","embeddable":true,"href":"https:\/\/ledenonciateur224.com\/index.php\/wp-json\/wp\/v2\/categories?post=6268"},{"taxonomy":"post_tag","embeddable":true,"href":"https:\/\/ledenonciateur224.com\/index.php\/wp-json\/wp\/v2\/tags?post=6268"}],"curies":[{"name":"wp","href":"https:\/\/api.w.org\/{rel}","templated":true}]}}