{"id":6276,"date":"2025-12-01T19:34:20","date_gmt":"2025-12-01T19:34:20","guid":{"rendered":"https:\/\/ledenonciateur224.com\/?p=6276"},"modified":"2025-12-01T19:34:20","modified_gmt":"2025-12-01T19:34:20","slug":"guinee-le-gouvernement-guineen-celebre-la-37-journee-de-lutte-contre-le-vih-sida","status":"publish","type":"post","link":"https:\/\/ledenonciateur224.com\/index.php\/guinee-le-gouvernement-guineen-celebre-la-37-journee-de-lutte-contre-le-vih-sida\/","title":{"rendered":"Guin\u00e9e : le Gouvernement guin\u00e9en c\u00e9l\u00e8bre la 37 journ\u00e9e de lutte contre le VIH SIDA"},"content":{"rendered":"<p><strong>Conakry, le 1er d\u00e9cembre 2025<\/strong> \u2013 Le Premier ministre <strong>Amadou Oury Bah<\/strong> a pr\u00e9sid\u00e9, dans un complexe h\u00f4telier de la capitale, la c\u00e9r\u00e9monie officielle de la <strong>37\u1d49 Journ\u00e9e mondiale de lutte contre le SIDA<\/strong>, plac\u00e9e cette ann\u00e9e sous le th\u00e8me :<br \/>\n<strong>\u00ab Surmonter les perturbations, transformer la riposte au SIDA \u00bb.<\/strong><\/p>\n<p>Cette journ\u00e9e, comm\u00e9mor\u00e9e \u00e0 travers le monde, constitue un moment fort de mobilisation, de sensibilisation et de solidarit\u00e9 envers les personnes vivant avec le VIH. Elle rappelle \u00e9galement l\u2019importance de poursuivre les efforts engag\u00e9s depuis plusieurs d\u00e9cennies pour mettre fin \u00e0 l\u2019\u00e9pid\u00e9mie.<\/p>\n<p>Dans son message, le Premier ministre a soulign\u00e9 que la c\u00e9l\u00e9bration de cette ann\u00e9e invite les \u00c9tats, les partenaires techniques et financiers, ainsi que les acteurs communautaires, \u00e0 <strong>raviver leur engagement<\/strong> et \u00e0 <strong>redoubler d\u2019efforts<\/strong> pour am\u00e9liorer la prise en charge et la pr\u00e9vention. Il a insist\u00e9 sur la n\u00e9cessit\u00e9 :<\/p>\n<ul>\n<li>d\u2019encourager <strong>l\u2019innovation<\/strong> dans les approches de soins,<\/li>\n<li>d\u2019<strong>int\u00e9grer les services li\u00e9s au VIH<\/strong> dans les programmes de sant\u00e9 existants,<\/li>\n<li>de <strong>combattre la stigmatisation<\/strong> et les discriminations dont sont encore victimes de nombreuses personnes,<\/li>\n<li>de lever les <strong>obstacles structurels<\/strong> qui freinent l\u2019acc\u00e8s aux soins et au traitement,<\/li>\n<li>et d\u2019<strong>intensifier la riposte<\/strong> au VIH, particuli\u00e8rement dans les r\u00e9gions les plus touch\u00e9es.<\/li>\n<\/ul>\n<p>La rencontre a \u00e9galement permis de rappeler que malgr\u00e9 les progr\u00e8s r\u00e9alis\u00e9s, le VIH demeure un d\u00e9fi majeur de sant\u00e9 publique. L\u2019implication de tous \u2014 autorit\u00e9s, professionnels de sant\u00e9, partenaires internationaux, communaut\u00e9s et citoyens \u2014 reste indispensable pour atteindre l\u2019objectif d\u2019une <strong>G\u00e9n\u00e9ration sans SIDA<\/strong>.<\/p>\n<p>&nbsp;<\/p>\n<p>Ledenonciateur224.com<\/p>\n","protected":false},"excerpt":{"rendered":"<p>Conakry, le 1er d\u00e9cembre 2025 \u2013 Le Premier ministre Amadou Oury Bah a pr\u00e9sid\u00e9, dans un complexe h\u00f4telier de la capitale, la c\u00e9r\u00e9monie officielle de la 37\u1d49 Journ\u00e9e mondiale de lutte contre le SIDA, plac\u00e9e cette ann\u00e9e sous le th\u00e8me : \u00ab Surmonter les perturbations, transformer la riposte au SIDA \u00bb. Cette journ\u00e9e, comm\u00e9mor\u00e9e \u00e0 [&hellip;]<\/p>\n","protected":false},"author":2,"featured_media":6277,"comment_status":"closed","ping_status":"closed","sticky":false,"template":"","format":"standard","meta":{"_jetpack_memberships_contains_paid_content":false,"footnotes":"","jetpack_publicize_message":"","jetpack_publicize_feature_enabled":true,"jetpack_social_post_already_shared":true,"jetpack_social_options":{"image_generator_settings":{"template":"highway","default_image_id":0,"font":"","enabled":false},"version":2}},"categories":[30,24],"tags":[1356,1355],"class_list":{"0":"post-6276","1":"post","2":"type-post","3":"status-publish","4":"format-standard","5":"has-post-thumbnail","7":"category-faits-divers","8":"category-news","9":"tag-lutte-contre-vih","10":"tag-sida"},"jetpack_publicize_connections":[],"jetpack_featured_media_url":"https:\/\/ledenonciateur224.com\/wp-content\/uploads\/2025\/12\/fb-img-1764617273276.jpg","jetpack_sharing_enabled":true,"_links":{"self":[{"href":"https:\/\/ledenonciateur224.com\/index.php\/wp-json\/wp\/v2\/posts\/6276","targetHints":{"allow":["GET"]}}],"collection":[{"href":"https:\/\/ledenonciateur224.com\/index.php\/wp-json\/wp\/v2\/posts"}],"about":[{"href":"https:\/\/ledenonciateur224.com\/index.php\/wp-json\/wp\/v2\/types\/post"}],"author":[{"embeddable":true,"href":"https:\/\/ledenonciateur224.com\/index.php\/wp-json\/wp\/v2\/users\/2"}],"replies":[{"embeddable":true,"href":"https:\/\/ledenonciateur224.com\/index.php\/wp-json\/wp\/v2\/comments?post=6276"}],"version-history":[{"count":1,"href":"https:\/\/ledenonciateur224.com\/index.php\/wp-json\/wp\/v2\/posts\/6276\/revisions"}],"predecessor-version":[{"id":6278,"href":"https:\/\/ledenonciateur224.com\/index.php\/wp-json\/wp\/v2\/posts\/6276\/revisions\/6278"}],"wp:featuredmedia":[{"embeddable":true,"href":"https:\/\/ledenonciateur224.com\/index.php\/wp-json\/wp\/v2\/media\/6277"}],"wp:attachment":[{"href":"https:\/\/ledenonciateur224.com\/index.php\/wp-json\/wp\/v2\/media?parent=6276"}],"wp:term":[{"taxonomy":"category","embeddable":true,"href":"https:\/\/ledenonciateur224.com\/index.php\/wp-json\/wp\/v2\/categories?post=6276"},{"taxonomy":"post_tag","embeddable":true,"href":"https:\/\/ledenonciateur224.com\/index.php\/wp-json\/wp\/v2\/tags?post=6276"}],"curies":[{"name":"wp","href":"https:\/\/api.w.org\/{rel}","templated":true}]}}