{"id":6279,"date":"2025-12-02T08:47:05","date_gmt":"2025-12-02T08:47:05","guid":{"rendered":"https:\/\/ledenonciateur224.com\/?p=6279"},"modified":"2025-12-02T08:47:05","modified_gmt":"2025-12-02T08:47:05","slug":"disparition-dabdoulaye-sow-le-mouvement-syndical-guineen-en-deuil","status":"publish","type":"post","link":"https:\/\/ledenonciateur224.com\/index.php\/disparition-dabdoulaye-sow-le-mouvement-syndical-guineen-en-deuil\/","title":{"rendered":"Disparition d\u2019Abdoulaye Sow : le mouvement syndical guin\u00e9en en deuil"},"content":{"rendered":"<p>La nouvelle est tomb\u00e9e comme un choc dans le paysage social guin\u00e9en. Abdoulaye Sow, pr\u00e9sident de l\u2019Union Syndicale des Travailleurs de Guin\u00e9e (USTG) et figure embl\u00e9matique du syndicalisme national, est d\u00e9c\u00e9d\u00e9 ce mardi 2 d\u00e9cembre 2025, des suites d\u2019une courte maladie, selon des sources confirm\u00e9es au sein de la FESABAG, o\u00f9 il occupait \u00e9galement le poste de secr\u00e9taire g\u00e9n\u00e9ral.<\/p>\n<p>Cette disparition soudaine laisse un vide immense au sein du mouvement syndical. Engag\u00e9 de longue date, Abdoulaye Sow aura marqu\u00e9 ces derni\u00e8res ann\u00e9es par son implication constante dans les luttes sociales, sa d\u00e9termination \u00e0 d\u00e9fendre les travailleurs et sa capacit\u00e9 \u00e0 rassembler autour des causes communes.<\/p>\n<p>Militant infatigable, n\u00e9gociateur respect\u00e9, il restera pour beaucoup un pilier du dialogue social en Guin\u00e9e. Sa mort endeuille profond\u00e9ment l\u2019ensemble des organisations syndicales et tous ceux qui reconnaissaient en lui une voix forte et courageuse au service des droits des travailleurs.<\/p>\n<p>&nbsp;<\/p>\n<p>Ledenonciateur224.com<\/p>\n","protected":false},"excerpt":{"rendered":"<p>La nouvelle est tomb\u00e9e comme un choc dans le paysage social guin\u00e9en. Abdoulaye Sow, pr\u00e9sident de l\u2019Union Syndicale des Travailleurs de Guin\u00e9e (USTG) et figure embl\u00e9matique du syndicalisme national, est d\u00e9c\u00e9d\u00e9 ce mardi 2 d\u00e9cembre 2025, des suites d\u2019une courte maladie, selon des sources confirm\u00e9es au sein de la FESABAG, o\u00f9 il occupait \u00e9galement le [&hellip;]<\/p>\n","protected":false},"author":2,"featured_media":6280,"comment_status":"closed","ping_status":"closed","sticky":false,"template":"","format":"standard","meta":{"_jetpack_memberships_contains_paid_content":false,"footnotes":"","jetpack_publicize_message":"","jetpack_publicize_feature_enabled":true,"jetpack_social_post_already_shared":true,"jetpack_social_options":{"image_generator_settings":{"template":"highway","default_image_id":0,"font":"","enabled":false},"version":2}},"categories":[30,24],"tags":[1357,1358],"class_list":{"0":"post-6279","1":"post","2":"type-post","3":"status-publish","4":"format-standard","5":"has-post-thumbnail","7":"category-faits-divers","8":"category-news","9":"tag-deces-abdoulaye-sow","10":"tag-ustg"},"jetpack_publicize_connections":[],"jetpack_featured_media_url":"https:\/\/ledenonciateur224.com\/wp-content\/uploads\/2025\/12\/abdoulaye-sow-slecg-ustg-60b7d0ae0845c-1.jpeg","jetpack_sharing_enabled":true,"_links":{"self":[{"href":"https:\/\/ledenonciateur224.com\/index.php\/wp-json\/wp\/v2\/posts\/6279","targetHints":{"allow":["GET"]}}],"collection":[{"href":"https:\/\/ledenonciateur224.com\/index.php\/wp-json\/wp\/v2\/posts"}],"about":[{"href":"https:\/\/ledenonciateur224.com\/index.php\/wp-json\/wp\/v2\/types\/post"}],"author":[{"embeddable":true,"href":"https:\/\/ledenonciateur224.com\/index.php\/wp-json\/wp\/v2\/users\/2"}],"replies":[{"embeddable":true,"href":"https:\/\/ledenonciateur224.com\/index.php\/wp-json\/wp\/v2\/comments?post=6279"}],"version-history":[{"count":1,"href":"https:\/\/ledenonciateur224.com\/index.php\/wp-json\/wp\/v2\/posts\/6279\/revisions"}],"predecessor-version":[{"id":6281,"href":"https:\/\/ledenonciateur224.com\/index.php\/wp-json\/wp\/v2\/posts\/6279\/revisions\/6281"}],"wp:featuredmedia":[{"embeddable":true,"href":"https:\/\/ledenonciateur224.com\/index.php\/wp-json\/wp\/v2\/media\/6280"}],"wp:attachment":[{"href":"https:\/\/ledenonciateur224.com\/index.php\/wp-json\/wp\/v2\/media?parent=6279"}],"wp:term":[{"taxonomy":"category","embeddable":true,"href":"https:\/\/ledenonciateur224.com\/index.php\/wp-json\/wp\/v2\/categories?post=6279"},{"taxonomy":"post_tag","embeddable":true,"href":"https:\/\/ledenonciateur224.com\/index.php\/wp-json\/wp\/v2\/tags?post=6279"}],"curies":[{"name":"wp","href":"https:\/\/api.w.org\/{rel}","templated":true}]}}