{"id":6288,"date":"2025-12-03T08:46:35","date_gmt":"2025-12-03T08:46:35","guid":{"rendered":"https:\/\/ledenonciateur224.com\/?p=6288"},"modified":"2025-12-03T08:46:35","modified_gmt":"2025-12-03T08:46:35","slug":"mamadi-doumbouya-lance-sa-campagne-bilan-visions-et-appel-a-une-nouvelle-guinee","status":"publish","type":"post","link":"https:\/\/ledenonciateur224.com\/index.php\/mamadi-doumbouya-lance-sa-campagne-bilan-visions-et-appel-a-une-nouvelle-guinee\/","title":{"rendered":"Mamadi Doumbouya lance sa campagne : bilan, visions et appel \u00e0 une \u201cNouvelle-Guin\u00e9e\u201d"},"content":{"rendered":"<p>Le candidat ind\u00e9pendant <strong>Mamadi Doumbouya<\/strong>, port\u00e9 par la mouvance\u00a0<strong>G\u00e9n\u00e9ration pour la Modernit\u00e9 et le D\u00e9veloppement (GMD)<\/strong>, a officiellement lanc\u00e9 sa campagne ce\u00a0<strong>mardi 2 d\u00e9cembre 2025<\/strong>, dans la perspective de l\u2019\u00e9lection pr\u00e9sidentielle pr\u00e9vue le\u00a0<strong>28 d\u00e9cembre prochain<\/strong>.<br \/>\nDans un\u00a0<strong>discours concis de six minutes<\/strong>, il a pr\u00e9sent\u00e9 son bilan ainsi que les grandes lignes de son projet de soci\u00e9t\u00e9.<\/p>\n<h3><strong>Un appel \u00e0 l\u2019unit\u00e9 et \u00e0 la stabilit\u00e9<\/strong><\/h3>\n<p>D\u00e8s l\u2019ouverture de son allocution, Mamadi Doumbouya a rappel\u00e9 la philosophie qui guide sa d\u00e9marche politique, fond\u00e9e selon lui sur \u00ab\u00a0<em>l\u2019amour de notre patrie et la volont\u00e9 de b\u00e2tir ensemble<\/em>\u00a0\u00bb.<br \/>\nIl affirme que sa vision place au c\u0153ur de l\u2019action publique la pr\u00e9servation du\u00a0<strong>vivre-ensemble<\/strong>, de la\u00a0<strong>paix sociale<\/strong>\u00a0et de la\u00a0<strong>stabilit\u00e9 nationale<\/strong>, qu\u2019il consid\u00e8re comme \u00ab\u00a0<em>l\u2019une des priorit\u00e9s de ma gouvernance<\/em>\u00a0\u00bb.<\/p>\n<h3><strong>Un bilan ax\u00e9 sur les infrastructures<\/strong><\/h3>\n<p>Le candidat est longuement revenu sur les r\u00e9alisations effectu\u00e9es durant les quatre derni\u00e8res ann\u00e9es.<br \/>\nIl cite notamment la construction de\u00a0<strong>plus de 1 000 km de routes bitum\u00e9es<\/strong>, ainsi que plusieurs ouvrages majeurs tels que :<\/p>\n<ul>\n<li>le\u00a0<strong>pont de Tan\u00e8n\u00e8<\/strong>\u00a0avec p\u00e9age sur le fleuve Soumba,<\/li>\n<li>l\u2019<strong>\u00e9changeur de Kagbelen<\/strong>,<\/li>\n<li>diverses infrastructures routi\u00e8res pr\u00e9sent\u00e9es comme structurantes pour la mobilit\u00e9 nationale.<\/li>\n<\/ul>\n<h3><strong>Avanc\u00e9es sociales : sant\u00e9, \u00e9ducation et couverture m\u00e9dicale<\/strong><\/h3>\n<p>Mamadi Doumbouya a \u00e9galement mis en avant les actions men\u00e9es dans le secteur social.<br \/>\nIl affirme que son administration a lanc\u00e9 la construction de\u00a0<strong>nouveaux h\u00f4pitaux<\/strong>\u00a0dans plusieurs r\u00e9gions et renforc\u00e9 les infrastructures \u00e9ducatives, citant notamment\u00a0<strong>l\u2019\u00e9cole Barry Diawadou de Dixinn<\/strong>.<br \/>\nConcernant la protection sociale, il rappelle l\u2019instauration d\u2019une prise en charge m\u00e9dicale \u00e0\u00a0<strong>80 % pour les fonctionnaires et les retrait\u00e9s<\/strong>.<\/p>\n<h3><strong>Lutte contre la corruption et restauration de l\u2019autorit\u00e9 de l\u2019\u00c9tat<\/strong><\/h3>\n<p>Fid\u00e8le \u00e0 son leitmotiv, il a r\u00e9it\u00e9r\u00e9 sa d\u00e9termination \u00e0 poursuivre la lutte contre la corruption :<br \/>\n<strong>\u00ab Ma main ne tremblera pas face \u00e0 la corruption \u00bb<\/strong>, a-t-il lanc\u00e9.<br \/>\nIl a \u00e9galement soulign\u00e9 la\u00a0<strong>restauration de l\u2019autorit\u00e9 de l\u2019\u00c9tat<\/strong>\u00a0comme un pilier de son action et un engagement qu\u2019il entend maintenir.<\/p>\n<h3><strong>Simandou 2040 : un moteur de souverainet\u00e9 \u00e9conomique<\/strong><\/h3>\n<p>\u00c9voquant le programme\u00a0<strong>Simandou 2040<\/strong>, Mamadi Doumbouya a pr\u00e9sent\u00e9 ce m\u00e9gaprojet minier comme un levier cl\u00e9 pour renforcer la souverainet\u00e9 \u00e9conomique du pays.<br \/>\nIl a rappel\u00e9 qu\u2019un\u00a0<strong>premier train du projet Simandou a siffl\u00e9 le 11 novembre \u00e0 Morebaya<\/strong>, marquant une \u00e9tape symbolique dans la mise en marche de cette initiative strat\u00e9gique.<\/p>\n<h3><strong>Agriculture, industrie et relance des entreprises<\/strong><\/h3>\n<p>Le candidat affirme que l\u2019agriculture et l\u2019industrie occupent une place centrale dans sa vision d\u2019un d\u00e9veloppement durable.<br \/>\nIl cite la relance de plusieurs structures, dont\u00a0<strong>Nimba Mining Company<\/strong>, la\u00a0<strong>Compagnie Transguin\u00e9enne (CTG)<\/strong>\u00a0et la\u00a0<strong>Banque Nationale d\u2019Investissement (BNIG)<\/strong>, qu\u2019il pr\u00e9sente comme des signaux forts de la volont\u00e9 de faire de la Guin\u00e9e \u00ab\u00a0<em>un pays \u00e9mergent<\/em>\u00a0\u00bb.<\/p>\n<h3><strong>Acc\u00e8s \u00e0 l\u2019eau et \u00e9lectrification<\/strong><\/h3>\n<p>Mamadi Doumbouya a insist\u00e9 sur l\u2019am\u00e9lioration de l\u2019acc\u00e8s \u00e0\u00a0<strong>l\u2019eau potable<\/strong>\u00a0et de l\u2019<strong>\u00e9lectrification<\/strong>\u00a0dans plusieurs localit\u00e9s du pays, avec l\u2019exemple notable de la ville de\u00a0<strong>Tougu\u00e9<\/strong>.<\/p>\n<h3><strong>Un appel \u00e0 l\u2019unit\u00e9 autour de la \u201cNouvelle-Guin\u00e9e\u201d<\/strong><\/h3>\n<p>Pour conclure, il a lanc\u00e9 un appel \u00e0 la mobilisation g\u00e9n\u00e9rale autour de sa vision d\u2019une\u00a0<strong>\u201cNouvelle-Guin\u00e9e\u201d<\/strong>, invitant chaque citoyen \u00e0 rejoindre la dynamique port\u00e9e par la GMD pour<br \/>\n<strong>\u00ab b\u00e2tir ensemble notre nation \u00bb.<\/strong><\/p>\n<p>&nbsp;<\/p>\n<p>Ledenonciateur224.com<\/p>\n","protected":false},"excerpt":{"rendered":"<p>Le candidat ind\u00e9pendant Mamadi Doumbouya, port\u00e9 par la mouvance\u00a0G\u00e9n\u00e9ration pour la Modernit\u00e9 et le D\u00e9veloppement (GMD), a officiellement lanc\u00e9 sa campagne ce\u00a0mardi 2 d\u00e9cembre 2025, dans la perspective de l\u2019\u00e9lection pr\u00e9sidentielle pr\u00e9vue le\u00a028 d\u00e9cembre prochain. Dans un\u00a0discours concis de six minutes, il a pr\u00e9sent\u00e9 son bilan ainsi que les grandes lignes de son projet de [&hellip;]<\/p>\n","protected":false},"author":2,"featured_media":6289,"comment_status":"closed","ping_status":"closed","sticky":false,"template":"","format":"standard","meta":{"_jetpack_memberships_contains_paid_content":false,"footnotes":"","jetpack_publicize_message":"","jetpack_publicize_feature_enabled":true,"jetpack_social_post_already_shared":true,"jetpack_social_options":{"image_generator_settings":{"template":"highway","default_image_id":0,"font":"","enabled":false},"version":2}},"categories":[24,27],"tags":[1361,1360],"class_list":{"0":"post-6288","1":"post","2":"type-post","3":"status-publish","4":"format-standard","5":"has-post-thumbnail","7":"category-news","8":"category-politique","9":"tag-campagne-presidentielle","10":"tag-candidat-mamadi-doumbouya"},"jetpack_publicize_connections":[],"jetpack_featured_media_url":"https:\/\/ledenonciateur224.com\/wp-content\/uploads\/2025\/12\/fb-img-1764751553779.jpg","jetpack_sharing_enabled":true,"_links":{"self":[{"href":"https:\/\/ledenonciateur224.com\/index.php\/wp-json\/wp\/v2\/posts\/6288","targetHints":{"allow":["GET"]}}],"collection":[{"href":"https:\/\/ledenonciateur224.com\/index.php\/wp-json\/wp\/v2\/posts"}],"about":[{"href":"https:\/\/ledenonciateur224.com\/index.php\/wp-json\/wp\/v2\/types\/post"}],"author":[{"embeddable":true,"href":"https:\/\/ledenonciateur224.com\/index.php\/wp-json\/wp\/v2\/users\/2"}],"replies":[{"embeddable":true,"href":"https:\/\/ledenonciateur224.com\/index.php\/wp-json\/wp\/v2\/comments?post=6288"}],"version-history":[{"count":1,"href":"https:\/\/ledenonciateur224.com\/index.php\/wp-json\/wp\/v2\/posts\/6288\/revisions"}],"predecessor-version":[{"id":6290,"href":"https:\/\/ledenonciateur224.com\/index.php\/wp-json\/wp\/v2\/posts\/6288\/revisions\/6290"}],"wp:featuredmedia":[{"embeddable":true,"href":"https:\/\/ledenonciateur224.com\/index.php\/wp-json\/wp\/v2\/media\/6289"}],"wp:attachment":[{"href":"https:\/\/ledenonciateur224.com\/index.php\/wp-json\/wp\/v2\/media?parent=6288"}],"wp:term":[{"taxonomy":"category","embeddable":true,"href":"https:\/\/ledenonciateur224.com\/index.php\/wp-json\/wp\/v2\/categories?post=6288"},{"taxonomy":"post_tag","embeddable":true,"href":"https:\/\/ledenonciateur224.com\/index.php\/wp-json\/wp\/v2\/tags?post=6288"}],"curies":[{"name":"wp","href":"https:\/\/api.w.org\/{rel}","templated":true}]}}