{"id":6291,"date":"2025-12-03T14:23:41","date_gmt":"2025-12-03T14:23:41","guid":{"rendered":"https:\/\/ledenonciateur224.com\/?p=6291"},"modified":"2025-12-03T14:23:41","modified_gmt":"2025-12-03T14:23:41","slug":"permis-minier-axis-le-ministere-des-mines-cherche-une-issue-mais-les-zones-dombre-persistent","status":"publish","type":"post","link":"https:\/\/ledenonciateur224.com\/index.php\/permis-minier-axis-le-ministere-des-mines-cherche-une-issue-mais-les-zones-dombre-persistent\/","title":{"rendered":"Permis minier Axis : le minist\u00e8re des Mines cherche une issue, mais les zones d\u2019ombre persistent"},"content":{"rendered":"<h1>Le dossier relatif \u00e0 l\u2019ex-permis minier Axis continue de susciter de vives interrogations. Selon un article r\u00e9cemment publi\u00e9 par l\u2019\u00e9quipe d\u2019Ahmed Kant\u00e9, la soci\u00e9t\u00e9 AGB2A-GIC envisagerait d\u00e9sormais de c\u00e9der une partie de ses droits li\u00e9s au permis Axis.<\/h1>\n<p>Cependant, des informations obtenues aupr\u00e8s de sources au minist\u00e8re des Mines laissent entendre que le d\u00e9partement travaille actuellement \u00e0 trouver une solution concernant le sort de ce permis, retir\u00e9 apr\u00e8s plusieurs ann\u00e9es de conflits. Le minist\u00e8re m\u00e8nerait des discussions avec les titulaires des diff\u00e9rents contrats d\u2019amodiation afin d\u2019identifier une voie de sortie \u00e0 la crise qui entoure ce dossier complexe.<\/p>\n<p>Il convient de rappeler que African Bauxite Corporation (ABC) est \u00e0 l\u2019origine des projets GBT et Axis, et qu\u2019elle y a engag\u00e9 des investissements importants pour conduire ces initiatives vers la phase de production.<\/p>\n<p>C\u2019est au moment de la construction des infrastructures qu\u2019Ahmed Kant\u00e9 a cr\u00e9\u00e9 la soci\u00e9t\u00e9 GIC, laquelle a progressivement remplac\u00e9 ABC au sein de la coentreprise avec SD Mining.<\/p>\n<p>Par la suite, Ahmed Kant\u00e9 aurait tent\u00e9 d\u2019\u00e9carter SD Mining du projet, provoquant un conflit suppl\u00e9mentaire et conduisant finalement \u00e0 une scission controvers\u00e9e du permis Axis, op\u00e9r\u00e9e en violation des proc\u00e9dures l\u00e9gales, selon plusieurs parties prenantes.<\/p>\n<p>Les comportements attribu\u00e9s \u00e0 M. Kant\u00e9 ont donn\u00e9 lieu \u00e0 trois proc\u00e9dures judiciaires.<\/p>\n<p>Dans deux d\u2019entre elles, le parquet a retenu des charges d\u2019abus de confiance, pour lesquelles M. Kant\u00e9 aurait \u00e9t\u00e9 reconnu coupable.<\/p>\n<p>La troisi\u00e8me affaire \u2014 selon nos informations \u2014 oppose l\u2019\u00c9tat guin\u00e9en \u00e0 Ahmed KANT\u00c9, ancien Directeur g\u00e9n\u00e9ral de la SOGUIPAMI, pour des faits pr\u00e9sum\u00e9s d\u2019abus de confiance commis lorsqu\u2019il dirigeait cette structure.<\/p>\n<p>Face aux multiples irr\u00e9gularit\u00e9s relev\u00e9es et au climat conflictuel entretenu autour du projet, le gouvernement a d\u00e9cid\u00e9 d\u2019annuler le permis Axis.<\/p>\n<p>Le minist\u00e8re des Mines cherche d\u00e9sormais une solution permettant de respecter les investissements r\u00e9alis\u00e9s tout en r\u00e9tablissant un cadre l\u00e9gal stable.<\/p>\n<p>Une t\u00e2che salu\u00e9e, mais jug\u00e9e extr\u00eamement complexe, compte tenu de l\u2019enchev\u00eatrement des int\u00e9r\u00eats et des litiges en cours.<\/p>\n<p>Mais plusieurs questions demeurent :<\/p>\n<p>\u2022 Le minist\u00e8re des Mines prend-il r\u00e9ellement en compte l\u2019ensemble des faits li\u00e9s au dossier ?<\/p>\n<p>\u2022 Les proc\u00e9dures judiciaires visant M. Kant\u00e9 sont-elles int\u00e9gr\u00e9es \u00e0 l\u2019analyse gouvernementale ?<\/p>\n<p>\u2022 Tous les investisseurs impliqu\u00e9s \u2014 notamment ABC \u2014 sont-ils consult\u00e9s \u00e9quitablement ?<\/p>\n<p>\u2022 Le processus est-il conduit de mani\u00e8re totalement transparente ?<\/p>\n<p>Dans cette optique, une demande d\u2019\u00e9claircissement a \u00e9t\u00e9 officiellement adress\u00e9e au minist\u00e8re.<\/p>\n<p>Une interrogation majeure persiste :<\/p>\n<p>Le minist\u00e8re envisage-t-il de r\u00e9attribuer le permis Axis \u00e0 un ancien ministre des Mines et ex-Directeur g\u00e9n\u00e9ral de la SOGUIPAMI, qui aurait utilis\u00e9 sa position pour intervenir dans les projets Axis, GBT et ER, avant d\u2019en devenir propri\u00e9taire ?<\/p>\n<p>\u00c0 ce stade, aucune r\u00e9ponse officielle n\u2019a \u00e9t\u00e9 fournie, mais la question alimente d\u00e9j\u00e0 de vifs d\u00e9bats au sein du secteur minier.<\/p>\n<p>&nbsp;<\/p>\n<p>Par Lansana Yansan\u00e9<\/p>\n","protected":false},"excerpt":{"rendered":"<p>Le dossier relatif \u00e0 l\u2019ex-permis minier Axis continue de susciter de vives interrogations. Selon un article r\u00e9cemment publi\u00e9 par l\u2019\u00e9quipe d\u2019Ahmed Kant\u00e9, la soci\u00e9t\u00e9 AGB2A-GIC envisagerait d\u00e9sormais de c\u00e9der une partie de ses droits li\u00e9s au permis Axis. Cependant, des informations obtenues aupr\u00e8s de sources au minist\u00e8re des Mines laissent entendre que le d\u00e9partement travaille [&hellip;]<\/p>\n","protected":false},"author":2,"featured_media":6292,"comment_status":"closed","ping_status":"closed","sticky":false,"template":"","format":"standard","meta":{"_jetpack_memberships_contains_paid_content":false,"footnotes":"","jetpack_publicize_message":"","jetpack_publicize_feature_enabled":true,"jetpack_social_post_already_shared":true,"jetpack_social_options":{"image_generator_settings":{"template":"highway","default_image_id":0,"font":"","enabled":false},"version":2}},"categories":[29,24],"tags":[1077,1362],"class_list":{"0":"post-6291","1":"post","2":"type-post","3":"status-publish","4":"format-standard","5":"has-post-thumbnail","7":"category-economie","8":"category-news","9":"tag-ahmed-kante","10":"tag-minier"},"jetpack_publicize_connections":[],"jetpack_featured_media_url":"https:\/\/ledenonciateur224.com\/wp-content\/uploads\/2025\/12\/d9270939-3619-4f5d-be23-f3654241aaf3-750x375-1.jpeg","jetpack_sharing_enabled":true,"_links":{"self":[{"href":"https:\/\/ledenonciateur224.com\/index.php\/wp-json\/wp\/v2\/posts\/6291","targetHints":{"allow":["GET"]}}],"collection":[{"href":"https:\/\/ledenonciateur224.com\/index.php\/wp-json\/wp\/v2\/posts"}],"about":[{"href":"https:\/\/ledenonciateur224.com\/index.php\/wp-json\/wp\/v2\/types\/post"}],"author":[{"embeddable":true,"href":"https:\/\/ledenonciateur224.com\/index.php\/wp-json\/wp\/v2\/users\/2"}],"replies":[{"embeddable":true,"href":"https:\/\/ledenonciateur224.com\/index.php\/wp-json\/wp\/v2\/comments?post=6291"}],"version-history":[{"count":1,"href":"https:\/\/ledenonciateur224.com\/index.php\/wp-json\/wp\/v2\/posts\/6291\/revisions"}],"predecessor-version":[{"id":6293,"href":"https:\/\/ledenonciateur224.com\/index.php\/wp-json\/wp\/v2\/posts\/6291\/revisions\/6293"}],"wp:featuredmedia":[{"embeddable":true,"href":"https:\/\/ledenonciateur224.com\/index.php\/wp-json\/wp\/v2\/media\/6292"}],"wp:attachment":[{"href":"https:\/\/ledenonciateur224.com\/index.php\/wp-json\/wp\/v2\/media?parent=6291"}],"wp:term":[{"taxonomy":"category","embeddable":true,"href":"https:\/\/ledenonciateur224.com\/index.php\/wp-json\/wp\/v2\/categories?post=6291"},{"taxonomy":"post_tag","embeddable":true,"href":"https:\/\/ledenonciateur224.com\/index.php\/wp-json\/wp\/v2\/tags?post=6291"}],"curies":[{"name":"wp","href":"https:\/\/api.w.org\/{rel}","templated":true}]}}