{"id":6294,"date":"2025-12-03T14:50:24","date_gmt":"2025-12-03T14:50:24","guid":{"rendered":"https:\/\/ledenonciateur224.com\/?p=6294"},"modified":"2025-12-03T14:50:24","modified_gmt":"2025-12-03T14:50:24","slug":"lutte-contre-linsalubrite-le-ministre-aboubacar-camara-echange-avec-les-autorites-locales","status":"publish","type":"post","link":"https:\/\/ledenonciateur224.com\/index.php\/lutte-contre-linsalubrite-le-ministre-aboubacar-camara-echange-avec-les-autorites-locales\/","title":{"rendered":"Lutte contre l\u2019insalubrit\u00e9 : le ministre Aboubacar Camara \u00e9change avec les autorit\u00e9s locales"},"content":{"rendered":"<p>Le minist\u00e8re de l\u2019Hydraulique et des Hydrocarbures a organis\u00e9, ce mercredi 3 d\u00e9cembre 2025, une journ\u00e9e d\u2019\u00e9changes consacr\u00e9e \u00e0 l\u2019assainissement de la ville de Conakry. Cette rencontre a r\u00e9uni les chefs de secteurs, les chefs de quartiers ainsi que les pr\u00e9sidents des d\u00e9l\u00e9gations sp\u00e9ciales, mobilis\u00e9s autour de la probl\u00e9matique de l\u2019insalubrit\u00e9.<\/p>\n<p><img loading=\"lazy\" decoding=\"async\" class=\"alignnone size-full wp-image-6295\" src=\"https:\/\/ledenonciateur224.com\/wp-content\/uploads\/2025\/12\/20251203-112904-scaled.jpg\" alt=\"\" width=\"2560\" height=\"1152\" srcset=\"https:\/\/ledenonciateur224.com\/wp-content\/uploads\/2025\/12\/20251203-112904-scaled.jpg 2560w, https:\/\/ledenonciateur224.com\/wp-content\/uploads\/2025\/12\/20251203-112904-300x135.jpg 300w, https:\/\/ledenonciateur224.com\/wp-content\/uploads\/2025\/12\/20251203-112904-1024x461.jpg 1024w, https:\/\/ledenonciateur224.com\/wp-content\/uploads\/2025\/12\/20251203-112904-768x346.jpg 768w, https:\/\/ledenonciateur224.com\/wp-content\/uploads\/2025\/12\/20251203-112904-1536x691.jpg 1536w, https:\/\/ledenonciateur224.com\/wp-content\/uploads\/2025\/12\/20251203-112904-2048x922.jpg 2048w, https:\/\/ledenonciateur224.com\/wp-content\/uploads\/2025\/12\/20251203-112904-150x68.jpg 150w, https:\/\/ledenonciateur224.com\/wp-content\/uploads\/2025\/12\/20251203-112904-696x313.jpg 696w, https:\/\/ledenonciateur224.com\/wp-content\/uploads\/2025\/12\/20251203-112904-1068x481.jpg 1068w, https:\/\/ledenonciateur224.com\/wp-content\/uploads\/2025\/12\/20251203-112904-1920x864.jpg 1920w, https:\/\/ledenonciateur224.com\/wp-content\/uploads\/2025\/12\/20251203-112904-933x420.jpg 933w\" sizes=\"auto, (max-width: 2560px) 100vw, 2560px\" \/><\/p>\n<p>Dans son intervention, le ministre Aboubacar Camara est longuement revenu sur les objectifs et la port\u00e9e de cette rencontre. Il a rappel\u00e9 que les discussions engag\u00e9es avec les diff\u00e9rents partenaires s\u2019inscrivent dans une d\u00e9marche structur\u00e9e visant \u00e0 mutualiser les efforts pour trouver\u00a0<strong>une solution durable \u00e0 l\u2019insalubrit\u00e9<\/strong>\u00a0qui touche la capitale.<\/p>\n<p>Selon lui, les travaux r\u00e9alis\u00e9s \u2014 notamment un audit exhaustif men\u00e9 avec les autorit\u00e9s locales et les partenaires \u2014 ont permis de dresser un diagnostic clair de la situation. D\u2019o\u00f9 la n\u00e9cessit\u00e9 de convoquer ceux qu\u2019il appelle\u00a0<em>\u00ab les soldats de l\u2019homme \u00bb<\/em>, c\u2019est-\u00e0-dire les repr\u00e9sentants de l\u2019\u00c9tat les plus proches des populations : chefs de quartiers, chefs de secteurs et responsables communautaires.<\/p>\n<p>Le ministre a annonc\u00e9 que des instructions fermes ont \u00e9t\u00e9 donn\u00e9es par le pr\u00e9sident de la R\u00e9publique :\u00a0<strong>sortir Conakry de l\u2019insalubrit\u00e9 en l\u2019espace de trois mois<\/strong>. Pour atteindre cet objectif ambitieux, le minist\u00e8re multiplie depuis plusieurs semaines les activit\u00e9s sur le terrain, les rencontres et les concertations afin d\u2019obtenir des solutions r\u00e9ellement partag\u00e9es.<\/p>\n<p>Il a insist\u00e9 sur la responsabilit\u00e9 des autorit\u00e9s locales :<\/p>\n<p><img loading=\"lazy\" decoding=\"async\" class=\"alignnone size-full wp-image-6296\" src=\"https:\/\/ledenonciateur224.com\/wp-content\/uploads\/2025\/12\/img-20251203-wa0102.jpg\" alt=\"\" width=\"2560\" height=\"1440\" srcset=\"https:\/\/ledenonciateur224.com\/wp-content\/uploads\/2025\/12\/img-20251203-wa0102.jpg 2560w, https:\/\/ledenonciateur224.com\/wp-content\/uploads\/2025\/12\/img-20251203-wa0102-300x169.jpg 300w, https:\/\/ledenonciateur224.com\/wp-content\/uploads\/2025\/12\/img-20251203-wa0102-1024x576.jpg 1024w, https:\/\/ledenonciateur224.com\/wp-content\/uploads\/2025\/12\/img-20251203-wa0102-768x432.jpg 768w, https:\/\/ledenonciateur224.com\/wp-content\/uploads\/2025\/12\/img-20251203-wa0102-1536x864.jpg 1536w, https:\/\/ledenonciateur224.com\/wp-content\/uploads\/2025\/12\/img-20251203-wa0102-2048x1152.jpg 2048w, https:\/\/ledenonciateur224.com\/wp-content\/uploads\/2025\/12\/img-20251203-wa0102-150x84.jpg 150w, https:\/\/ledenonciateur224.com\/wp-content\/uploads\/2025\/12\/img-20251203-wa0102-696x392.jpg 696w, https:\/\/ledenonciateur224.com\/wp-content\/uploads\/2025\/12\/img-20251203-wa0102-1068x601.jpg 1068w, https:\/\/ledenonciateur224.com\/wp-content\/uploads\/2025\/12\/img-20251203-wa0102-1920x1080.jpg 1920w, https:\/\/ledenonciateur224.com\/wp-content\/uploads\/2025\/12\/img-20251203-wa0102-747x420.jpg 747w\" sizes=\"auto, (max-width: 2560px) 100vw, 2560px\" \/><\/p>\n<p>\u00ab Il est inadmissible qu\u2019un chef de quartier ou un chef de secteur voie des citoyens jeter des ordures sur les trottoirs sans r\u00e9agir. \u00bb<\/p>\n<p>Le ministre a tenu \u00e0 remercier la gouverneure de Conakry, les cadres de l\u2019administration, les d\u00e9l\u00e9gations sp\u00e9ciales, ainsi que le directeur g\u00e9n\u00e9ral de l\u2019ANSP et son \u00e9quipe pour les efforts d\u00e9j\u00e0 fournis malgr\u00e9 des moyens limit\u00e9s.<\/p>\n<p>Il a \u00e9galement rappel\u00e9 que l\u2019assainissement ne d\u00e9pend pas seulement de moyens financiers, mais d\u2019abord\u00a0<strong>d\u2019une volont\u00e9 collective<\/strong>\u00a0:<\/p>\n<p>\u00ab La Guin\u00e9e, c\u2019est notre pays. Personne ne viendra assainir cette ville \u00e0 notre place. \u00bb<\/p>\n<p>Aboubacar Camara a appel\u00e9 \u00e0 des actions durables, d\u00e9passant les solutions ponctuelles ou superficielles :<\/p>\n<p>\u00ab Nous ne voulons pas mettre la b\u00e9tadine sur la plaie. Nous voulons des solutions d\u00e9finitives. \u00bb<\/p>\n<p>Il a soulign\u00e9 que la lutte contre l\u2019insalubrit\u00e9 implique l\u2019ensemble des acteurs : citoyens, autorit\u00e9s locales, PME, services comp\u00e9tents et \u00c9tat. L\u2019objectif : offrir un meilleur cadre de vie aux enfants, aujourd\u2019hui contraints de cohabiter avec les d\u00e9chets.<\/p>\n<p>Le ministre conclut en r\u00e9affirmant que cette bataille sera gagn\u00e9e :<\/p>\n<p>\u00ab Qu\u2019on le veuille ou non, il faut que nous trouvions une solution. Et elle sera trouv\u00e9e, de gr\u00e9 ou de force, pour mettre un terme \u00e0 l\u2019insalubrit\u00e9 \u00e0 Conakry. \u00bb<\/p>\n<p>&nbsp;<\/p>\n<p>Aboubacar Moussa Camara<\/p>\n<p>611 70 39 84<\/p>\n","protected":false},"excerpt":{"rendered":"<p>Le minist\u00e8re de l\u2019Hydraulique et des Hydrocarbures a organis\u00e9, ce mercredi 3 d\u00e9cembre 2025, une journ\u00e9e d\u2019\u00e9changes consacr\u00e9e \u00e0 l\u2019assainissement de la ville de Conakry. Cette rencontre a r\u00e9uni les chefs de secteurs, les chefs de quartiers ainsi que les pr\u00e9sidents des d\u00e9l\u00e9gations sp\u00e9ciales, mobilis\u00e9s autour de la probl\u00e9matique de l\u2019insalubrit\u00e9. Dans son intervention, le [&hellip;]<\/p>\n","protected":false},"author":2,"featured_media":6297,"comment_status":"closed","ping_status":"closed","sticky":false,"template":"","format":"standard","meta":{"_jetpack_memberships_contains_paid_content":false,"footnotes":"","jetpack_publicize_message":"","jetpack_publicize_feature_enabled":true,"jetpack_social_post_already_shared":true,"jetpack_social_options":{"image_generator_settings":{"template":"highway","default_image_id":0,"font":"","enabled":false},"version":2}},"categories":[30,24],"tags":[1070,1363],"class_list":{"0":"post-6294","1":"post","2":"type-post","3":"status-publish","4":"format-standard","5":"has-post-thumbnail","7":"category-faits-divers","8":"category-news","9":"tag-dechets-dangereux","10":"tag-insalubrite"},"jetpack_publicize_connections":[],"jetpack_featured_media_url":"https:\/\/ledenonciateur224.com\/wp-content\/uploads\/2025\/12\/img-20251203-wa0099.jpg","jetpack_sharing_enabled":true,"_links":{"self":[{"href":"https:\/\/ledenonciateur224.com\/index.php\/wp-json\/wp\/v2\/posts\/6294","targetHints":{"allow":["GET"]}}],"collection":[{"href":"https:\/\/ledenonciateur224.com\/index.php\/wp-json\/wp\/v2\/posts"}],"about":[{"href":"https:\/\/ledenonciateur224.com\/index.php\/wp-json\/wp\/v2\/types\/post"}],"author":[{"embeddable":true,"href":"https:\/\/ledenonciateur224.com\/index.php\/wp-json\/wp\/v2\/users\/2"}],"replies":[{"embeddable":true,"href":"https:\/\/ledenonciateur224.com\/index.php\/wp-json\/wp\/v2\/comments?post=6294"}],"version-history":[{"count":1,"href":"https:\/\/ledenonciateur224.com\/index.php\/wp-json\/wp\/v2\/posts\/6294\/revisions"}],"predecessor-version":[{"id":6298,"href":"https:\/\/ledenonciateur224.com\/index.php\/wp-json\/wp\/v2\/posts\/6294\/revisions\/6298"}],"wp:featuredmedia":[{"embeddable":true,"href":"https:\/\/ledenonciateur224.com\/index.php\/wp-json\/wp\/v2\/media\/6297"}],"wp:attachment":[{"href":"https:\/\/ledenonciateur224.com\/index.php\/wp-json\/wp\/v2\/media?parent=6294"}],"wp:term":[{"taxonomy":"category","embeddable":true,"href":"https:\/\/ledenonciateur224.com\/index.php\/wp-json\/wp\/v2\/categories?post=6294"},{"taxonomy":"post_tag","embeddable":true,"href":"https:\/\/ledenonciateur224.com\/index.php\/wp-json\/wp\/v2\/tags?post=6294"}],"curies":[{"name":"wp","href":"https:\/\/api.w.org\/{rel}","templated":true}]}}